{"id":87427,"date":"2025-05-25T07:52:07","date_gmt":"2025-05-25T10:52:07","guid":{"rendered":"https:\/\/noticiasbahia360.com.br\/?p=87427"},"modified":"2025-05-25T07:52:07","modified_gmt":"2025-05-25T10:52:07","slug":"mutuipe-durante-visita-apos-separacao-pai-mata-filho-de-3-anos-e-tira-propria-vida","status":"publish","type":"post","link":"https:\/\/noticiasbahia360.com.br\/?p=87427","title":{"rendered":"Mutu\u00edpe: durante visita ap\u00f3s separa\u00e7\u00e3o, pai mata filho de 3 anos e tira pr\u00f3pria vida"},"content":{"rendered":"<div>\n<div>\n<figure><img decoding=\"async\" src=\"http:\/\/noticiasbahia360.com.br\/wp-content\/uploads\/2025\/05\/nkzpMEIR-Mutuipe-ft-Blog-do-Valente.webp\" alt=\"pai mata filho e se mata\"><figcaption>Foto: Reprodu\u00e7\u00e3o\/Blog do Valente<\/figcaption><\/figure>\n<\/div>\n<p>Uma trag\u00e9dia abalou o munic\u00edpio de Mutu\u00edpe, no <a href=\"https:\/\/www.acordacidade.com.br\/tag\/vale-do-jiquirica-2\/\">Vale do Jiquiri\u00e7\u00e1<\/a>, no \u00faltimo s\u00e1bado (24). Um homem matou o pr\u00f3prio filho, de 3 anos, durante o per\u00edodo em que a crian\u00e7a estava sob sua guarda, fruto de um acordo de visitas ap\u00f3s o fim do relacionamento com a m\u00e3e, encerrado h\u00e1 cerca de tr\u00eas meses. Ap\u00f3s cometer o crime, ele tirou a pr\u00f3pria vida.<\/p>\n<p>As equipes da Pol\u00edcia Civil e do Departamento de Pol\u00edcia T\u00e9cnica (DPT) foram acionadas para realizar os primeiros levantamentos no local. Segundo o Blog do Valente, parceiro do Acorda Cidade, as investiga\u00e7\u00f5es seguem para explicar os detalhes e a motiva\u00e7\u00e3o da trag\u00e9dia, que teria sido motivada pela n\u00e3o aceita\u00e7\u00e3o do fim do relacionamento por parte do autor.<\/p>\n<p><em>Siga o Acorda Cidade no<\/em><a href=\"https:\/\/news.google.com\/search?q=acorda%20cidade&amp;hl=pt-BR&amp;gl=BR&amp;ceid=BR%3Apt-419\"><strong><em>\u00a0Google Not\u00edcias<\/em><\/strong><\/a><em>\u00a0e receba os principais destaques do dia. Participe tamb\u00e9m dos nossos canais no\u00a0<\/em><a href=\"https:\/\/www.whatsapp.com\/channel\/0029Va6Rb4v3WHTNnsh8WI3N\"><strong><em>WhatsApp<\/em><\/strong><\/a><em>\u00a0e\u00a0<\/em><a href=\"https:\/\/www.youtube.com\/@acordacidadenoticias\/videos\"><strong>YouTube<\/strong><\/a><em>\u00a0e do grupo no\u00a0<\/em><a href=\"https:\/\/t.me\/+sSz0khrgARA0ZmRh\"><strong><em>Telegram<\/em><\/strong><\/a><\/p>\n<\/div>\n","protected":false},"excerpt":{"rendered":"<div>\n<div>\n<figure><img decoding=\"async\" src=\"https:\/\/uploads.acordacidade.com.br\/2025\/05\/nkzpMEIR-Mutuipe-ft-Blog-do-Valente.webp\" alt=\"pai mata filho e se mata\"><figcaption>Foto: Reprodu\u00e7\u00e3o\/Blog do Valente<\/figcaption><\/figure>\n<\/div>\n<p>De acordo com as primeiras informa\u00e7\u00f5es, o crime aconteceu durante o fim de semana em que a crian\u00e7a estava sob a guarda do pai.<\/p><\/div>\n","protected":false},"author":1,"featured_media":87428,"comment_status":"closed","ping_status":"closed","sticky":false,"template":"","format":"gallery","meta":{"footnotes":""},"categories":[8,9,6,57,56,10],"tags":[],"class_list":["post-87427","post","type-post","status-publish","format-gallery","has-post-thumbnail","hentry","category-bahia","category-brasil","category-feira-de-santana","category-mundo","category-policia","category-politica","post_format-post-format-gallery"],"featured_image_urls":{"full":["https:\/\/noticiasbahia360.com.br\/wp-content\/uploads\/2025\/05\/nkzpMEIR-Mutuipe-ft-Blog-do-Valente.webp",1200,900,false],"thumbnail":["https:\/\/noticiasbahia360.com.br\/wp-content\/uploads\/2025\/05\/nkzpMEIR-Mutuipe-ft-Blog-do-Valente-150x150.webp",150,150,true],"medium":["https:\/\/noticiasbahia360.com.br\/wp-content\/uploads\/2025\/05\/nkzpMEIR-Mutuipe-ft-Blog-do-Valente-300x225.webp",300,225,true],"medium_large":["https:\/\/noticiasbahia360.com.br\/wp-content\/uploads\/2025\/05\/nkzpMEIR-Mutuipe-ft-Blog-do-Valente-768x576.webp",640,480,true],"large":["https:\/\/noticiasbahia360.com.br\/wp-content\/uploads\/2025\/05\/nkzpMEIR-Mutuipe-ft-Blog-do-Valente-1024x768.webp",640,480,true],"1536x1536":["https:\/\/noticiasbahia360.com.br\/wp-content\/uploads\/2025\/05\/nkzpMEIR-Mutuipe-ft-Blog-do-Valente.webp",1200,900,false],"2048x2048":["https:\/\/noticiasbahia360.com.br\/wp-content\/uploads\/2025\/05\/nkzpMEIR-Mutuipe-ft-Blog-do-Valente.webp",1200,900,false],"chromenews-featured":["https:\/\/noticiasbahia360.com.br\/wp-content\/uploads\/2025\/05\/nkzpMEIR-Mutuipe-ft-Blog-do-Valente-1024x768.webp",1024,768,true],"chromenews-large":["https:\/\/noticiasbahia360.com.br\/wp-content\/uploads\/2025\/05\/nkzpMEIR-Mutuipe-ft-Blog-do-Valente-825x575.webp",825,575,true],"chromenews-medium":["https:\/\/noticiasbahia360.com.br\/wp-content\/uploads\/2025\/05\/nkzpMEIR-Mutuipe-ft-Blog-do-Valente-590x410.webp",590,410,true]},"author_info":{"display_name":"noticiasbahia360.com.br","author_link":"https:\/\/noticiasbahia360.com.br\/?author=1"},"category_info":"<a href=\"https:\/\/noticiasbahia360.com.br\/?cat=8\" rel=\"category\">Bahia<\/a> <a href=\"https:\/\/noticiasbahia360.com.br\/?cat=9\" rel=\"category\">Brasil<\/a> <a href=\"https:\/\/noticiasbahia360.com.br\/?cat=6\" rel=\"category\">Feira de Santana<\/a> <a href=\"https:\/\/noticiasbahia360.com.br\/?cat=57\" rel=\"category\">Mundo<\/a> <a href=\"https:\/\/noticiasbahia360.com.br\/?cat=56\" rel=\"category\">Pol\u00edcia<\/a> <a href=\"https:\/\/noticiasbahia360.com.br\/?cat=10\" rel=\"category\">Pol\u00edtica<\/a>","tag_info":"Pol\u00edtica","comment_count":"0","_links":{"self":[{"href":"https:\/\/noticiasbahia360.com.br\/index.php?rest_route=\/wp\/v2\/posts\/87427","targetHints":{"allow":["GET"]}}],"collection":[{"href":"https:\/\/noticiasbahia360.com.br\/index.php?rest_route=\/wp\/v2\/posts"}],"about":[{"href":"https:\/\/noticiasbahia360.com.br\/index.php?rest_route=\/wp\/v2\/types\/post"}],"author":[{"embeddable":true,"href":"https:\/\/noticiasbahia360.com.br\/index.php?rest_route=\/wp\/v2\/users\/1"}],"replies":[{"embeddable":true,"href":"https:\/\/noticiasbahia360.com.br\/index.php?rest_route=%2Fwp%2Fv2%2Fcomments&post=87427"}],"version-history":[{"count":0,"href":"https:\/\/noticiasbahia360.com.br\/index.php?rest_route=\/wp\/v2\/posts\/87427\/revisions"}],"wp:featuredmedia":[{"embeddable":true,"href":"https:\/\/noticiasbahia360.com.br\/index.php?rest_route=\/wp\/v2\/media\/87428"}],"wp:attachment":[{"href":"https:\/\/noticiasbahia360.com.br\/index.php?rest_route=%2Fwp%2Fv2%2Fmedia&parent=87427"}],"wp:term":[{"taxonomy":"category","embeddable":true,"href":"https:\/\/noticiasbahia360.com.br\/index.php?rest_route=%2Fwp%2Fv2%2Fcategories&post=87427"},{"taxonomy":"post_tag","embeddable":true,"href":"https:\/\/noticiasbahia360.com.br\/index.php?rest_route=%2Fwp%2Fv2%2Ftags&post=87427"}],"curies":[{"name":"wp","href":"https:\/\/api.w.org\/{rel}","templated":true}]}}