{"id":87429,"date":"2025-05-25T08:00:17","date_gmt":"2025-05-25T11:00:17","guid":{"rendered":"https:\/\/noticiasbahia360.com.br\/?p=87429"},"modified":"2025-05-25T08:00:17","modified_gmt":"2025-05-25T11:00:17","slug":"medico-e-preso-suspeito-de-causar-morte-de-paciente-no-rio-de-janeiro","status":"publish","type":"post","link":"https:\/\/noticiasbahia360.com.br\/?p=87429","title":{"rendered":"M\u00e9dico \u00e9 preso suspeito de causar morte de paciente no Rio de Janeiro"},"content":{"rendered":"<div>\n<div>\n<figure><img decoding=\"async\" src=\"http:\/\/noticiasbahia360.com.br\/wp-content\/uploads\/2025\/05\/JalkgrNk-policia_civil_tania_rego-arquivo_agencia_brasil_0.webp\" alt=\"Pol\u00edcia Civil- m\u00e9dico \u00e9 preso no Rio\"><figcaption>Foto: T\u00e2nia R\u00eago\/Arquivo\/Ag\u00eancia Brasil<\/figcaption><\/figure>\n<\/div>\n<p>Ag\u00eancia Brasil \u2013 <strong>A pol\u00edcia civil do estado do Rio prendeu o m\u00e9dico e ex-vereador de S\u00e3o Gon\u00e7alo, Armando Morais, investigado pela morte da paciente Priscila dos Santos Nascimento, 42 anos, durante procedimento est\u00e9tico, em mar\u00e7o deste ano, para tratamento de varizes.<\/strong><img decoding=\"async\" src=\"https:\/\/agenciabrasil.ebc.com.br\/ebc.png?id=1644014&amp;o=node\"><img decoding=\"async\" src=\"https:\/\/agenciabrasil.ebc.com.br\/ebc.gif?id=1644014&amp;o=node\"><\/p>\n<p>Ele foi localizado na cidade de Teres\u00f3polis ap\u00f3s ter reaberto uma cl\u00ednica e entrar em contato com os empregados, o que estava proibido pela justi\u00e7a.<\/p>\n<p>Segundo os agentes policiais, al\u00e9m de cumprir o mandado de pris\u00e3o contra o m\u00e9dico, foram executados tamb\u00e9m mandados busca e apreens\u00e3o em dois endere\u00e7os.<\/p>\n<p><strong>A justi\u00e7a deferiu ainda pedido de pris\u00e3o do gerente da cl\u00ednica. Ele \u00e9 considerado foragido e est\u00e1 sendo procurado.<\/strong><\/p>\n<h2 class=\"wp-block-heading\" id=\"h-remedios-vencidos\">Rem\u00e9dios vencidos<\/h2>\n<p>Na cl\u00ednica, reaberta irregularmente, policiais civis encontraram novamente medicamentos vencidos. Segundo eles disseram, \u201cexistem fortes ind\u00edcios de que o procedimento foi realizado com o uso de medicamento vencido e possivelmente violado, o que teria provocado infec\u00e7\u00e3o generalizada, causando a morte de Priscila\u201d, informou, em nota, a Pol\u00edcia Civil.<\/p>\n<p><strong>No dia 15 de maio, durante a primeira opera\u00e7\u00e3o deflagrada contra Armando Morais, ele foi autuado em flagrante por vender e ter em dep\u00f3sito mat\u00e9ria-prima ou mercadoria em condi\u00e7\u00f5es impr\u00f3prias ao consumo.<\/strong><\/p>\n<p><em>Siga o Acorda Cidade no<\/em><a href=\"https:\/\/news.google.com\/search?q=acorda%20cidade&amp;hl=pt-BR&amp;gl=BR&amp;ceid=BR%3Apt-419\"><strong><em>\u00a0Google Not\u00edcias<\/em><\/strong><\/a><em>\u00a0e receba os principais destaques do dia. Participe tamb\u00e9m dos nossos canais no\u00a0<\/em><a href=\"https:\/\/www.whatsapp.com\/channel\/0029Va6Rb4v3WHTNnsh8WI3N\"><strong><em>WhatsApp<\/em><\/strong><\/a><em>\u00a0e\u00a0<\/em><a href=\"https:\/\/www.youtube.com\/@acordacidadenoticias\/videos\"><strong>YouTube<\/strong><\/a><em>\u00a0e do grupo no\u00a0<\/em><a href=\"https:\/\/t.me\/+sSz0khrgARA0ZmRh\"><strong><em>Telegram<\/em><\/strong><\/a><\/p>\n<\/div>\n","protected":false},"excerpt":{"rendered":"<div>\n<div>\n<figure><img decoding=\"async\" src=\"https:\/\/uploads.acordacidade.com.br\/2025\/05\/JalkgrNk-policia_civil_tania_rego-arquivo_agencia_brasil_0.webp\" alt=\"Pol\u00edcia Civil- m\u00e9dico \u00e9 preso no Rio\"><figcaption>Foto: T\u00e2nia R\u00eago\/Arquivo\/Ag\u00eancia Brasil<\/figcaption><\/figure>\n<\/div>\n<p>Segundo os agentes policiais, al\u00e9m de cumprir o mandado de pris\u00e3o contra o m\u00e9dico, foram executados tamb\u00e9m mandados busca e apreens\u00e3o.<\/p><\/div>\n","protected":false},"author":1,"featured_media":87430,"comment_status":"closed","ping_status":"closed","sticky":false,"template":"","format":"gallery","meta":{"footnotes":""},"categories":[8,9,6,57,56,10],"tags":[],"class_list":["post-87429","post","type-post","status-publish","format-gallery","has-post-thumbnail","hentry","category-bahia","category-brasil","category-feira-de-santana","category-mundo","category-policia","category-politica","post_format-post-format-gallery"],"featured_image_urls":{"full":["https:\/\/noticiasbahia360.com.br\/wp-content\/uploads\/2025\/05\/JalkgrNk-policia_civil_tania_rego-arquivo_agencia_brasil_0.webp",1200,718,false],"thumbnail":["https:\/\/noticiasbahia360.com.br\/wp-content\/uploads\/2025\/05\/JalkgrNk-policia_civil_tania_rego-arquivo_agencia_brasil_0-150x150.webp",150,150,true],"medium":["https:\/\/noticiasbahia360.com.br\/wp-content\/uploads\/2025\/05\/JalkgrNk-policia_civil_tania_rego-arquivo_agencia_brasil_0-300x180.webp",300,180,true],"medium_large":["https:\/\/noticiasbahia360.com.br\/wp-content\/uploads\/2025\/05\/JalkgrNk-policia_civil_tania_rego-arquivo_agencia_brasil_0-768x460.webp",640,383,true],"large":["https:\/\/noticiasbahia360.com.br\/wp-content\/uploads\/2025\/05\/JalkgrNk-policia_civil_tania_rego-arquivo_agencia_brasil_0-1024x613.webp",640,383,true],"1536x1536":["https:\/\/noticiasbahia360.com.br\/wp-content\/uploads\/2025\/05\/JalkgrNk-policia_civil_tania_rego-arquivo_agencia_brasil_0.webp",1200,718,false],"2048x2048":["https:\/\/noticiasbahia360.com.br\/wp-content\/uploads\/2025\/05\/JalkgrNk-policia_civil_tania_rego-arquivo_agencia_brasil_0.webp",1200,718,false],"chromenews-featured":["https:\/\/noticiasbahia360.com.br\/wp-content\/uploads\/2025\/05\/JalkgrNk-policia_civil_tania_rego-arquivo_agencia_brasil_0-1024x613.webp",1024,613,true],"chromenews-large":["https:\/\/noticiasbahia360.com.br\/wp-content\/uploads\/2025\/05\/JalkgrNk-policia_civil_tania_rego-arquivo_agencia_brasil_0-825x575.webp",825,575,true],"chromenews-medium":["https:\/\/noticiasbahia360.com.br\/wp-content\/uploads\/2025\/05\/JalkgrNk-policia_civil_tania_rego-arquivo_agencia_brasil_0-590x410.webp",590,410,true]},"author_info":{"display_name":"noticiasbahia360.com.br","author_link":"https:\/\/noticiasbahia360.com.br\/?author=1"},"category_info":"<a href=\"https:\/\/noticiasbahia360.com.br\/?cat=8\" rel=\"category\">Bahia<\/a> <a href=\"https:\/\/noticiasbahia360.com.br\/?cat=9\" rel=\"category\">Brasil<\/a> <a href=\"https:\/\/noticiasbahia360.com.br\/?cat=6\" rel=\"category\">Feira de Santana<\/a> <a href=\"https:\/\/noticiasbahia360.com.br\/?cat=57\" rel=\"category\">Mundo<\/a> <a href=\"https:\/\/noticiasbahia360.com.br\/?cat=56\" rel=\"category\">Pol\u00edcia<\/a> <a href=\"https:\/\/noticiasbahia360.com.br\/?cat=10\" rel=\"category\">Pol\u00edtica<\/a>","tag_info":"Pol\u00edtica","comment_count":"0","_links":{"self":[{"href":"https:\/\/noticiasbahia360.com.br\/index.php?rest_route=\/wp\/v2\/posts\/87429","targetHints":{"allow":["GET"]}}],"collection":[{"href":"https:\/\/noticiasbahia360.com.br\/index.php?rest_route=\/wp\/v2\/posts"}],"about":[{"href":"https:\/\/noticiasbahia360.com.br\/index.php?rest_route=\/wp\/v2\/types\/post"}],"author":[{"embeddable":true,"href":"https:\/\/noticiasbahia360.com.br\/index.php?rest_route=\/wp\/v2\/users\/1"}],"replies":[{"embeddable":true,"href":"https:\/\/noticiasbahia360.com.br\/index.php?rest_route=%2Fwp%2Fv2%2Fcomments&post=87429"}],"version-history":[{"count":0,"href":"https:\/\/noticiasbahia360.com.br\/index.php?rest_route=\/wp\/v2\/posts\/87429\/revisions"}],"wp:featuredmedia":[{"embeddable":true,"href":"https:\/\/noticiasbahia360.com.br\/index.php?rest_route=\/wp\/v2\/media\/87430"}],"wp:attachment":[{"href":"https:\/\/noticiasbahia360.com.br\/index.php?rest_route=%2Fwp%2Fv2%2Fmedia&parent=87429"}],"wp:term":[{"taxonomy":"category","embeddable":true,"href":"https:\/\/noticiasbahia360.com.br\/index.php?rest_route=%2Fwp%2Fv2%2Fcategories&post=87429"},{"taxonomy":"post_tag","embeddable":true,"href":"https:\/\/noticiasbahia360.com.br\/index.php?rest_route=%2Fwp%2Fv2%2Ftags&post=87429"}],"curies":[{"name":"wp","href":"https:\/\/api.w.org\/{rel}","templated":true}]}}