{"id":87433,"date":"2025-05-25T09:11:07","date_gmt":"2025-05-25T12:11:07","guid":{"rendered":"https:\/\/noticiasbahia360.com.br\/?p=87433"},"modified":"2025-05-25T09:11:07","modified_gmt":"2025-05-25T12:11:07","slug":"dois-motociclistas-morrem-em-acidentes-em-menos-de-24-horas-em-feira-de-santana","status":"publish","type":"post","link":"https:\/\/noticiasbahia360.com.br\/?p=87433","title":{"rendered":"Dois motociclistas morrem em acidentes em menos de 24 horas em Feira de Santana"},"content":{"rendered":"<div>\n<div>\n<figure><img decoding=\"async\" src=\"http:\/\/noticiasbahia360.com.br\/wp-content\/uploads\/2025\/05\/OAe1RFTe-acidentes-em-Feira-de-Santana.webp\" alt=\"acidentes em Feira de Santana\"><figcaption>Foto: Reprodu\u00e7\u00e3o\/Redes Sociais <\/figcaption><\/figure>\n<\/div>\n<p>Dois acidentes fatais envolvendo motociclistas foram registrados em menos de 24 horas em Feira de Santana, causando como\u00e7\u00e3o e alerta sobre os riscos no tr\u00e2nsito da cidade. Os acidentes ocorrem durante o m\u00eas do <strong><a href=\"https:\/\/www.acordacidade.com.br\/tag\/maio-amarelo\/\">Maio Amarelo<\/a><\/strong>, campanha nacional que chama a aten\u00e7\u00e3o da sociedade para a import\u00e2ncia da seguran\u00e7a no tr\u00e2nsito. As ocorr\u00eancias refor\u00e7am o alerta sobre os riscos di\u00e1rios enfrentados por condutores, especialmente os que utilizam motocicletas.<\/p>\n<p><strong>O primeiro caso aconteceu na tarde de s\u00e1bado (24), na Avenida Eduardo Fr\u00f3es da Mota, no bairro 35\u00ba BI. <\/strong>De acordo com informa\u00e7\u00f5es apuradas pelo Acorda Cidade, a equipe da Central de Flagrantes foi acionada ap\u00f3s informa\u00e7\u00f5es do Centro Integrado de Comunica\u00e7\u00e3o (Cicom) sobre um acidente em que uma motocicleta CG 160, de cor vermelha, caiu ap\u00f3s o condutor perder o controle ao passar por um buraco. <strong>O motociclista, que ainda n\u00e3o foi identificado, n\u00e3o resistiu aos ferimentos e morreu no local.\u00a0<\/strong><\/p>\n<p><strong>J\u00e1 na madrugada deste domingo (25)<\/strong>, por volta das 5h31, outro <strong>motociclista morreu em uma colis\u00e3o com um caminh\u00e3o na Avenida Fraga Maia, no bairro Mangabeira.<\/strong> Segundo a pol\u00edcia, a v\u00edtima, tamb\u00e9m do sexo masculino, foi encontrada sem sinais de vida no local. A v\u00edtima ainda n\u00e3o foi identificada, nem as circunst\u00e2ncias do acidente.<\/p>\n<p>Nos dois casos, os corpos foram encaminhados ao Departamento de Pol\u00edcia T\u00e9cnica (DPT) para realiza\u00e7\u00e3o de exames necrosc\u00f3picos. Os levantamentos cadav\u00e9ricos foram realizados pelo delegado Glauco Vasconcelos Suzart.\u00a0<\/p>\n<p>A Pol\u00edcia Civil segue investigando ambos os acidentes para identificar as v\u00edtimas e esclarecer as circunst\u00e2ncias das ocorr\u00eancias.<\/p>\n<h2 class=\"wp-block-heading\" id=\"h-maio-amarelo-mobilidade-humana-responsabilidade-humana\">Maio Amarelo: \u201cMobilidade Humana, Responsabilidade Humana\u201d<\/h2>\n<p>Dados do Hospital Geral Cl\u00e9riston Andrade (HGCA), de Feira de Santana, revelam um cen\u00e1rio preocupante na regi\u00e3o: <strong>s\u00f3 em 2024, 2.853 motociclistas deram entrada na emerg\u00eancia ap\u00f3s acidentes na regi\u00e3o. S\u00f3 este ano j\u00e1 foram mais de 600 acidentados com moto.<\/strong> A maioria das v\u00edtimas \u00e9 formada por <strong>jovens entre 15 e 45 anos<\/strong>, muitos deles com sequelas permanentes ou que n\u00e3o resistem aos ferimentos.\u00a0<\/p>\n<p>No m\u00eas do Maio Amarelo, o Acorda Cidade chama a aten\u00e7\u00e3o para a seguran\u00e7a no tr\u00e2nsito, um problema que exige responsabilidade coletiva, mais prud\u00eancia nas vias e pol\u00edticas p\u00fablicas de preven\u00e7\u00e3o.\u00a0<\/p>\n<p><em>Com informa\u00e7\u00f5es do rep\u00f3rter Ed Santos do Acorda Cidade<\/em><\/p>\n<p><em>Siga o Acorda Cidade no<\/em><a href=\"https:\/\/news.google.com\/search?q=acorda%20cidade&amp;hl=pt-BR&amp;gl=BR&amp;ceid=BR%3Apt-419\"><strong><em>\u00a0Google Not\u00edcias<\/em><\/strong><\/a><em>\u00a0e receba os principais destaques do dia. Participe tamb\u00e9m dos nossos canais no\u00a0<\/em><a href=\"https:\/\/www.whatsapp.com\/channel\/0029Va6Rb4v3WHTNnsh8WI3N\"><strong><em>WhatsApp<\/em><\/strong><\/a><em>\u00a0e\u00a0<\/em><a href=\"https:\/\/www.youtube.com\/@acordacidadenoticias\/videos\"><strong>Youtube<\/strong><\/a><em>\u00a0e grupo de\u00a0<\/em><a href=\"https:\/\/t.me\/+sSz0khrgARA0ZmRh\"><strong><em>Telegram<\/em><\/strong><\/a><em>.<\/em><\/p>\n<\/div>\n","protected":false},"excerpt":{"rendered":"<div>\n<div>\n<figure><img decoding=\"async\" src=\"https:\/\/uploads.acordacidade.com.br\/2025\/05\/OAe1RFTe-acidentes-em-Feira-de-Santana.webp\" alt=\"acidentes em Feira de Santana\"><figcaption>Foto: Reprodu\u00e7\u00e3o\/Redes Sociais <\/figcaption><\/figure>\n<\/div>\n<p>Os acidentes refor\u00e7am o alerta sobre os riscos di\u00e1rios enfrentados por condutores, especialmente os que utilizam motocicletas.<\/p><\/div>\n","protected":false},"author":1,"featured_media":87434,"comment_status":"closed","ping_status":"closed","sticky":false,"template":"","format":"gallery","meta":{"footnotes":""},"categories":[8,9,6,57,56,10],"tags":[],"class_list":["post-87433","post","type-post","status-publish","format-gallery","has-post-thumbnail","hentry","category-bahia","category-brasil","category-feira-de-santana","category-mundo","category-policia","category-politica","post_format-post-format-gallery"],"featured_image_urls":{"full":["https:\/\/noticiasbahia360.com.br\/wp-content\/uploads\/2025\/05\/OAe1RFTe-acidentes-em-Feira-de-Santana.webp",1200,646,false],"thumbnail":["https:\/\/noticiasbahia360.com.br\/wp-content\/uploads\/2025\/05\/OAe1RFTe-acidentes-em-Feira-de-Santana-150x150.webp",150,150,true],"medium":["https:\/\/noticiasbahia360.com.br\/wp-content\/uploads\/2025\/05\/OAe1RFTe-acidentes-em-Feira-de-Santana-300x162.webp",300,162,true],"medium_large":["https:\/\/noticiasbahia360.com.br\/wp-content\/uploads\/2025\/05\/OAe1RFTe-acidentes-em-Feira-de-Santana-768x413.webp",640,344,true],"large":["https:\/\/noticiasbahia360.com.br\/wp-content\/uploads\/2025\/05\/OAe1RFTe-acidentes-em-Feira-de-Santana-1024x551.webp",640,344,true],"1536x1536":["https:\/\/noticiasbahia360.com.br\/wp-content\/uploads\/2025\/05\/OAe1RFTe-acidentes-em-Feira-de-Santana.webp",1200,646,false],"2048x2048":["https:\/\/noticiasbahia360.com.br\/wp-content\/uploads\/2025\/05\/OAe1RFTe-acidentes-em-Feira-de-Santana.webp",1200,646,false],"chromenews-featured":["https:\/\/noticiasbahia360.com.br\/wp-content\/uploads\/2025\/05\/OAe1RFTe-acidentes-em-Feira-de-Santana-1024x551.webp",1024,551,true],"chromenews-large":["https:\/\/noticiasbahia360.com.br\/wp-content\/uploads\/2025\/05\/OAe1RFTe-acidentes-em-Feira-de-Santana-825x575.webp",825,575,true],"chromenews-medium":["https:\/\/noticiasbahia360.com.br\/wp-content\/uploads\/2025\/05\/OAe1RFTe-acidentes-em-Feira-de-Santana-590x410.webp",590,410,true]},"author_info":{"display_name":"noticiasbahia360.com.br","author_link":"https:\/\/noticiasbahia360.com.br\/?author=1"},"category_info":"<a href=\"https:\/\/noticiasbahia360.com.br\/?cat=8\" rel=\"category\">Bahia<\/a> <a href=\"https:\/\/noticiasbahia360.com.br\/?cat=9\" rel=\"category\">Brasil<\/a> <a href=\"https:\/\/noticiasbahia360.com.br\/?cat=6\" rel=\"category\">Feira de Santana<\/a> <a href=\"https:\/\/noticiasbahia360.com.br\/?cat=57\" rel=\"category\">Mundo<\/a> <a href=\"https:\/\/noticiasbahia360.com.br\/?cat=56\" rel=\"category\">Pol\u00edcia<\/a> <a href=\"https:\/\/noticiasbahia360.com.br\/?cat=10\" rel=\"category\">Pol\u00edtica<\/a>","tag_info":"Pol\u00edtica","comment_count":"0","_links":{"self":[{"href":"https:\/\/noticiasbahia360.com.br\/index.php?rest_route=\/wp\/v2\/posts\/87433","targetHints":{"allow":["GET"]}}],"collection":[{"href":"https:\/\/noticiasbahia360.com.br\/index.php?rest_route=\/wp\/v2\/posts"}],"about":[{"href":"https:\/\/noticiasbahia360.com.br\/index.php?rest_route=\/wp\/v2\/types\/post"}],"author":[{"embeddable":true,"href":"https:\/\/noticiasbahia360.com.br\/index.php?rest_route=\/wp\/v2\/users\/1"}],"replies":[{"embeddable":true,"href":"https:\/\/noticiasbahia360.com.br\/index.php?rest_route=%2Fwp%2Fv2%2Fcomments&post=87433"}],"version-history":[{"count":0,"href":"https:\/\/noticiasbahia360.com.br\/index.php?rest_route=\/wp\/v2\/posts\/87433\/revisions"}],"wp:featuredmedia":[{"embeddable":true,"href":"https:\/\/noticiasbahia360.com.br\/index.php?rest_route=\/wp\/v2\/media\/87434"}],"wp:attachment":[{"href":"https:\/\/noticiasbahia360.com.br\/index.php?rest_route=%2Fwp%2Fv2%2Fmedia&parent=87433"}],"wp:term":[{"taxonomy":"category","embeddable":true,"href":"https:\/\/noticiasbahia360.com.br\/index.php?rest_route=%2Fwp%2Fv2%2Fcategories&post=87433"},{"taxonomy":"post_tag","embeddable":true,"href":"https:\/\/noticiasbahia360.com.br\/index.php?rest_route=%2Fwp%2Fv2%2Ftags&post=87433"}],"curies":[{"name":"wp","href":"https:\/\/api.w.org\/{rel}","templated":true}]}}