{"id":87435,"date":"2025-05-25T09:25:39","date_gmt":"2025-05-25T12:25:39","guid":{"rendered":"https:\/\/noticiasbahia360.com.br\/?p=87435"},"modified":"2025-05-25T09:25:39","modified_gmt":"2025-05-25T12:25:39","slug":"bebe-de-1-ano-morre-no-hospital-da-crianca-apos-acidente-em-monte-santo","status":"publish","type":"post","link":"https:\/\/noticiasbahia360.com.br\/?p=87435","title":{"rendered":"Beb\u00ea de 1 ano morre no Hospital da Crian\u00e7a ap\u00f3s acidente em Monte Santo\u00a0"},"content":{"rendered":"<div>\n<div>\n<figure><img decoding=\"async\" src=\"http:\/\/noticiasbahia360.com.br\/wp-content\/uploads\/2025\/05\/ZCtKJ8X5-HEC-Feira-de-Santana-criancas.jpg\" alt=\"HEC - Feira de Santana - acidente\"><figcaption>Foto: Tuane Maria\/GOVBA<\/figcaption><\/figure>\n<\/div>\n<p>A pequena Flora Eduarda Batista Costa Almeida, de apenas 1 ano e 3 meses, morreu na madrugada deste domingo (25), ap\u00f3s ter sido v\u00edtima de um <a href=\"https:\/\/www.acordacidade.com.br\/tag\/acidente\/\">acidente<\/a> automobil\u00edstico no povoado de Lajes, munic\u00edpio de Monte Santo. A crian\u00e7a chegou a ser socorrida em estado grave e levada para o Hospital Estadual da Crian\u00e7a (HEC), em Feira de Santana, mas n\u00e3o resistiu aos ferimentos.<\/p>\n<p>De acordo com informa\u00e7\u00f5es apuradas pelo Acorda Cidade, a beb\u00ea foi atendida inicialmente por uma ambul\u00e2ncia de suporte avan\u00e7ado e encaminhada para o HEC. Ela deu entrada na unidade hospitalar \u00e0s 23h44 de s\u00e1bado (24), mas teve o \u00f3bito confirmado \u00e0s 5h05 deste domingo.<\/p>\n<p>Ap\u00f3s a confirma\u00e7\u00e3o da morte, o Departamento de Pol\u00edcia T\u00e9cnica (DPT) foi acionado para realizar o levantamento cadav\u00e9rico do beb\u00ea.<\/p>\n<p>At\u00e9 o momento n\u00e3o h\u00e1 informa\u00e7\u00f5es sobre como o acidente aconteceu. A Pol\u00edcia Civil investiga as circunst\u00e2ncias do caso.\u00a0<\/p>\n<h2 class=\"wp-block-heading\" id=\"h-maio-amarelo\">Maio Amarelo<\/h2>\n<p>O m\u00eas \u00e9 marcado pela campanha Maio Amarelo, que tem como objetivo alertar a sociedade sobre os altos \u00edndices de acidentes de tr\u00e2nsito e a necessidade de um comportamento mais respons\u00e1vel e seguro nas vias. Trag\u00e9dias como essa refor\u00e7am a import\u00e2ncia da conscientiza\u00e7\u00e3o de todos, seja condutor, pedestres ou passageiros. No tr\u00e2nsito, cada escolha faz a diferen\u00e7a e pode salvar vidas.<\/p>\n<p><em>Com informa\u00e7\u00f5es do rep\u00f3rter Ed Santos do Acorda Cidade<\/em><\/p>\n<p><em>Siga o Acorda Cidade no<\/em><a href=\"https:\/\/news.google.com\/search?q=acorda%20cidade&amp;hl=pt-BR&amp;gl=BR&amp;ceid=BR%3Apt-419\"><strong><em>\u00a0Google Not\u00edcias<\/em><\/strong><\/a><em>\u00a0e receba os principais destaques do dia. Participe tamb\u00e9m dos nossos canais no\u00a0<\/em><a href=\"https:\/\/www.whatsapp.com\/channel\/0029Va6Rb4v3WHTNnsh8WI3N\"><strong><em>WhatsApp<\/em><\/strong><\/a><em>\u00a0e\u00a0<\/em><a href=\"https:\/\/www.youtube.com\/@acordacidadenoticias\/videos\"><strong>Youtube<\/strong><\/a><em>\u00a0e grupo de\u00a0<\/em><a href=\"https:\/\/t.me\/+sSz0khrgARA0ZmRh\"><strong><em>Telegram<\/em><\/strong><\/a><em>.<\/em><\/p>\n<\/div>\n","protected":false},"excerpt":{"rendered":"<div>\n<div>\n<figure><img decoding=\"async\" src=\"https:\/\/uploads.acordacidade.com.br\/2024\/10\/ZCtKJ8X5-HEC-Feira-de-Santana-criancas.jpg\" alt=\"HEC - Feira de Santana - acidente\"><figcaption>Foto: Tuane Maria\/GOVBA<\/figcaption><\/figure>\n<\/div>\n<p>At\u00e9 o momento n\u00e3o h\u00e1 informa\u00e7\u00f5es sobre como o acidente aconteceu. A Pol\u00edcia Civil investiga as circunst\u00e2ncias do caso.\u00a0<\/p><\/div>\n","protected":false},"author":1,"featured_media":87436,"comment_status":"closed","ping_status":"closed","sticky":false,"template":"","format":"gallery","meta":{"footnotes":""},"categories":[8,9,6,57,56,10],"tags":[],"class_list":["post-87435","post","type-post","status-publish","format-gallery","has-post-thumbnail","hentry","category-bahia","category-brasil","category-feira-de-santana","category-mundo","category-policia","category-politica","post_format-post-format-gallery"],"featured_image_urls":{"full":["https:\/\/noticiasbahia360.com.br\/wp-content\/uploads\/2025\/05\/ZCtKJ8X5-HEC-Feira-de-Santana-criancas.jpg",640,360,false],"thumbnail":["https:\/\/noticiasbahia360.com.br\/wp-content\/uploads\/2025\/05\/ZCtKJ8X5-HEC-Feira-de-Santana-criancas-150x150.jpg",150,150,true],"medium":["https:\/\/noticiasbahia360.com.br\/wp-content\/uploads\/2025\/05\/ZCtKJ8X5-HEC-Feira-de-Santana-criancas-300x169.jpg",300,169,true],"medium_large":["https:\/\/noticiasbahia360.com.br\/wp-content\/uploads\/2025\/05\/ZCtKJ8X5-HEC-Feira-de-Santana-criancas.jpg",640,360,false],"large":["https:\/\/noticiasbahia360.com.br\/wp-content\/uploads\/2025\/05\/ZCtKJ8X5-HEC-Feira-de-Santana-criancas.jpg",640,360,false],"1536x1536":["https:\/\/noticiasbahia360.com.br\/wp-content\/uploads\/2025\/05\/ZCtKJ8X5-HEC-Feira-de-Santana-criancas.jpg",640,360,false],"2048x2048":["https:\/\/noticiasbahia360.com.br\/wp-content\/uploads\/2025\/05\/ZCtKJ8X5-HEC-Feira-de-Santana-criancas.jpg",640,360,false],"chromenews-featured":["https:\/\/noticiasbahia360.com.br\/wp-content\/uploads\/2025\/05\/ZCtKJ8X5-HEC-Feira-de-Santana-criancas.jpg",640,360,false],"chromenews-large":["https:\/\/noticiasbahia360.com.br\/wp-content\/uploads\/2025\/05\/ZCtKJ8X5-HEC-Feira-de-Santana-criancas.jpg",640,360,false],"chromenews-medium":["https:\/\/noticiasbahia360.com.br\/wp-content\/uploads\/2025\/05\/ZCtKJ8X5-HEC-Feira-de-Santana-criancas-590x360.jpg",590,360,true]},"author_info":{"display_name":"noticiasbahia360.com.br","author_link":"https:\/\/noticiasbahia360.com.br\/?author=1"},"category_info":"<a href=\"https:\/\/noticiasbahia360.com.br\/?cat=8\" rel=\"category\">Bahia<\/a> <a href=\"https:\/\/noticiasbahia360.com.br\/?cat=9\" rel=\"category\">Brasil<\/a> <a href=\"https:\/\/noticiasbahia360.com.br\/?cat=6\" rel=\"category\">Feira de Santana<\/a> <a href=\"https:\/\/noticiasbahia360.com.br\/?cat=57\" rel=\"category\">Mundo<\/a> <a href=\"https:\/\/noticiasbahia360.com.br\/?cat=56\" rel=\"category\">Pol\u00edcia<\/a> <a href=\"https:\/\/noticiasbahia360.com.br\/?cat=10\" rel=\"category\">Pol\u00edtica<\/a>","tag_info":"Pol\u00edtica","comment_count":"0","_links":{"self":[{"href":"https:\/\/noticiasbahia360.com.br\/index.php?rest_route=\/wp\/v2\/posts\/87435","targetHints":{"allow":["GET"]}}],"collection":[{"href":"https:\/\/noticiasbahia360.com.br\/index.php?rest_route=\/wp\/v2\/posts"}],"about":[{"href":"https:\/\/noticiasbahia360.com.br\/index.php?rest_route=\/wp\/v2\/types\/post"}],"author":[{"embeddable":true,"href":"https:\/\/noticiasbahia360.com.br\/index.php?rest_route=\/wp\/v2\/users\/1"}],"replies":[{"embeddable":true,"href":"https:\/\/noticiasbahia360.com.br\/index.php?rest_route=%2Fwp%2Fv2%2Fcomments&post=87435"}],"version-history":[{"count":0,"href":"https:\/\/noticiasbahia360.com.br\/index.php?rest_route=\/wp\/v2\/posts\/87435\/revisions"}],"wp:featuredmedia":[{"embeddable":true,"href":"https:\/\/noticiasbahia360.com.br\/index.php?rest_route=\/wp\/v2\/media\/87436"}],"wp:attachment":[{"href":"https:\/\/noticiasbahia360.com.br\/index.php?rest_route=%2Fwp%2Fv2%2Fmedia&parent=87435"}],"wp:term":[{"taxonomy":"category","embeddable":true,"href":"https:\/\/noticiasbahia360.com.br\/index.php?rest_route=%2Fwp%2Fv2%2Fcategories&post=87435"},{"taxonomy":"post_tag","embeddable":true,"href":"https:\/\/noticiasbahia360.com.br\/index.php?rest_route=%2Fwp%2Fv2%2Ftags&post=87435"}],"curies":[{"name":"wp","href":"https:\/\/api.w.org\/{rel}","templated":true}]}}