{"id":87437,"date":"2025-05-25T09:50:28","date_gmt":"2025-05-25T12:50:28","guid":{"rendered":"https:\/\/noticiasbahia360.com.br\/?p=87437"},"modified":"2025-05-25T09:50:28","modified_gmt":"2025-05-25T12:50:28","slug":"jovem-de-17-anos-morre-em-acidente-de-moto-na-fraga-maia-ele-estava-a-caminho-do-trabalho","status":"publish","type":"post","link":"https:\/\/noticiasbahia360.com.br\/?p=87437","title":{"rendered":"Jovem de 17 anos morre em acidente de moto na Fraga Maia; ele estava a caminho do trabalho"},"content":{"rendered":"<div>\n<p>Um grave <a href=\"https:\/\/www.acordacidade.com.br\/tag\/acidente\/\">acidente<\/a> ocorrido na madrugada deste domingo (25) causou a morte do jovem <a href=\"https:\/\/www.acordacidade.com.br\/feira-de-santana\/dois-motociclistas-morrem-em-acidentes-em-menos-de-24-horas-em-feira-de-santana\/\" target=\"_blank\" rel=\"noreferrer noopener\">Haron Gabriel Farias Franco, de apenas 17 anos<\/a>, morador do bairro Tomba, em Feira de Santana. Ele trabalhava como auxiliar de montagem de m\u00f3veis e estava a caminho do trabalho quando aconteceu a colis\u00e3o.<\/p>\n<p>O acidente foi registrado por volta das 5h31, na Avenida Fraga Maia, no bairro Mangabeira. Haron estava na garupa de uma motocicleta quando o ve\u00edculo colidiu com um caminh\u00e3o. Ele n\u00e3o resistiu aos ferimentos e morreu no local.<\/p>\n<p>De acordo com informa\u00e7\u00f5es da Pol\u00edcia Civil, o condutor da motocicleta sofreu uma fratura no bra\u00e7o, mas sobreviveu. O corpo de Haron Gabriel foi encaminhado ao Departamento de Pol\u00edcia T\u00e9cnica, onde passar\u00e1 por necropsia. Familiares da v\u00edtima estiveram no (DPT) na manh\u00e3 deste domingo para acompanhar os procedimentos de libera\u00e7\u00e3o do corpo.<\/p>\n<p>Ainda n\u00e3o h\u00e1 detalhes sobre as causas do acidente, que seguem sendo apuradas pela Pol\u00edcia Civil. As circunst\u00e2ncias da colis\u00e3o ainda ser\u00e3o elucidadas atrav\u00e9s dos laudos periciais.<\/p>\n<p><em>Com informa\u00e7\u00f5es do rep\u00f3rter Ed Santos do Acorda Cidade<\/em><\/p>\n<p><strong>Leia tamb\u00e9m: <a href=\"https:\/\/www.acordacidade.com.br\/feira-de-santana\/dois-motociclistas-morrem-em-acidentes-em-menos-de-24-horas-em-feira-de-santana\/\" target=\"_blank\" rel=\"noreferrer noopener\">Dois motociclistas morrem em acidentes em menos de 24 horas em Feira de Santana<\/a><\/strong><\/p>\n<p><em>Siga o Acorda Cidade no<\/em><a href=\"https:\/\/news.google.com\/search?q=acorda%20cidade&amp;hl=pt-BR&amp;gl=BR&amp;ceid=BR%3Apt-419\"><strong><em>\u00a0Google Not\u00edcias<\/em><\/strong><\/a><em>\u00a0e receba os principais destaques do dia. Participe tamb\u00e9m dos nossos canais no\u00a0<\/em><a href=\"https:\/\/www.whatsapp.com\/channel\/0029Va6Rb4v3WHTNnsh8WI3N\"><strong><em>WhatsApp<\/em><\/strong><\/a><em>\u00a0e\u00a0<\/em><a href=\"https:\/\/www.youtube.com\/@acordacidadenoticias\/videos\"><strong>Youtube<\/strong><\/a><em>\u00a0e grupo de\u00a0<\/em><a href=\"https:\/\/t.me\/+sSz0khrgARA0ZmRh\"><strong><em>Telegram<\/em><\/strong><\/a><em>.<\/em><\/p>\n<\/div>\n","protected":false},"excerpt":{"rendered":"<div>O acidente foi registrado por volta das 5h31, na Avenida Fraga Maia, no bairro Mangabeira, em Feira de Santana.<\/div>\n","protected":false},"author":1,"featured_media":0,"comment_status":"closed","ping_status":"closed","sticky":false,"template":"","format":"gallery","meta":{"footnotes":""},"categories":[8,9,6,57,56,10],"tags":[],"class_list":["post-87437","post","type-post","status-publish","format-gallery","hentry","category-bahia","category-brasil","category-feira-de-santana","category-mundo","category-policia","category-politica","post_format-post-format-gallery"],"featured_image_urls":{"full":"","thumbnail":"","medium":"","medium_large":"","large":"","1536x1536":"","2048x2048":"","chromenews-featured":"","chromenews-large":"","chromenews-medium":""},"author_info":{"display_name":"noticiasbahia360.com.br","author_link":"https:\/\/noticiasbahia360.com.br\/?author=1"},"category_info":"<a href=\"https:\/\/noticiasbahia360.com.br\/?cat=8\" rel=\"category\">Bahia<\/a> <a href=\"https:\/\/noticiasbahia360.com.br\/?cat=9\" rel=\"category\">Brasil<\/a> <a href=\"https:\/\/noticiasbahia360.com.br\/?cat=6\" rel=\"category\">Feira de Santana<\/a> <a href=\"https:\/\/noticiasbahia360.com.br\/?cat=57\" rel=\"category\">Mundo<\/a> <a href=\"https:\/\/noticiasbahia360.com.br\/?cat=56\" rel=\"category\">Pol\u00edcia<\/a> <a href=\"https:\/\/noticiasbahia360.com.br\/?cat=10\" rel=\"category\">Pol\u00edtica<\/a>","tag_info":"Pol\u00edtica","comment_count":"0","_links":{"self":[{"href":"https:\/\/noticiasbahia360.com.br\/index.php?rest_route=\/wp\/v2\/posts\/87437","targetHints":{"allow":["GET"]}}],"collection":[{"href":"https:\/\/noticiasbahia360.com.br\/index.php?rest_route=\/wp\/v2\/posts"}],"about":[{"href":"https:\/\/noticiasbahia360.com.br\/index.php?rest_route=\/wp\/v2\/types\/post"}],"author":[{"embeddable":true,"href":"https:\/\/noticiasbahia360.com.br\/index.php?rest_route=\/wp\/v2\/users\/1"}],"replies":[{"embeddable":true,"href":"https:\/\/noticiasbahia360.com.br\/index.php?rest_route=%2Fwp%2Fv2%2Fcomments&post=87437"}],"version-history":[{"count":0,"href":"https:\/\/noticiasbahia360.com.br\/index.php?rest_route=\/wp\/v2\/posts\/87437\/revisions"}],"wp:attachment":[{"href":"https:\/\/noticiasbahia360.com.br\/index.php?rest_route=%2Fwp%2Fv2%2Fmedia&parent=87437"}],"wp:term":[{"taxonomy":"category","embeddable":true,"href":"https:\/\/noticiasbahia360.com.br\/index.php?rest_route=%2Fwp%2Fv2%2Fcategories&post=87437"},{"taxonomy":"post_tag","embeddable":true,"href":"https:\/\/noticiasbahia360.com.br\/index.php?rest_route=%2Fwp%2Fv2%2Ftags&post=87437"}],"curies":[{"name":"wp","href":"https:\/\/api.w.org\/{rel}","templated":true}]}}