{"id":87438,"date":"2025-05-25T11:38:11","date_gmt":"2025-05-25T14:38:11","guid":{"rendered":"https:\/\/noticiasbahia360.com.br\/?p=87438"},"modified":"2025-05-25T11:38:11","modified_gmt":"2025-05-25T14:38:11","slug":"mae-de-dentista-encontrado-morto-em-cela-de-feira-de-santana-morre-em-acidente-na-br-407-pai-e-filha-ficam-feridos","status":"publish","type":"post","link":"https:\/\/noticiasbahia360.com.br\/?p=87438","title":{"rendered":"M\u00e3e de dentista encontrado morto em cela de Feira de Santana morre em acidente na BR-407; pai e filha ficam feridos"},"content":{"rendered":"<div>\n<div>\n<figure><img decoding=\"async\" src=\"http:\/\/noticiasbahia360.com.br\/wp-content\/uploads\/2025\/05\/K93T90t7-acidente-com-familia-do-dentista-.webp\" alt=\"acidente com fam\u00edlia do dentista\"><figcaption>Foto: Reprodu\u00e7\u00e3o\/Redes Sociais <\/figcaption><\/figure>\n<\/div>\n<p>A m\u00e9dica Izabel Maria Ouriques Gomes Cordeiro, m\u00e3e do dentista <a href=\"https:\/\/www.acordacidade.com.br\/policia\/irmao-esfaqueia-irma-durante-surto-no-bairro-sim-em-feira-de-santana\/\" target=\"_blank\" rel=\"noreferrer noopener\">Tarc\u00edo Vinicius Ouriques Cordeiro<\/a>, de 36 anos, que se matou em uma cela no Complexo de Delegacias, em Feira de Santana, morreu v\u00edtima de um acidente na noite de s\u00e1bado (24), por volta das 21h, na BR-407, no trecho que liga a cidade de Capim Grosso ao distrito de Pedras Altas, no centro-norte baiano. No ve\u00edculo tamb\u00e9m estavam o pai de Tarc\u00edo, Daniel Apolin\u00e1rio Cordeiro Leite, e a filha do casal, Taciene Mayara Oriques\u00a0 Cordeiro 37 anos.<\/p>\n<h3 class=\"wp-block-heading\" id=\"h-familia-sofre-acidente-dias-depois-da-morte-do-filho\">Fam\u00edlia sofre acidente, dias depois da morte do filho<\/h3>\n<p>Na tarde do s\u00e1bado (24), por volta das 17h, Daniel Apolin\u00e1rio Cordeiro Leite, sua esposa, Izabel Maria Ouriques Gomes Cordeiro, e a filha \u2014 que havia recebido alta m\u00e9dica poucos dias antes \u2014 sa\u00edram de Feira com destino \u00e0 cidade de Petrolina (PE), onde resolveriam pend\u00eancias relacionadas \u00e0 morte do dentista Tarc\u00edo.<\/p>\n<p>Por volta das 21h, no trecho da BR-407 que liga Capim Grosso ao distrito de Pedras Altas, o ve\u00edculo Toyota Etios em que estavam colidiu com um cavalo que estava solto na pista. Com o impacto, a m\u00e9dica Izabel n\u00e3o resistiu aos ferimentos e morreu ainda no local. O animal tamb\u00e9m morreu na hora.<\/p>\n<figure class=\"wp-block-image size-large\"><img fetchpriority=\"high\" data-dominant-color=\"4b4241\" data-has-transparency=\"false\" style=\"--dominant-color: #4b4241;\" fetchpriority=\"high\" decoding=\"async\" width=\"1024\" height=\"843\" sizes=\"(max-width: 1024px) 100vw, 1024px\" src=\"http:\/\/noticiasbahia360.com.br\/wp-content\/uploads\/2025\/05\/aaxsjeBz-acidente-com-familia-do-dentista-1024x843-1.webp\" alt=\"acidente com fam\u00edlia do dentista\" class=\"wp-image-557706 not-transparent\" srcset=\"https:\/\/uploads.acordacidade.com.br\/2025\/05\/aaxsjeBz-acidente-com-familia-do-dentista-300x247.webp 300w, http:\/\/noticiasbahia360.com.br\/wp-content\/uploads\/2025\/05\/aaxsjeBz-acidente-com-familia-do-dentista-1024x843-1.webp 1024w, https:\/\/uploads.acordacidade.com.br\/2025\/05\/aaxsjeBz-acidente-com-familia-do-dentista-768x632.webp 768w, https:\/\/uploads.acordacidade.com.br\/2025\/05\/aaxsjeBz-acidente-com-familia-do-dentista-150x124.webp 150w, https:\/\/uploads.acordacidade.com.br\/2025\/05\/aaxsjeBz-acidente-com-familia-do-dentista.webp 1200w\"><figcaption class=\"wp-element-caption\">Foto: Reprodu\u00e7\u00e3o\/Redes Sociais <\/figcaption><\/figure>\n<p>Daniel, e a filha do casal ficaram feridos. Ambos foram socorridos por equipes do Servi\u00e7o de Atendimento M\u00f3vel de Urg\u00eancia (Samu) e encaminhados inicialmente para a Unidade de Pronto Atendimento (UPA) de Capim Grosso.<\/p>\n<p>A filha foi transferida para o Hospital Emec, em Feira de Santana, e Daniel permanece internado em uma unidade hospitalar da regi\u00e3o. O estado de sa\u00fade n\u00e3o foi divulgado at\u00e9 o momento.<\/p>\n<p>A m\u00e9dica Izabel morava em Feira de Santana e trabalhava em uma Unidade B\u00e1sica de Sa\u00fade (UBS) no munic\u00edpio de Riach\u00e3o do Jacu\u00edpe. J\u00e1 Daniel vivia em Petrolina, onde residia com o filho Tarc\u00edo.<\/p>\n<h2 class=\"wp-block-heading\" id=\"h-relembre-o-caso\">Relembre o caso<\/h2>\n<p>Tarc\u00edo Vinicius, natural de Arcoverde (PE) e residente em Petrolina, foi encontrado morto na manh\u00e3 do dia 12 de maio.<a href=\"https:\/\/www.acordacidade.com.br\/policia\/dentista-suspeito-de-esfaquear-irma-no-bairro-sim-e-encontrado-morto-dentro-de-cela\/\" target=\"_blank\" rel=\"noreferrer noopener\"> Ele havia sido preso no domingo (11) ap\u00f3s uma briga familiar no condom\u00ednio onde a m\u00e3e residia, no bairro SIM.<\/a><\/p>\n<figure class=\"wp-block-image size-large\"><img data-dominant-color=\"5d677f\" data-has-transparency=\"false\" style=\"--dominant-color: #5d677f;\" decoding=\"async\" width=\"767\" height=\"1024\" sizes=\"(max-width: 767px) 100vw, 767px\" src=\"http:\/\/noticiasbahia360.com.br\/wp-content\/uploads\/2025\/05\/K6UqUzUW-tarcioviniciusoiriquescordeiro_aquivopessoal-767x1024-1.webp\" alt=\"Tarcio Vinicius Ouriques Cordeiro\" class=\"wp-image-552387 not-transparent\" srcset=\"https:\/\/uploads.acordacidade.com.br\/2025\/05\/K6UqUzUW-tarcioviniciusoiriquescordeiro_aquivopessoal-225x300.webp 225w, http:\/\/noticiasbahia360.com.br\/wp-content\/uploads\/2025\/05\/K6UqUzUW-tarcioviniciusoiriquescordeiro_aquivopessoal-767x1024-1.webp 767w, https:\/\/uploads.acordacidade.com.br\/2025\/05\/K6UqUzUW-tarcioviniciusoiriquescordeiro_aquivopessoal-768x1025.webp 768w, https:\/\/uploads.acordacidade.com.br\/2025\/05\/K6UqUzUW-tarcioviniciusoiriquescordeiro_aquivopessoal-1151x1536.webp 1151w, https:\/\/uploads.acordacidade.com.br\/2025\/05\/K6UqUzUW-tarcioviniciusoiriquescordeiro_aquivopessoal-640x853.webp 640w, https:\/\/uploads.acordacidade.com.br\/2025\/05\/K6UqUzUW-tarcioviniciusoiriquescordeiro_aquivopessoal-150x200.webp 150w, https:\/\/uploads.acordacidade.com.br\/2025\/05\/K6UqUzUW-tarcioviniciusoiriquescordeiro_aquivopessoal.webp 1200w\"><figcaption class=\"wp-element-caption\">Foto: Arquivo Pessoal<\/figcaption><\/figure>\n<p>Como foi mostrado pelo Acorda Cidade, Tarc\u00edo teria agredido a pr\u00f3pria irm\u00e3, que estaria em surto e, momentos antes, tamb\u00e9m teria agredido a m\u00e3e. A confus\u00e3o mobilizou vizinhos, que acionaram a Pol\u00edcia Militar. Ao chegarem, os policiais encontraram a mulher ca\u00edda no ch\u00e3o, com ferimentos graves, e prenderam Tarc\u00edo em flagrante.<\/p>\n<p>Ele recebeu atendimento m\u00e9dico na UPA da Queimadinha, ap\u00f3s se ferir ao quebrar uma janela, e em seguida foi conduzido \u00e0 Delegacia Especial de Atendimento \u00e0 Mulher (Deam) e depois ao Complexo de Delegacias, onde foi encontrado morto, enforcado com uma corda improvisada, conhecida como \u201ctereza\u201d, presa \u00e0s grades da cela.<\/p>\n<p>A irm\u00e3 dele ficou internada em estado grave no Hospital Emec, em Feira de Santana, de onde s\u00f3 recebeu alta no dia 20 de maio, oito dias ap\u00f3s o ocorrido.<\/p>\n<p><em>Com informa\u00e7\u00f5es do rep\u00f3rter Ed Santos do Acorda Cidade<\/em><\/p>\n<p><strong>Leia tamb\u00e9m:<\/strong><\/p>\n<p><a href=\"https:\/\/www.acordacidade.com.br\/policia\/delegado-fala-sobre-providencias-apos-dentista-tirar-a-propria-vida-no-complexo-de-delegacias\/\" target=\"_blank\" rel=\"noreferrer noopener\">Delegado fala sobre provid\u00eancias a serem adotadas ap\u00f3s dentista tirar a pr\u00f3pria vida no Complexo de Delegacias<\/a><\/p>\n<p><a href=\"https:\/\/www.acordacidade.com.br\/policia\/dentista-suspeito-de-esfaquear-irma-no-bairro-sim-e-encontrado-morto-dentro-de-cela\/\">Dentista suspeito de agredir irm\u00e3 no bairro SIM \u00e9 encontrado morto dentro de cela<\/a><\/p>\n<p><a href=\"https:\/\/www.acordacidade.com.br\/policia\/irmao-esfaqueia-irma-durante-surto-no-bairro-sim-em-feira-de-santana\/\">Irm\u00e3o agride irm\u00e3 durante surto no bairro SIM, em Feira de Santana<\/a><\/p>\n<p><a href=\"https:\/\/www.acordacidade.com.br\/policia\/agressao-contra-mae-provocou-briga-entre-irmaos-em-feira-de-santana-diz-delegada\/\">Agress\u00e3o contra m\u00e3e provocou briga entre irm\u00e3os em Feira de Santana, diz delegada<\/a><\/p>\n<p><em>Siga o Acorda Cidade no<\/em><a href=\"https:\/\/news.google.com\/search?q=acorda%20cidade&amp;hl=pt-BR&amp;gl=BR&amp;ceid=BR%3Apt-419\"><strong><em>\u00a0Google Not\u00edcias<\/em><\/strong><\/a><em>\u00a0e receba os principais destaques do dia. Participe tamb\u00e9m dos nossos canais no\u00a0<\/em><a href=\"https:\/\/www.whatsapp.com\/channel\/0029Va6Rb4v3WHTNnsh8WI3N\"><strong><em>WhatsApp<\/em><\/strong><\/a><em>\u00a0e\u00a0<\/em><a href=\"https:\/\/www.youtube.com\/@acordacidadenoticias\/videos\"><strong>Youtube<\/strong><\/a><em>\u00a0e grupo de\u00a0<\/em><a href=\"https:\/\/t.me\/+sSz0khrgARA0ZmRh\"><strong><em>Telegram<\/em><\/strong><\/a><em>.<\/em><\/p>\n<\/div>\n","protected":false},"excerpt":{"rendered":"<div>\n<div>\n<figure><img decoding=\"async\" src=\"https:\/\/uploads.acordacidade.com.br\/2025\/05\/K93T90t7-acidente-com-familia-do-dentista-.webp\" alt=\"acidente com fam\u00edlia do dentista\"><figcaption>Foto: Reprodu\u00e7\u00e3o\/Redes Sociais <\/figcaption><\/figure>\n<\/div>\n<p>O dentista Tarc\u00edo Vinicius era natural de Arcoverde (PE) e residente em Petrolina. Ele foi encontrado morto na manh\u00e3 do dia 12 de maio.<\/p><\/div>\n","protected":false},"author":1,"featured_media":87439,"comment_status":"closed","ping_status":"closed","sticky":false,"template":"","format":"gallery","meta":{"footnotes":""},"categories":[8,9,6,57,56,10],"tags":[],"class_list":["post-87438","post","type-post","status-publish","format-gallery","has-post-thumbnail","hentry","category-bahia","category-brasil","category-feira-de-santana","category-mundo","category-policia","category-politica","post_format-post-format-gallery"],"featured_image_urls":{"full":["https:\/\/noticiasbahia360.com.br\/wp-content\/uploads\/2025\/05\/K93T90t7-acidente-com-familia-do-dentista-.webp",1200,946,false],"thumbnail":["https:\/\/noticiasbahia360.com.br\/wp-content\/uploads\/2025\/05\/K93T90t7-acidente-com-familia-do-dentista--150x150.webp",150,150,true],"medium":["https:\/\/noticiasbahia360.com.br\/wp-content\/uploads\/2025\/05\/K93T90t7-acidente-com-familia-do-dentista--300x237.webp",300,237,true],"medium_large":["https:\/\/noticiasbahia360.com.br\/wp-content\/uploads\/2025\/05\/K93T90t7-acidente-com-familia-do-dentista--768x605.webp",640,504,true],"large":["https:\/\/noticiasbahia360.com.br\/wp-content\/uploads\/2025\/05\/K93T90t7-acidente-com-familia-do-dentista--1024x807.webp",640,504,true],"1536x1536":["https:\/\/noticiasbahia360.com.br\/wp-content\/uploads\/2025\/05\/K93T90t7-acidente-com-familia-do-dentista-.webp",1200,946,false],"2048x2048":["https:\/\/noticiasbahia360.com.br\/wp-content\/uploads\/2025\/05\/K93T90t7-acidente-com-familia-do-dentista-.webp",1200,946,false],"chromenews-featured":["https:\/\/noticiasbahia360.com.br\/wp-content\/uploads\/2025\/05\/K93T90t7-acidente-com-familia-do-dentista--1024x807.webp",1024,807,true],"chromenews-large":["https:\/\/noticiasbahia360.com.br\/wp-content\/uploads\/2025\/05\/K93T90t7-acidente-com-familia-do-dentista--825x575.webp",825,575,true],"chromenews-medium":["https:\/\/noticiasbahia360.com.br\/wp-content\/uploads\/2025\/05\/K93T90t7-acidente-com-familia-do-dentista--590x410.webp",590,410,true]},"author_info":{"display_name":"noticiasbahia360.com.br","author_link":"https:\/\/noticiasbahia360.com.br\/?author=1"},"category_info":"<a href=\"https:\/\/noticiasbahia360.com.br\/?cat=8\" rel=\"category\">Bahia<\/a> <a href=\"https:\/\/noticiasbahia360.com.br\/?cat=9\" rel=\"category\">Brasil<\/a> <a href=\"https:\/\/noticiasbahia360.com.br\/?cat=6\" rel=\"category\">Feira de Santana<\/a> <a href=\"https:\/\/noticiasbahia360.com.br\/?cat=57\" rel=\"category\">Mundo<\/a> <a href=\"https:\/\/noticiasbahia360.com.br\/?cat=56\" rel=\"category\">Pol\u00edcia<\/a> <a href=\"https:\/\/noticiasbahia360.com.br\/?cat=10\" rel=\"category\">Pol\u00edtica<\/a>","tag_info":"Pol\u00edtica","comment_count":"0","_links":{"self":[{"href":"https:\/\/noticiasbahia360.com.br\/index.php?rest_route=\/wp\/v2\/posts\/87438","targetHints":{"allow":["GET"]}}],"collection":[{"href":"https:\/\/noticiasbahia360.com.br\/index.php?rest_route=\/wp\/v2\/posts"}],"about":[{"href":"https:\/\/noticiasbahia360.com.br\/index.php?rest_route=\/wp\/v2\/types\/post"}],"author":[{"embeddable":true,"href":"https:\/\/noticiasbahia360.com.br\/index.php?rest_route=\/wp\/v2\/users\/1"}],"replies":[{"embeddable":true,"href":"https:\/\/noticiasbahia360.com.br\/index.php?rest_route=%2Fwp%2Fv2%2Fcomments&post=87438"}],"version-history":[{"count":0,"href":"https:\/\/noticiasbahia360.com.br\/index.php?rest_route=\/wp\/v2\/posts\/87438\/revisions"}],"wp:featuredmedia":[{"embeddable":true,"href":"https:\/\/noticiasbahia360.com.br\/index.php?rest_route=\/wp\/v2\/media\/87439"}],"wp:attachment":[{"href":"https:\/\/noticiasbahia360.com.br\/index.php?rest_route=%2Fwp%2Fv2%2Fmedia&parent=87438"}],"wp:term":[{"taxonomy":"category","embeddable":true,"href":"https:\/\/noticiasbahia360.com.br\/index.php?rest_route=%2Fwp%2Fv2%2Fcategories&post=87438"},{"taxonomy":"post_tag","embeddable":true,"href":"https:\/\/noticiasbahia360.com.br\/index.php?rest_route=%2Fwp%2Fv2%2Ftags&post=87438"}],"curies":[{"name":"wp","href":"https:\/\/api.w.org\/{rel}","templated":true}]}}