{"id":87446,"date":"2025-05-25T14:41:10","date_gmt":"2025-05-25T17:41:10","guid":{"rendered":"https:\/\/noticiasbahia360.com.br\/?p=87446"},"modified":"2025-05-25T14:41:10","modified_gmt":"2025-05-25T17:41:10","slug":"ate-que-nao-seja-abril-10a-caminhada-mobiliza-feira-de-santana-em-prol-da-causa-autista","status":"publish","type":"post","link":"https:\/\/noticiasbahia360.com.br\/?p=87446","title":{"rendered":"\u201cAt\u00e9 que n\u00e3o seja abril\u201d: 10\u00aa Caminhada  mobiliza Feira de Santana em prol da causa autista"},"content":{"rendered":"<div>\n<div>\n<figure><img decoding=\"async\" src=\"http:\/\/noticiasbahia360.com.br\/wp-content\/uploads\/2025\/05\/q8RKYQ3J-10a-caminhada-autista-.webp\" alt=\"Caminhada familia Azul\"><figcaption>Foto: Izinaldo Barreto<\/figcaption><\/figure>\n<\/div>\n<p>Na manh\u00e3 deste domingo (25), a avenida Get\u00falio Vargas foi tomada por um gesto de empatia e conscientiza\u00e7\u00e3o. A 10\u00aa edi\u00e7\u00e3o da Caminhada <strong>\u201cAt\u00e9 que n\u00e3o seja abril\u201d<\/strong>, promovida pelo Instituto Fam\u00edlia Azul, reuniu dezenas de fam\u00edlias, crian\u00e7as e apoiadores da causa do <a href=\"https:\/\/www.acordacidade.com.br\/tag\/autismo\/\">autismo<\/a>. A mobiliza\u00e7\u00e3o, que teve in\u00edcio no Feira Palace Hotel e seguiu at\u00e9 o estacionamento da Prefeitura Municipal, contou com apoio de agentes da Superintend\u00eancia Municipal de Tr\u00e2nsito (SMT), que organizaram o tr\u00e1fego liberando uma das pistas para a circula\u00e7\u00e3o de ve\u00edculos.<\/p>\n<p>O evento contou com a presen\u00e7a de autoridades municipais, incluindo o prefeito Jos\u00e9 Ronaldo de Carvalho e o vice-prefeito e secret\u00e1rio de Educa\u00e7\u00e3o, Pablo Roberto. Tamb\u00e9m estiveram presentes o secret\u00e1rio de Comunica\u00e7\u00e3o Social, Joilton Freitas; o secret\u00e1rio de Cultura, Cristiano Lobo; o secret\u00e1rio de Governo, Neto Bahia; o procurador geral do Munic\u00edpio, Guga Leal; e o chefe de Gabinete do Prefeito, M\u00e1rio Borges.<\/p>\n<figure class=\"wp-block-image size-large\"><img fetchpriority=\"high\" data-dominant-color=\"766e6d\" data-has-transparency=\"false\" style=\"--dominant-color: #766e6d;\" fetchpriority=\"high\" decoding=\"async\" width=\"1024\" height=\"683\" sizes=\"(max-width: 1024px) 100vw, 1024px\" src=\"http:\/\/noticiasbahia360.com.br\/wp-content\/uploads\/2025\/05\/fIzWFS36-Caminhada-familia-Azul-Foto-Izinaldo-Barreto-5-1024x683-1.webp\" alt=\"Caminhada familia Azul\" class=\"wp-image-557753 not-transparent\" srcset=\"https:\/\/uploads.acordacidade.com.br\/2025\/05\/fIzWFS36-Caminhada-familia-Azul-Foto-Izinaldo-Barreto-5-300x200.webp 300w, http:\/\/noticiasbahia360.com.br\/wp-content\/uploads\/2025\/05\/fIzWFS36-Caminhada-familia-Azul-Foto-Izinaldo-Barreto-5-1024x683-1.webp 1024w, https:\/\/uploads.acordacidade.com.br\/2025\/05\/fIzWFS36-Caminhada-familia-Azul-Foto-Izinaldo-Barreto-5-768x512.webp 768w, https:\/\/uploads.acordacidade.com.br\/2025\/05\/fIzWFS36-Caminhada-familia-Azul-Foto-Izinaldo-Barreto-5-150x100.webp 150w, https:\/\/uploads.acordacidade.com.br\/2025\/05\/fIzWFS36-Caminhada-familia-Azul-Foto-Izinaldo-Barreto-5.webp 1200w\"><figcaption class=\"wp-element-caption\">Foto: Izinaldo Barreto<\/figcaption><\/figure>\n<p>A coordenadora do Instituto Fam\u00edlia Azul, C\u00edntia Souza, destacou a import\u00e2ncia da caminhada fora do m\u00eas tradicional de conscientiza\u00e7\u00e3o sobre o autismo, abril, e explicou o prop\u00f3sito do evento.<\/p>\n<p>\u201c\u00c9 o m\u00eas onde realmente celebra-se a causa no mundo. Mas sentimos a necessidade de ampliar esse olhar da sociedade, trazendo esse debate para al\u00e9m de abril. Por isso, h\u00e1 dois anos, realizamos a caminhada em outra \u00e9poca do ano\u201d, afirmou C\u00edntia.<\/p>\n<figure class=\"wp-block-image size-large\"><img data-dominant-color=\"72686b\" data-has-transparency=\"false\" style=\"--dominant-color: #72686b;\" decoding=\"async\" width=\"1024\" height=\"683\" sizes=\"(max-width: 1024px) 100vw, 1024px\" src=\"http:\/\/noticiasbahia360.com.br\/wp-content\/uploads\/2025\/05\/ddE2XCSW-Caminhada-familia-Azul-Foto-Izinaldo-Barreto-3-1024x683-1.webp\" alt=\"Caminhada familia Azul\" class=\"wp-image-557752 not-transparent\" srcset=\"https:\/\/uploads.acordacidade.com.br\/2025\/05\/ddE2XCSW-Caminhada-familia-Azul-Foto-Izinaldo-Barreto-3-300x200.webp 300w, http:\/\/noticiasbahia360.com.br\/wp-content\/uploads\/2025\/05\/ddE2XCSW-Caminhada-familia-Azul-Foto-Izinaldo-Barreto-3-1024x683-1.webp 1024w, https:\/\/uploads.acordacidade.com.br\/2025\/05\/ddE2XCSW-Caminhada-familia-Azul-Foto-Izinaldo-Barreto-3-768x512.webp 768w, https:\/\/uploads.acordacidade.com.br\/2025\/05\/ddE2XCSW-Caminhada-familia-Azul-Foto-Izinaldo-Barreto-3-150x100.webp 150w, https:\/\/uploads.acordacidade.com.br\/2025\/05\/ddE2XCSW-Caminhada-familia-Azul-Foto-Izinaldo-Barreto-3.webp 1200w\"><figcaption class=\"wp-element-caption\">Foto: Izinaldo Barreto<\/figcaption><\/figure>\n<p>Ela refor\u00e7ou que a caminhada tem como miss\u00e3o provocar reflex\u00f5es cont\u00ednuas. \u201c\u00c9 um momento de grande import\u00e2ncia, em que trazemos \u00e0 tona a necessidade de uma sociedade mais inclusiva, onde o autismo n\u00e3o seja lembrado apenas por um m\u00eas, mas todos os dias\u201d.<\/p>\n<p>C\u00edntia tamb\u00e9m lembrou a trajet\u00f3ria do Instituto Fam\u00edlia Azul, que est\u00e1 prestes a completar uma d\u00e9cada de atua\u00e7\u00e3o em Feira de Santana. \u201cVamos completar 10 anos no dia 5 de agosto. Come\u00e7amos essa caminhada com o ent\u00e3o secret\u00e1rio Ildes Ferreira, que infelizmente j\u00e1 n\u00e3o est\u00e1 mais entre n\u00f3s, e o prefeito Jos\u00e9 Ronaldo. Foi uma luta di\u00e1ria, mas conseguimos avan\u00e7ar, sempre com dignidade e compromisso com as fam\u00edlias\u201d.<\/p>\n<figure class=\"wp-block-image size-large\"><img data-dominant-color=\"8d8391\" data-has-transparency=\"false\" style=\"--dominant-color: #8d8391;\" decoding=\"async\" width=\"1024\" height=\"683\" sizes=\"(max-width: 1024px) 100vw, 1024px\" src=\"http:\/\/noticiasbahia360.com.br\/wp-content\/uploads\/2025\/05\/aA8144c7-Caminhada-familia-Azul-Foto-Izinaldo-Barreto-1-1024x683-1.webp\" alt=\"Caminhada familia Azul\" class=\"wp-image-557750 not-transparent\" srcset=\"https:\/\/uploads.acordacidade.com.br\/2025\/05\/aA8144c7-Caminhada-familia-Azul-Foto-Izinaldo-Barreto-1-300x200.webp 300w, http:\/\/noticiasbahia360.com.br\/wp-content\/uploads\/2025\/05\/aA8144c7-Caminhada-familia-Azul-Foto-Izinaldo-Barreto-1-1024x683-1.webp 1024w, https:\/\/uploads.acordacidade.com.br\/2025\/05\/aA8144c7-Caminhada-familia-Azul-Foto-Izinaldo-Barreto-1-768x512.webp 768w, https:\/\/uploads.acordacidade.com.br\/2025\/05\/aA8144c7-Caminhada-familia-Azul-Foto-Izinaldo-Barreto-1-150x100.webp 150w, https:\/\/uploads.acordacidade.com.br\/2025\/05\/aA8144c7-Caminhada-familia-Azul-Foto-Izinaldo-Barreto-1.webp 1200w\"><figcaption class=\"wp-element-caption\">Foto: Izinaldo Barreto<\/figcaption><\/figure>\n<p>Hoje, o Instituto atende 125 fam\u00edlias. Sobre os n\u00fameros de pessoas com autismo no munic\u00edpio, a coordenadora relembrou um marco importante. \u201cEm 2016, realizamos o primeiro censo municipal sobre autismo em Feira, sendo a segunda cidade do Brasil a fazer isso, atr\u00e1s apenas de S\u00e3o Paulo. Naquela \u00e9poca, em apenas uma semana, conseguimos identificar cerca de 150 novos casos, com apoio das secretarias de Sa\u00fade, Educa\u00e7\u00e3o e Assist\u00eancia Social\u201d.<\/p>\n<figure class=\"wp-block-image size-large\"><img data-dominant-color=\"757375\" data-has-transparency=\"false\" style=\"--dominant-color: #757375;\" decoding=\"async\" width=\"1024\" height=\"683\" sizes=\"(max-width: 1024px) 100vw, 1024px\" src=\"http:\/\/noticiasbahia360.com.br\/wp-content\/uploads\/2025\/05\/WfBdniO4-Caminhada-familia-Azul-Foto-Izinaldo-Barreto-6-1024x683-1.webp\" alt=\"Caminhada familia Azul\" class=\"wp-image-557751 not-transparent\" srcset=\"https:\/\/uploads.acordacidade.com.br\/2025\/05\/WfBdniO4-Caminhada-familia-Azul-Foto-Izinaldo-Barreto-6-300x200.webp 300w, http:\/\/noticiasbahia360.com.br\/wp-content\/uploads\/2025\/05\/WfBdniO4-Caminhada-familia-Azul-Foto-Izinaldo-Barreto-6-1024x683-1.webp 1024w, https:\/\/uploads.acordacidade.com.br\/2025\/05\/WfBdniO4-Caminhada-familia-Azul-Foto-Izinaldo-Barreto-6-768x512.webp 768w, https:\/\/uploads.acordacidade.com.br\/2025\/05\/WfBdniO4-Caminhada-familia-Azul-Foto-Izinaldo-Barreto-6-150x100.webp 150w, https:\/\/uploads.acordacidade.com.br\/2025\/05\/WfBdniO4-Caminhada-familia-Azul-Foto-Izinaldo-Barreto-6.webp 1200w\"><figcaption class=\"wp-element-caption\">Foto: Izinaldo Barreto<\/figcaption><\/figure>\n<p>Atualmente, segundo C\u00edntia, a estimativa \u00e9 que cerca de cinco diagn\u00f3sticos de autismo sejam confirmados por dia na cidade. A aus\u00eancia de dados atualizados \u00e9 um desafio, mas o Instituto segue buscando pol\u00edticas p\u00fablicas e a\u00e7\u00f5es cont\u00ednuas para garantir apoio \u00e0s fam\u00edlias.<\/p>\n<p>A Caminhada \u201cAt\u00e9 que n\u00e3o seja abril\u201d refor\u00e7a o compromisso da cidade com uma sociedade mais justa, inclusiva e informada \u2014 onde o autismo seja pauta permanente, e n\u00e3o apenas sazonal.<\/p>\n<p><em>Com informa\u00e7\u00f5es da Secretaria Municipal de Comunica\u00e7\u00e3o Social (Secom)<\/em><\/p>\n<p><em>Siga o Acorda Cidade no<\/em><a href=\"https:\/\/news.google.com\/search?q=acorda%20cidade&amp;hl=pt-BR&amp;gl=BR&amp;ceid=BR%3Apt-419\"><strong><em>\u00a0Google Not\u00edcias<\/em><\/strong><\/a><em>\u00a0e receba os principais destaques do dia. Participe tamb\u00e9m dos nossos canais no\u00a0<\/em><a href=\"https:\/\/www.whatsapp.com\/channel\/0029Va6Rb4v3WHTNnsh8WI3N\"><strong><em>WhatsApp<\/em><\/strong><\/a><em>\u00a0e\u00a0<\/em><a href=\"https:\/\/www.youtube.com\/@acordacidadenoticias\/videos\"><strong>Youtube<\/strong><\/a><em>\u00a0e grupo de\u00a0<\/em><a href=\"https:\/\/t.me\/+sSz0khrgARA0ZmRh\"><strong><em>Telegram<\/em><\/strong><\/a><em>.<\/em><\/p>\n<\/div>\n","protected":false},"excerpt":{"rendered":"<div>\n<div>\n<figure><img decoding=\"async\" src=\"https:\/\/uploads.acordacidade.com.br\/2025\/05\/q8RKYQ3J-10a-caminhada-autista-.webp\" alt=\"Caminhada familia Azul\"><figcaption>Foto: Izinaldo Barreto<\/figcaption><\/figure>\n<\/div>\n<p>Evento refor\u00e7a o compromisso da cidade com uma sociedade mais justa, inclusiva e informada.<\/p><\/div>\n","protected":false},"author":1,"featured_media":87447,"comment_status":"closed","ping_status":"closed","sticky":false,"template":"","format":"gallery","meta":{"footnotes":""},"categories":[8,9,6,57,56,10],"tags":[],"class_list":["post-87446","post","type-post","status-publish","format-gallery","has-post-thumbnail","hentry","category-bahia","category-brasil","category-feira-de-santana","category-mundo","category-policia","category-politica","post_format-post-format-gallery"],"featured_image_urls":{"full":["https:\/\/noticiasbahia360.com.br\/wp-content\/uploads\/2025\/05\/q8RKYQ3J-10a-caminhada-autista-.webp",1200,751,false],"thumbnail":["https:\/\/noticiasbahia360.com.br\/wp-content\/uploads\/2025\/05\/q8RKYQ3J-10a-caminhada-autista--150x150.webp",150,150,true],"medium":["https:\/\/noticiasbahia360.com.br\/wp-content\/uploads\/2025\/05\/q8RKYQ3J-10a-caminhada-autista--300x188.webp",300,188,true],"medium_large":["https:\/\/noticiasbahia360.com.br\/wp-content\/uploads\/2025\/05\/q8RKYQ3J-10a-caminhada-autista--768x481.webp",640,401,true],"large":["https:\/\/noticiasbahia360.com.br\/wp-content\/uploads\/2025\/05\/q8RKYQ3J-10a-caminhada-autista--1024x641.webp",640,401,true],"1536x1536":["https:\/\/noticiasbahia360.com.br\/wp-content\/uploads\/2025\/05\/q8RKYQ3J-10a-caminhada-autista-.webp",1200,751,false],"2048x2048":["https:\/\/noticiasbahia360.com.br\/wp-content\/uploads\/2025\/05\/q8RKYQ3J-10a-caminhada-autista-.webp",1200,751,false],"chromenews-featured":["https:\/\/noticiasbahia360.com.br\/wp-content\/uploads\/2025\/05\/q8RKYQ3J-10a-caminhada-autista--1024x641.webp",1024,641,true],"chromenews-large":["https:\/\/noticiasbahia360.com.br\/wp-content\/uploads\/2025\/05\/q8RKYQ3J-10a-caminhada-autista--825x575.webp",825,575,true],"chromenews-medium":["https:\/\/noticiasbahia360.com.br\/wp-content\/uploads\/2025\/05\/q8RKYQ3J-10a-caminhada-autista--590x410.webp",590,410,true]},"author_info":{"display_name":"noticiasbahia360.com.br","author_link":"https:\/\/noticiasbahia360.com.br\/?author=1"},"category_info":"<a href=\"https:\/\/noticiasbahia360.com.br\/?cat=8\" rel=\"category\">Bahia<\/a> <a href=\"https:\/\/noticiasbahia360.com.br\/?cat=9\" rel=\"category\">Brasil<\/a> <a href=\"https:\/\/noticiasbahia360.com.br\/?cat=6\" rel=\"category\">Feira de Santana<\/a> <a href=\"https:\/\/noticiasbahia360.com.br\/?cat=57\" rel=\"category\">Mundo<\/a> <a href=\"https:\/\/noticiasbahia360.com.br\/?cat=56\" rel=\"category\">Pol\u00edcia<\/a> <a href=\"https:\/\/noticiasbahia360.com.br\/?cat=10\" rel=\"category\">Pol\u00edtica<\/a>","tag_info":"Pol\u00edtica","comment_count":"0","_links":{"self":[{"href":"https:\/\/noticiasbahia360.com.br\/index.php?rest_route=\/wp\/v2\/posts\/87446","targetHints":{"allow":["GET"]}}],"collection":[{"href":"https:\/\/noticiasbahia360.com.br\/index.php?rest_route=\/wp\/v2\/posts"}],"about":[{"href":"https:\/\/noticiasbahia360.com.br\/index.php?rest_route=\/wp\/v2\/types\/post"}],"author":[{"embeddable":true,"href":"https:\/\/noticiasbahia360.com.br\/index.php?rest_route=\/wp\/v2\/users\/1"}],"replies":[{"embeddable":true,"href":"https:\/\/noticiasbahia360.com.br\/index.php?rest_route=%2Fwp%2Fv2%2Fcomments&post=87446"}],"version-history":[{"count":0,"href":"https:\/\/noticiasbahia360.com.br\/index.php?rest_route=\/wp\/v2\/posts\/87446\/revisions"}],"wp:featuredmedia":[{"embeddable":true,"href":"https:\/\/noticiasbahia360.com.br\/index.php?rest_route=\/wp\/v2\/media\/87447"}],"wp:attachment":[{"href":"https:\/\/noticiasbahia360.com.br\/index.php?rest_route=%2Fwp%2Fv2%2Fmedia&parent=87446"}],"wp:term":[{"taxonomy":"category","embeddable":true,"href":"https:\/\/noticiasbahia360.com.br\/index.php?rest_route=%2Fwp%2Fv2%2Fcategories&post=87446"},{"taxonomy":"post_tag","embeddable":true,"href":"https:\/\/noticiasbahia360.com.br\/index.php?rest_route=%2Fwp%2Fv2%2Ftags&post=87446"}],"curies":[{"name":"wp","href":"https:\/\/api.w.org\/{rel}","templated":true}]}}