{"id":87454,"date":"2025-05-25T15:05:32","date_gmt":"2025-05-25T18:05:32","guid":{"rendered":"https:\/\/noticiasbahia360.com.br\/?p=87454"},"modified":"2025-05-25T15:05:32","modified_gmt":"2025-05-25T18:05:32","slug":"vacinacao-964-doses-sao-aplicadas-contra-a-gripe-em-um-dia","status":"publish","type":"post","link":"https:\/\/noticiasbahia360.com.br\/?p=87454","title":{"rendered":"Vacina\u00e7\u00e3o: 964 doses s\u00e3o aplicadas contra a gripe em um dia"},"content":{"rendered":"<div>\n<div>\n<figure><img decoding=\"async\" src=\"http:\/\/noticiasbahia360.com.br\/wp-content\/uploads\/2025\/05\/1XsYkswZ-vacinacao-contra-a-gripe.webp\" alt=\"vacina\u00e7\u00e3o contra a gripe\"><figcaption>Foto: Wevylle Monteiro<\/figcaption><\/figure>\n<\/div>\n<p>Feira de Santana promoveu, no s\u00e1bado (24), mais uma a\u00e7\u00e3o de vacina\u00e7\u00e3o contra a gripe, refor\u00e7ando o compromisso com a prote\u00e7\u00e3o da popula\u00e7\u00e3o. A iniciativa da Secretaria Municipal de Sa\u00fade (SMS) disponibilizou dois pontos estrat\u00e9gicos para facilitar o acesso ao imunizante, destinado a todas as pessoas com mais de seis meses de idade. <strong>Ao todo, foram aplicadas 964 doses da vacina contra a influenza.<\/strong><\/p>\n<p>A mobiliza\u00e7\u00e3o pela vacina\u00e7\u00e3o ocorreu em dois locais de grande circula\u00e7\u00e3o: no Shopping Avenida, situado na avenida Noide Cerqueira, no bairro SIM, onde foram aplicadas 756 doses contra a gripe e 203 contra a Covid-19, e no estacionamento da Prefeitura, na avenida Get\u00falio Vargas, no centro da cidade, com 208 doses aplicadas.<\/p>\n<figure class=\"wp-block-image size-large\"><img fetchpriority=\"high\" data-dominant-color=\"757073\" data-has-transparency=\"false\" style=\"--dominant-color: #757073;\" fetchpriority=\"high\" decoding=\"async\" width=\"1024\" height=\"629\" sizes=\"(max-width: 1024px) 100vw, 1024px\" src=\"http:\/\/noticiasbahia360.com.br\/wp-content\/uploads\/2025\/05\/6B9zAyqx-vacinacao-contra-a-gripe-1-1024x629-1.webp\" alt=\"vacina\u00e7\u00e3o contra a gripe\" class=\"wp-image-557762 not-transparent\" srcset=\"https:\/\/uploads.acordacidade.com.br\/2025\/05\/6B9zAyqx-vacinacao-contra-a-gripe-1-300x184.webp 300w, http:\/\/noticiasbahia360.com.br\/wp-content\/uploads\/2025\/05\/6B9zAyqx-vacinacao-contra-a-gripe-1-1024x629-1.webp 1024w, https:\/\/uploads.acordacidade.com.br\/2025\/05\/6B9zAyqx-vacinacao-contra-a-gripe-1-768x472.webp 768w, https:\/\/uploads.acordacidade.com.br\/2025\/05\/6B9zAyqx-vacinacao-contra-a-gripe-1-150x92.webp 150w, https:\/\/uploads.acordacidade.com.br\/2025\/05\/6B9zAyqx-vacinacao-contra-a-gripe-1.webp 1200w\"><figcaption class=\"wp-element-caption\">Foto: Wevylle Monteiro<\/figcaption><\/figure>\n<p>O secret\u00e1rio municipal de Sa\u00fade, Rodrigo Matos, acompanhou de perto a a\u00e7\u00e3o. Segundo ele, a estrat\u00e9gia de vacinar aos s\u00e1bados tem como objetivo ampliar a cobertura vacinal e alcan\u00e7ar um p\u00fablico ainda maior.<\/p>\n<p>\u201cAgora com a amplia\u00e7\u00e3o do p\u00fablico eleg\u00edvel \u00e0 imuniza\u00e7\u00e3o pretendemos alcan\u00e7ar n\u00fameros ainda mais expressivos. Para isso, ampliamos as possibilidades de garantir a todos a dose de prote\u00e7\u00e3o com a\u00e7\u00f5es estrat\u00e9gicas aos s\u00e1bados. Imunizar \u00e9 um ato de amor, de responsabilidade\u201d, destacou.<\/p>\n<figure class=\"wp-block-image size-large\"><img data-dominant-color=\"b58d72\" data-has-transparency=\"false\" style=\"--dominant-color: #b58d72;\" decoding=\"async\" width=\"1024\" height=\"703\" sizes=\"(max-width: 1024px) 100vw, 1024px\" src=\"http:\/\/noticiasbahia360.com.br\/wp-content\/uploads\/2025\/05\/7umWUZk2-vacinacao-contra-a-gripe-1024x703-1.webp\" alt=\"vacina\u00e7\u00e3o contra a gripe\" class=\"wp-image-557763 not-transparent\" srcset=\"https:\/\/uploads.acordacidade.com.br\/2025\/05\/7umWUZk2-vacinacao-contra-a-gripe--300x206.webp 300w, http:\/\/noticiasbahia360.com.br\/wp-content\/uploads\/2025\/05\/7umWUZk2-vacinacao-contra-a-gripe-1024x703-1.webp 1024w, https:\/\/uploads.acordacidade.com.br\/2025\/05\/7umWUZk2-vacinacao-contra-a-gripe--768x527.webp 768w, https:\/\/uploads.acordacidade.com.br\/2025\/05\/7umWUZk2-vacinacao-contra-a-gripe--150x103.webp 150w, https:\/\/uploads.acordacidade.com.br\/2025\/05\/7umWUZk2-vacinacao-contra-a-gripe-.webp 1200w\"><figcaption class=\"wp-element-caption\">Foto: Wevylle Monteiro<\/figcaption><\/figure>\n<p>Desde o in\u00edcio da campanha, no dia 31 de mar\u00e7o, Feira de Santana j\u00e1 imunizou 63.181 pessoas contra a influenza. A vacina continua dispon\u00edvel durante a semana nas 103 salas de imuniza\u00e7\u00e3o da rede municipal. Para se vacinar, \u00e9 necess\u00e1rio apresentar um documento de identifica\u00e7\u00e3o, cart\u00e3o do SUS e a caderneta de vacina\u00e7\u00e3o.<\/p>\n<p>A SMS lembra que a vacina\u00e7\u00e3o contra a gripe ser\u00e1 mantida ao longo do ano, conforme prev\u00ea o Calend\u00e1rio Nacional de Vacina\u00e7\u00e3o, com foco especial em crian\u00e7as, gestantes e pessoas com mais de 60 anos.<\/p>\n<p><em>Com informa\u00e7\u00f5es da Secretaria Municipal de Comunica\u00e7\u00e3o Social (Secom)<\/em><\/p>\n<p><em>Siga o Acorda Cidade no<\/em><a href=\"https:\/\/news.google.com\/search?q=acorda%20cidade&amp;hl=pt-BR&amp;gl=BR&amp;ceid=BR%3Apt-419\"><strong><em>\u00a0Google Not\u00edcias<\/em><\/strong><\/a><em>\u00a0e receba os principais destaques do dia. Participe tamb\u00e9m dos nossos canais no\u00a0<\/em><a href=\"https:\/\/www.whatsapp.com\/channel\/0029Va6Rb4v3WHTNnsh8WI3N\"><strong><em>WhatsApp<\/em><\/strong><\/a><em>\u00a0e\u00a0<\/em><a href=\"https:\/\/www.youtube.com\/@acordacidadenoticias\/videos\"><strong>Youtube<\/strong><\/a><em>\u00a0e grupo de\u00a0<\/em><a href=\"https:\/\/t.me\/+sSz0khrgARA0ZmRh\"><strong><em>Telegram<\/em><\/strong><\/a><em>.<\/em><\/p>\n<\/div>\n","protected":false},"excerpt":{"rendered":"<div>\n<div>\n<figure><img decoding=\"async\" src=\"https:\/\/uploads.acordacidade.com.br\/2025\/05\/1XsYkswZ-vacinacao-contra-a-gripe.webp\" alt=\"vacina\u00e7\u00e3o contra a gripe\"><figcaption>Foto: Wevylle Monteiro<\/figcaption><\/figure>\n<\/div>\n<p>A\u00e7\u00f5es em locais estrat\u00e9gicos ampliam as possibilidades de acesso \u00e0 imuniza\u00e7\u00e3o.<\/p><\/div>\n","protected":false},"author":1,"featured_media":87455,"comment_status":"closed","ping_status":"closed","sticky":false,"template":"","format":"gallery","meta":{"footnotes":""},"categories":[8,9,6,57,56,10],"tags":[],"class_list":["post-87454","post","type-post","status-publish","format-gallery","has-post-thumbnail","hentry","category-bahia","category-brasil","category-feira-de-santana","category-mundo","category-policia","category-politica","post_format-post-format-gallery"],"featured_image_urls":{"full":["https:\/\/noticiasbahia360.com.br\/wp-content\/uploads\/2025\/05\/1XsYkswZ-vacinacao-contra-a-gripe.webp",1200,853,false],"thumbnail":["https:\/\/noticiasbahia360.com.br\/wp-content\/uploads\/2025\/05\/1XsYkswZ-vacinacao-contra-a-gripe-150x150.webp",150,150,true],"medium":["https:\/\/noticiasbahia360.com.br\/wp-content\/uploads\/2025\/05\/1XsYkswZ-vacinacao-contra-a-gripe-300x213.webp",300,213,true],"medium_large":["https:\/\/noticiasbahia360.com.br\/wp-content\/uploads\/2025\/05\/1XsYkswZ-vacinacao-contra-a-gripe-768x546.webp",640,455,true],"large":["https:\/\/noticiasbahia360.com.br\/wp-content\/uploads\/2025\/05\/1XsYkswZ-vacinacao-contra-a-gripe-1024x728.webp",640,455,true],"1536x1536":["https:\/\/noticiasbahia360.com.br\/wp-content\/uploads\/2025\/05\/1XsYkswZ-vacinacao-contra-a-gripe.webp",1200,853,false],"2048x2048":["https:\/\/noticiasbahia360.com.br\/wp-content\/uploads\/2025\/05\/1XsYkswZ-vacinacao-contra-a-gripe.webp",1200,853,false],"chromenews-featured":["https:\/\/noticiasbahia360.com.br\/wp-content\/uploads\/2025\/05\/1XsYkswZ-vacinacao-contra-a-gripe-1024x728.webp",1024,728,true],"chromenews-large":["https:\/\/noticiasbahia360.com.br\/wp-content\/uploads\/2025\/05\/1XsYkswZ-vacinacao-contra-a-gripe-825x575.webp",825,575,true],"chromenews-medium":["https:\/\/noticiasbahia360.com.br\/wp-content\/uploads\/2025\/05\/1XsYkswZ-vacinacao-contra-a-gripe-590x410.webp",590,410,true]},"author_info":{"display_name":"noticiasbahia360.com.br","author_link":"https:\/\/noticiasbahia360.com.br\/?author=1"},"category_info":"<a href=\"https:\/\/noticiasbahia360.com.br\/?cat=8\" rel=\"category\">Bahia<\/a> <a href=\"https:\/\/noticiasbahia360.com.br\/?cat=9\" rel=\"category\">Brasil<\/a> <a href=\"https:\/\/noticiasbahia360.com.br\/?cat=6\" rel=\"category\">Feira de Santana<\/a> <a href=\"https:\/\/noticiasbahia360.com.br\/?cat=57\" rel=\"category\">Mundo<\/a> <a href=\"https:\/\/noticiasbahia360.com.br\/?cat=56\" rel=\"category\">Pol\u00edcia<\/a> <a href=\"https:\/\/noticiasbahia360.com.br\/?cat=10\" rel=\"category\">Pol\u00edtica<\/a>","tag_info":"Pol\u00edtica","comment_count":"0","_links":{"self":[{"href":"https:\/\/noticiasbahia360.com.br\/index.php?rest_route=\/wp\/v2\/posts\/87454","targetHints":{"allow":["GET"]}}],"collection":[{"href":"https:\/\/noticiasbahia360.com.br\/index.php?rest_route=\/wp\/v2\/posts"}],"about":[{"href":"https:\/\/noticiasbahia360.com.br\/index.php?rest_route=\/wp\/v2\/types\/post"}],"author":[{"embeddable":true,"href":"https:\/\/noticiasbahia360.com.br\/index.php?rest_route=\/wp\/v2\/users\/1"}],"replies":[{"embeddable":true,"href":"https:\/\/noticiasbahia360.com.br\/index.php?rest_route=%2Fwp%2Fv2%2Fcomments&post=87454"}],"version-history":[{"count":0,"href":"https:\/\/noticiasbahia360.com.br\/index.php?rest_route=\/wp\/v2\/posts\/87454\/revisions"}],"wp:featuredmedia":[{"embeddable":true,"href":"https:\/\/noticiasbahia360.com.br\/index.php?rest_route=\/wp\/v2\/media\/87455"}],"wp:attachment":[{"href":"https:\/\/noticiasbahia360.com.br\/index.php?rest_route=%2Fwp%2Fv2%2Fmedia&parent=87454"}],"wp:term":[{"taxonomy":"category","embeddable":true,"href":"https:\/\/noticiasbahia360.com.br\/index.php?rest_route=%2Fwp%2Fv2%2Fcategories&post=87454"},{"taxonomy":"post_tag","embeddable":true,"href":"https:\/\/noticiasbahia360.com.br\/index.php?rest_route=%2Fwp%2Fv2%2Ftags&post=87454"}],"curies":[{"name":"wp","href":"https:\/\/api.w.org\/{rel}","templated":true}]}}