{"id":87458,"date":"2025-05-25T15:05:42","date_gmt":"2025-05-25T18:05:42","guid":{"rendered":"https:\/\/noticiasbahia360.com.br\/?p=87458"},"modified":"2025-05-25T15:05:42","modified_gmt":"2025-05-25T18:05:42","slug":"jaques-wagner-volta-a-negar-que-ira-desistir-da-disputa-pela-reeleicao-ao-senado-em-2026","status":"publish","type":"post","link":"https:\/\/noticiasbahia360.com.br\/?p=87458","title":{"rendered":"Jaques Wagner volta a negar que ir\u00e1 desistir da disputa pela reelei\u00e7\u00e3o ao Senado em 2026"},"content":{"rendered":"<div>\n<div>\n<figure><img decoding=\"async\" src=\"http:\/\/noticiasbahia360.com.br\/wp-content\/uploads\/2025\/05\/Jaques-Wagner-Foto-Jefferson-Rudy-Agencia-Senado.jpeg\" alt=\"Jaques Wagner\"><figcaption>Foto: Foto Jefferson Rudy\/Ag\u00eancia Senado<\/figcaption><\/figure>\n<\/div>\n<p>O senador Jaques Wagner usou as redes sociais no in\u00edcio da tarde deste domingo (25) para reafirmar que n\u00e3o vai desistir da candidatura pela reelei\u00e7\u00e3o ao Senado. Na mensagem, Wagner refuta especula\u00e7\u00f5es sobre uma poss\u00edvel sa\u00edda\u00a0dele do p\u00e1reo para o cargo.<\/p>\n<p>Na \u00faltima sexta-feira (23), o senador declarou que segue na discuss\u00e3o pela forma\u00e7\u00e3o de chapa, o que inclui os nomes escolhidos pelo governo baiano para o pleito de 2026. Por\u00e9m, afirmou que no momento\u00a0<a href=\"https:\/\/www.bahianoticias.com.br\/noticia\/304970-wagner-confirma-dialogo-sobre-senado-em-2026-porem-sinaliza-que-atualmente-nao-abre-mao-de-nada\" target=\"_blank\" rel=\"noreferrer noopener\">n\u00e3o pensa em abrir m\u00e3o<\/a>\u00a0de ser um dos dois postulantes ao Senado.<\/p>\n<p>Fontes ouvidas pelo Bahia Not\u00edcias, parceiro do Acorda Cidade, relataram que Wagner foi procurado para tentar um \u201csacrif\u00edcio\u201d, o que permitiria a candidatura de \u00c2ngelo Coronel (PSD) \u00e0 reelei\u00e7\u00e3o e a acomoda\u00e7\u00e3o de Rui Costa (PT) na outra vaga na chapa para o Senado. Na mensagem deste domingo, Wagner parece que n\u00e3o querer a incumb\u00eancia.\u00a0<\/p>\n<p>\u201cTenho visto not\u00edcias circulando a meu respeito, dando como certa uma decis\u00e3o que simplesmente n\u00e3o foi tomada. N\u00e3o \u00e9 verdade que eu v\u00e1 abrir m\u00e3o da reelei\u00e7\u00e3o em 2026 ou que j\u00e1 exista qualquer defini\u00e7\u00e3o sobre esse tema. Neste momento meu foco continua sendo cuidar da Bahia e ajudar o Brasil a seguir avan\u00e7ando no que realmente importa: melhorar a vida das pessoas\u201d, diz trecho da mensagem.\u00a0<\/p>\n<p><em>Fonte: <a href=\"https:\/\/www.bahianoticias.com.br\/noticia\/305018-wagner-volta-a-refutar-desistencia-pela-reeleicao-ao-senado-em-2026\" target=\"_blank\" rel=\"noreferrer noopener\">Bahia Not\u00edcias<\/a><\/em><\/p>\n<p><em>Siga o Acorda Cidade no<\/em><a href=\"https:\/\/news.google.com\/search?q=acorda%20cidade&amp;hl=pt-BR&amp;gl=BR&amp;ceid=BR%3Apt-419\"><strong><em>\u00a0Google Not\u00edcias<\/em><\/strong><\/a><em>\u00a0e receba os principais destaques do dia. Participe tamb\u00e9m dos nossos canais no\u00a0<\/em><a href=\"https:\/\/www.whatsapp.com\/channel\/0029Va6Rb4v3WHTNnsh8WI3N\"><strong><em>WhatsApp<\/em><\/strong><\/a><em>\u00a0e\u00a0<\/em><a href=\"https:\/\/www.youtube.com\/@acordacidadenoticias\/videos\"><strong>Youtube<\/strong><\/a><em>\u00a0e grupo de\u00a0<\/em><a href=\"https:\/\/t.me\/+sSz0khrgARA0ZmRh\"><strong><em>Telegram<\/em><\/strong><\/a><em>.<\/em><\/p>\n<\/div>\n","protected":false},"excerpt":{"rendered":"<div>\n<div>\n<figure><img decoding=\"async\" src=\"https:\/\/uploads.acordacidade.com.br\/wp-content\/uploads\/2022\/06\/14091845\/Jaques-Wagner-Foto-Jefferson-Rudy-Agencia-Senado.jpeg\" alt=\"Jaques Wagner\"><figcaption>Foto: Foto Jefferson Rudy\/Ag\u00eancia Senado<\/figcaption><\/figure>\n<\/div>\n<p>Na \u00faltima sexta-feira (23), o senador declarou que segue na discuss\u00e3o pela forma\u00e7\u00e3o de chapa, o que inclui os nomes escolhidos pelo governo baiano.<\/p><\/div>\n","protected":false},"author":1,"featured_media":87459,"comment_status":"closed","ping_status":"closed","sticky":false,"template":"","format":"gallery","meta":{"footnotes":""},"categories":[8,9,6,57,56,10],"tags":[],"class_list":["post-87458","post","type-post","status-publish","format-gallery","has-post-thumbnail","hentry","category-bahia","category-brasil","category-feira-de-santana","category-mundo","category-policia","category-politica","post_format-post-format-gallery"],"featured_image_urls":{"full":["https:\/\/noticiasbahia360.com.br\/wp-content\/uploads\/2025\/05\/Jaques-Wagner-Foto-Jefferson-Rudy-Agencia-Senado.jpeg",675,361,false],"thumbnail":["https:\/\/noticiasbahia360.com.br\/wp-content\/uploads\/2025\/05\/Jaques-Wagner-Foto-Jefferson-Rudy-Agencia-Senado-150x150.jpeg",150,150,true],"medium":["https:\/\/noticiasbahia360.com.br\/wp-content\/uploads\/2025\/05\/Jaques-Wagner-Foto-Jefferson-Rudy-Agencia-Senado-300x160.jpeg",300,160,true],"medium_large":["https:\/\/noticiasbahia360.com.br\/wp-content\/uploads\/2025\/05\/Jaques-Wagner-Foto-Jefferson-Rudy-Agencia-Senado.jpeg",640,342,false],"large":["https:\/\/noticiasbahia360.com.br\/wp-content\/uploads\/2025\/05\/Jaques-Wagner-Foto-Jefferson-Rudy-Agencia-Senado.jpeg",640,342,false],"1536x1536":["https:\/\/noticiasbahia360.com.br\/wp-content\/uploads\/2025\/05\/Jaques-Wagner-Foto-Jefferson-Rudy-Agencia-Senado.jpeg",675,361,false],"2048x2048":["https:\/\/noticiasbahia360.com.br\/wp-content\/uploads\/2025\/05\/Jaques-Wagner-Foto-Jefferson-Rudy-Agencia-Senado.jpeg",675,361,false],"chromenews-featured":["https:\/\/noticiasbahia360.com.br\/wp-content\/uploads\/2025\/05\/Jaques-Wagner-Foto-Jefferson-Rudy-Agencia-Senado.jpeg",675,361,false],"chromenews-large":["https:\/\/noticiasbahia360.com.br\/wp-content\/uploads\/2025\/05\/Jaques-Wagner-Foto-Jefferson-Rudy-Agencia-Senado.jpeg",675,361,false],"chromenews-medium":["https:\/\/noticiasbahia360.com.br\/wp-content\/uploads\/2025\/05\/Jaques-Wagner-Foto-Jefferson-Rudy-Agencia-Senado-590x361.jpeg",590,361,true]},"author_info":{"display_name":"noticiasbahia360.com.br","author_link":"https:\/\/noticiasbahia360.com.br\/?author=1"},"category_info":"<a href=\"https:\/\/noticiasbahia360.com.br\/?cat=8\" rel=\"category\">Bahia<\/a> <a href=\"https:\/\/noticiasbahia360.com.br\/?cat=9\" rel=\"category\">Brasil<\/a> <a href=\"https:\/\/noticiasbahia360.com.br\/?cat=6\" rel=\"category\">Feira de Santana<\/a> <a href=\"https:\/\/noticiasbahia360.com.br\/?cat=57\" rel=\"category\">Mundo<\/a> <a href=\"https:\/\/noticiasbahia360.com.br\/?cat=56\" rel=\"category\">Pol\u00edcia<\/a> <a href=\"https:\/\/noticiasbahia360.com.br\/?cat=10\" rel=\"category\">Pol\u00edtica<\/a>","tag_info":"Pol\u00edtica","comment_count":"0","_links":{"self":[{"href":"https:\/\/noticiasbahia360.com.br\/index.php?rest_route=\/wp\/v2\/posts\/87458","targetHints":{"allow":["GET"]}}],"collection":[{"href":"https:\/\/noticiasbahia360.com.br\/index.php?rest_route=\/wp\/v2\/posts"}],"about":[{"href":"https:\/\/noticiasbahia360.com.br\/index.php?rest_route=\/wp\/v2\/types\/post"}],"author":[{"embeddable":true,"href":"https:\/\/noticiasbahia360.com.br\/index.php?rest_route=\/wp\/v2\/users\/1"}],"replies":[{"embeddable":true,"href":"https:\/\/noticiasbahia360.com.br\/index.php?rest_route=%2Fwp%2Fv2%2Fcomments&post=87458"}],"version-history":[{"count":0,"href":"https:\/\/noticiasbahia360.com.br\/index.php?rest_route=\/wp\/v2\/posts\/87458\/revisions"}],"wp:featuredmedia":[{"embeddable":true,"href":"https:\/\/noticiasbahia360.com.br\/index.php?rest_route=\/wp\/v2\/media\/87459"}],"wp:attachment":[{"href":"https:\/\/noticiasbahia360.com.br\/index.php?rest_route=%2Fwp%2Fv2%2Fmedia&parent=87458"}],"wp:term":[{"taxonomy":"category","embeddable":true,"href":"https:\/\/noticiasbahia360.com.br\/index.php?rest_route=%2Fwp%2Fv2%2Fcategories&post=87458"},{"taxonomy":"post_tag","embeddable":true,"href":"https:\/\/noticiasbahia360.com.br\/index.php?rest_route=%2Fwp%2Fv2%2Ftags&post=87458"}],"curies":[{"name":"wp","href":"https:\/\/api.w.org\/{rel}","templated":true}]}}