{"id":87464,"date":"2025-05-25T15:48:53","date_gmt":"2025-05-25T18:48:53","guid":{"rendered":"https:\/\/noticiasbahia360.com.br\/?p=87464"},"modified":"2025-05-25T15:48:53","modified_gmt":"2025-05-25T18:48:53","slug":"operacao-combate-poluicao-sonora-em-bairros-populares-de-salvador-32-aparelhos-foram-apreendidos","status":"publish","type":"post","link":"https:\/\/noticiasbahia360.com.br\/?p=87464","title":{"rendered":"Opera\u00e7\u00e3o combate polui\u00e7\u00e3o sonora em bairros populares de Salvador; 32 aparelhos foram apreendidos"},"content":{"rendered":"<div>\n<div>\n<figure><img decoding=\"async\" src=\"http:\/\/noticiasbahia360.com.br\/wp-content\/uploads\/2025\/05\/4znmMTUP-Operacao-combate-poluicao-sonora-em-Salvador.webp\" alt=\"Opera\u00e7\u00e3o combate polui\u00e7\u00e3o sonora em Salvador\"><figcaption>Foto: M\u00e1rcia Santana\/Ascom SSP<\/figcaption><\/figure>\n<\/div>\n<p>Para combater a polui\u00e7\u00e3o sonora em bairros da capital baiana, a <a href=\"https:\/\/www.acordacidade.com.br\/tag\/ssp-ba\/\">Secretaria da Seguran\u00e7a P\u00fablica<\/a> realizou, na noite de s\u00e1bado (24), o Dia D da Opera\u00e7\u00e3o S\u00edlere. A a\u00e7\u00e3o integrada conta com equipes da SSP e do munic\u00edpio.<\/p>\n<figure class=\"wp-block-image size-large\"><img fetchpriority=\"high\" data-dominant-color=\"3d3b3b\" data-has-transparency=\"false\" style=\"--dominant-color: #3d3b3b;\" fetchpriority=\"high\" decoding=\"async\" width=\"1024\" height=\"712\" sizes=\"(max-width: 1024px) 100vw, 1024px\" src=\"http:\/\/noticiasbahia360.com.br\/wp-content\/uploads\/2025\/05\/dKMAdx3I-Operacao-combate-poluicao-sonora-em-Salvador-1024x712-1.webp\" alt=\"Opera\u00e7\u00e3o combate polui\u00e7\u00e3o sonora em Salvador\" class=\"wp-image-557790 not-transparent\" srcset=\"https:\/\/uploads.acordacidade.com.br\/2025\/05\/dKMAdx3I-Operacao-combate-poluicao-sonora-em-Salvador--300x209.webp 300w, http:\/\/noticiasbahia360.com.br\/wp-content\/uploads\/2025\/05\/dKMAdx3I-Operacao-combate-poluicao-sonora-em-Salvador-1024x712-1.webp 1024w, https:\/\/uploads.acordacidade.com.br\/2025\/05\/dKMAdx3I-Operacao-combate-poluicao-sonora-em-Salvador--768x534.webp 768w, https:\/\/uploads.acordacidade.com.br\/2025\/05\/dKMAdx3I-Operacao-combate-poluicao-sonora-em-Salvador--150x104.webp 150w, https:\/\/uploads.acordacidade.com.br\/2025\/05\/dKMAdx3I-Operacao-combate-poluicao-sonora-em-Salvador-.webp 1200w\"><figcaption class=\"wp-element-caption\">Foto: M\u00e1rcia Santana\/Ascom SSP<\/figcaption><\/figure>\n<p>O coordenador da S\u00edlere, tenente-coronel PM Raimundo Cerqueira, frisou que este \u00e9 o 13\u00b0 ano da opera\u00e7\u00e3o, com execelentes resultados. \u201cMuita gente acredita que a S\u00edlere combate apenas \u00e0 quest\u00e3o da perturba\u00e7\u00e3o de sossego, mas nosso foco tamb\u00e9m \u00e9 combater crimes violentos letais intencionais, principalmente no hor\u00e1rio noturno\u201d, frisou o oficial.<\/p>\n<figure class=\"wp-block-image size-large\"><img data-dominant-color=\"423d37\" data-has-transparency=\"false\" style=\"--dominant-color: #423d37;\" decoding=\"async\" width=\"1024\" height=\"768\" sizes=\"(max-width: 1024px) 100vw, 1024px\" src=\"http:\/\/noticiasbahia360.com.br\/wp-content\/uploads\/2025\/05\/NxDRaX2B-Operacao-combate-poluicao-sonora-em-Salvador-1-1024x768-1.webp\" alt=\"Opera\u00e7\u00e3o combate polui\u00e7\u00e3o sonora em Salvador\" class=\"wp-image-557789 not-transparent\" srcset=\"https:\/\/uploads.acordacidade.com.br\/2025\/05\/NxDRaX2B-Operacao-combate-poluicao-sonora-em-Salvador-1-300x225.webp 300w, http:\/\/noticiasbahia360.com.br\/wp-content\/uploads\/2025\/05\/NxDRaX2B-Operacao-combate-poluicao-sonora-em-Salvador-1-1024x768-1.webp 1024w, https:\/\/uploads.acordacidade.com.br\/2025\/05\/NxDRaX2B-Operacao-combate-poluicao-sonora-em-Salvador-1-768x576.webp 768w, https:\/\/uploads.acordacidade.com.br\/2025\/05\/NxDRaX2B-Operacao-combate-poluicao-sonora-em-Salvador-1-150x113.webp 150w, https:\/\/uploads.acordacidade.com.br\/2025\/05\/NxDRaX2B-Operacao-combate-poluicao-sonora-em-Salvador-1.webp 1200w\"><figcaption class=\"wp-element-caption\">Foto: M\u00e1rcia Santana\/Ascom SSP<\/figcaption><\/figure>\n<p>Participam da inciativa a Superintend\u00eancia Integrada da A\u00e7\u00e3o Policial da SSP, a Pol\u00edcia Militar, atrav\u00e9s do Comando de Policiamento Regional Central, Companhia de Policiamento de Prote\u00e7\u00e3o Ambiental e do Batalh\u00e3o Especializado em Policiamento de Eventos, a Sedur, Guarda Municipal e Transalvador.<\/p>\n<figure class=\"wp-block-image size-large\"><img data-dominant-color=\"504a3f\" data-has-transparency=\"false\" style=\"--dominant-color: #504a3f;\" decoding=\"async\" width=\"1024\" height=\"656\" sizes=\"(max-width: 1024px) 100vw, 1024px\" src=\"http:\/\/noticiasbahia360.com.br\/wp-content\/uploads\/2025\/05\/LbGZAebc-Operacao-combate-poluicao-sonora-em-Salvador-2-1024x656-1.webp\" alt=\"Opera\u00e7\u00e3o combate polui\u00e7\u00e3o sonora em Salvador\" class=\"wp-image-557788 not-transparent\" srcset=\"https:\/\/uploads.acordacidade.com.br\/2025\/05\/LbGZAebc-Operacao-combate-poluicao-sonora-em-Salvador-2-300x192.webp 300w, http:\/\/noticiasbahia360.com.br\/wp-content\/uploads\/2025\/05\/LbGZAebc-Operacao-combate-poluicao-sonora-em-Salvador-2-1024x656-1.webp 1024w, https:\/\/uploads.acordacidade.com.br\/2025\/05\/LbGZAebc-Operacao-combate-poluicao-sonora-em-Salvador-2-768x492.webp 768w, https:\/\/uploads.acordacidade.com.br\/2025\/05\/LbGZAebc-Operacao-combate-poluicao-sonora-em-Salvador-2-150x96.webp 150w, https:\/\/uploads.acordacidade.com.br\/2025\/05\/LbGZAebc-Operacao-combate-poluicao-sonora-em-Salvador-2.webp 1200w\"><figcaption class=\"wp-element-caption\">Foto: M\u00e1rcia Santana\/Ascom SSP<\/figcaption><\/figure>\n<p>A iniciativa foi iniciada na \u00faltima sexta-feira (23), com policiamento ostensivo e a\u00e7\u00f5es em \u00e1reas com maior \u00edndice de casos.<strong> 32 equipamentos sonoros acabaram apreendidos.<\/strong><\/p>\n<p><em>Siga o Acorda Cidade no<\/em><a href=\"https:\/\/news.google.com\/search?q=acorda%20cidade&amp;hl=pt-BR&amp;gl=BR&amp;ceid=BR%3Apt-419\"><strong><em>\u00a0Google Not\u00edcias<\/em><\/strong><\/a><em>\u00a0e receba os principais destaques do dia. Participe tamb\u00e9m dos nossos canais no\u00a0<\/em><a href=\"https:\/\/www.whatsapp.com\/channel\/0029Va6Rb4v3WHTNnsh8WI3N\"><strong><em>WhatsApp<\/em><\/strong><\/a><em>\u00a0e\u00a0<\/em><a href=\"https:\/\/www.youtube.com\/@acordacidadenoticias\/videos\"><strong>Youtube<\/strong><\/a><em>\u00a0e grupo de\u00a0<\/em><a href=\"https:\/\/t.me\/+sSz0khrgARA0ZmRh\"><strong><em>Telegram<\/em><\/strong><\/a><em>.<\/em><\/p>\n<\/div>\n","protected":false},"excerpt":{"rendered":"<div>\n<div>\n<figure><img decoding=\"async\" src=\"https:\/\/uploads.acordacidade.com.br\/2025\/05\/4znmMTUP-Operacao-combate-poluicao-sonora-em-Salvador.webp\" alt=\"Opera\u00e7\u00e3o combate polui\u00e7\u00e3o sonora em Salvador\"><figcaption>Foto: M\u00e1rcia Santana\/Ascom SSP<\/figcaption><\/figure>\n<\/div>\n<p>Dia D da Opera\u00e7\u00e3o aconteceu no s\u00e1bado (24), em diversos bairros da capital baiana.<\/p><\/div>\n","protected":false},"author":1,"featured_media":87465,"comment_status":"closed","ping_status":"closed","sticky":false,"template":"","format":"gallery","meta":{"footnotes":""},"categories":[8,9,6,57,56,10],"tags":[],"class_list":["post-87464","post","type-post","status-publish","format-gallery","has-post-thumbnail","hentry","category-bahia","category-brasil","category-feira-de-santana","category-mundo","category-policia","category-politica","post_format-post-format-gallery"],"featured_image_urls":{"full":["https:\/\/noticiasbahia360.com.br\/wp-content\/uploads\/2025\/05\/4znmMTUP-Operacao-combate-poluicao-sonora-em-Salvador.webp",1200,900,false],"thumbnail":["https:\/\/noticiasbahia360.com.br\/wp-content\/uploads\/2025\/05\/4znmMTUP-Operacao-combate-poluicao-sonora-em-Salvador-150x150.webp",150,150,true],"medium":["https:\/\/noticiasbahia360.com.br\/wp-content\/uploads\/2025\/05\/4znmMTUP-Operacao-combate-poluicao-sonora-em-Salvador-300x225.webp",300,225,true],"medium_large":["https:\/\/noticiasbahia360.com.br\/wp-content\/uploads\/2025\/05\/4znmMTUP-Operacao-combate-poluicao-sonora-em-Salvador-768x576.webp",640,480,true],"large":["https:\/\/noticiasbahia360.com.br\/wp-content\/uploads\/2025\/05\/4znmMTUP-Operacao-combate-poluicao-sonora-em-Salvador-1024x768.webp",640,480,true],"1536x1536":["https:\/\/noticiasbahia360.com.br\/wp-content\/uploads\/2025\/05\/4znmMTUP-Operacao-combate-poluicao-sonora-em-Salvador.webp",1200,900,false],"2048x2048":["https:\/\/noticiasbahia360.com.br\/wp-content\/uploads\/2025\/05\/4znmMTUP-Operacao-combate-poluicao-sonora-em-Salvador.webp",1200,900,false],"chromenews-featured":["https:\/\/noticiasbahia360.com.br\/wp-content\/uploads\/2025\/05\/4znmMTUP-Operacao-combate-poluicao-sonora-em-Salvador-1024x768.webp",1024,768,true],"chromenews-large":["https:\/\/noticiasbahia360.com.br\/wp-content\/uploads\/2025\/05\/4znmMTUP-Operacao-combate-poluicao-sonora-em-Salvador-825x575.webp",825,575,true],"chromenews-medium":["https:\/\/noticiasbahia360.com.br\/wp-content\/uploads\/2025\/05\/4znmMTUP-Operacao-combate-poluicao-sonora-em-Salvador-590x410.webp",590,410,true]},"author_info":{"display_name":"noticiasbahia360.com.br","author_link":"https:\/\/noticiasbahia360.com.br\/?author=1"},"category_info":"<a href=\"https:\/\/noticiasbahia360.com.br\/?cat=8\" rel=\"category\">Bahia<\/a> <a href=\"https:\/\/noticiasbahia360.com.br\/?cat=9\" rel=\"category\">Brasil<\/a> <a href=\"https:\/\/noticiasbahia360.com.br\/?cat=6\" rel=\"category\">Feira de Santana<\/a> <a href=\"https:\/\/noticiasbahia360.com.br\/?cat=57\" rel=\"category\">Mundo<\/a> <a href=\"https:\/\/noticiasbahia360.com.br\/?cat=56\" rel=\"category\">Pol\u00edcia<\/a> <a href=\"https:\/\/noticiasbahia360.com.br\/?cat=10\" rel=\"category\">Pol\u00edtica<\/a>","tag_info":"Pol\u00edtica","comment_count":"0","_links":{"self":[{"href":"https:\/\/noticiasbahia360.com.br\/index.php?rest_route=\/wp\/v2\/posts\/87464","targetHints":{"allow":["GET"]}}],"collection":[{"href":"https:\/\/noticiasbahia360.com.br\/index.php?rest_route=\/wp\/v2\/posts"}],"about":[{"href":"https:\/\/noticiasbahia360.com.br\/index.php?rest_route=\/wp\/v2\/types\/post"}],"author":[{"embeddable":true,"href":"https:\/\/noticiasbahia360.com.br\/index.php?rest_route=\/wp\/v2\/users\/1"}],"replies":[{"embeddable":true,"href":"https:\/\/noticiasbahia360.com.br\/index.php?rest_route=%2Fwp%2Fv2%2Fcomments&post=87464"}],"version-history":[{"count":0,"href":"https:\/\/noticiasbahia360.com.br\/index.php?rest_route=\/wp\/v2\/posts\/87464\/revisions"}],"wp:featuredmedia":[{"embeddable":true,"href":"https:\/\/noticiasbahia360.com.br\/index.php?rest_route=\/wp\/v2\/media\/87465"}],"wp:attachment":[{"href":"https:\/\/noticiasbahia360.com.br\/index.php?rest_route=%2Fwp%2Fv2%2Fmedia&parent=87464"}],"wp:term":[{"taxonomy":"category","embeddable":true,"href":"https:\/\/noticiasbahia360.com.br\/index.php?rest_route=%2Fwp%2Fv2%2Fcategories&post=87464"},{"taxonomy":"post_tag","embeddable":true,"href":"https:\/\/noticiasbahia360.com.br\/index.php?rest_route=%2Fwp%2Fv2%2Ftags&post=87464"}],"curies":[{"name":"wp","href":"https:\/\/api.w.org\/{rel}","templated":true}]}}