{"id":87469,"date":"2025-05-25T17:59:42","date_gmt":"2025-05-25T20:59:42","guid":{"rendered":"https:\/\/noticiasbahia360.com.br\/?p=87469"},"modified":"2025-05-25T17:59:42","modified_gmt":"2025-05-25T20:59:42","slug":"cardiologista-alerta-para-riscos-do-infarto-condicao-mata-mais-de-60-mil-brasileiros-por-ano","status":"publish","type":"post","link":"https:\/\/noticiasbahia360.com.br\/?p=87469","title":{"rendered":"Cardiologista alerta para riscos do infarto; condi\u00e7\u00e3o mata mais de 60 mil brasileiros por ano"},"content":{"rendered":"<div>\n<div>\n<figure><img decoding=\"async\" src=\"http:\/\/noticiasbahia360.com.br\/wp-content\/uploads\/2025\/05\/H4JZepv2-4-sintomas-perigosos-que-podem-indicar-problemas-no-coracao-2.webp\" alt=\"Cardiologista 4 sintomas perigosos que podem indicar problemas no cora\u00e7\u00e3o\"><figcaption>Foto: arte <\/figcaption><\/figure>\n<\/div>\n<div class=\"wp-block-group\">\n<div class=\"wp-block-group__inner-container is-layout-constrained wp-block-group-is-layout-constrained\">\n<p>O infarto agudo do mioc\u00e1rdio, ou apenas infarto, \u00e9 a doen\u00e7a cardiovascular que mais mata no Brasil. Segundo o Minist\u00e9rios da Sa\u00fade, um estudo mostra que, de 2019 a 2023, pouco mais de 737 mil casos foram registrados. A m\u00e9dia \u00e9 de cerca de 60 mil mortes por  conta da condi\u00e7\u00e3o por ano.<\/p>\n<p>O infarto, tamb\u00e9m conhecido como ataque card\u00edaco, acontece quando o fluxo de sangue para o cora\u00e7\u00e3o \u00e9 bloqueado por conta de uma obstru\u00e7\u00e3o dentro da art\u00e9ria, um tipo de vaso sangu\u00edneo respons\u00e1vel por transportar sangue. Normalmente, esse bloqueio \u00e9 feito pelo ac\u00famulo de placas de gordura nas paredes desse vaso.<\/p>\n<p>Sabendo da import\u00e2ncia do tema e tratando o assunto como de utilidade p\u00fablica, o Acorda Cidade convidou o cardiologista Andr\u00e9 Almeida para alertar sobre os riscos do infarto e as formas de preven\u00e7\u00e3o desse problema, que sozinho \u00e9 respons\u00e1vel por mais \u00f3bitos que o c\u00e2ncer.<\/p>\n<\/div>\n<\/div>\n<div class=\"wp-block-group\">\n<div class=\"wp-block-group__inner-container is-layout-constrained wp-block-group-is-layout-constrained\">\n<h2 class=\"wp-block-heading\" id=\"h-os-riscos\">Os riscos <\/h2>\n<p>Andr\u00e9, que \u00e9 m\u00e9dico especialista em sa\u00fade do cora\u00e7\u00e3o e dos vasos sangu\u00edneos, alertou que, apesar do infarto de ser altamente letal, existem formas de diminuir as chances da manifesta\u00e7\u00e3o e que a grande maior parte delas est\u00e1 dentro da ado\u00e7\u00e3o de um h\u00e1bito de vida mais saud\u00e1vel.<\/p>\n<figure class=\"wp-block-image size-full is-resized\"><img fetchpriority=\"high\" fetchpriority=\"high\" decoding=\"async\" width=\"640\" height=\"361\" sizes=\"(max-width: 640px) 100vw, 640px\" src=\"http:\/\/noticiasbahia360.com.br\/wp-content\/uploads\/2025\/05\/Mutirao-de-Doppler-de-Carotida-medico-Andre-Almeida-ft-Ney-Silva-Acorda-Cidade.jpg\" alt=\"Mutir\u00e3o de Doppler de Car\u00f3tida - Centro M\u00e9dico Cardiovascular - ft - Ney Silva - Acorda Cidade\" class=\"wp-image-391178\" style=\"width:840px;height:auto\" srcset=\"https:\/\/uploads.acordacidade.com.br\/wp-content\/uploads\/2024\/05\/05133354\/Mutirao-de-Doppler-de-Carotida-medico-Andre-Almeida-ft-Ney-Silva-Acorda-Cidade-300x169.jpg 300w, http:\/\/noticiasbahia360.com.br\/wp-content\/uploads\/2025\/05\/Mutirao-de-Doppler-de-Carotida-medico-Andre-Almeida-ft-Ney-Silva-Acorda-Cidade.jpg 640w\"><figcaption class=\"wp-element-caption\">Andr\u00e9 Almeida | Foto: Ney Silva\/Acorda Cidade <\/figcaption><\/figure>\n<p>\u201cO aumento do n\u00famero de casos de infarto no Brasil, como em todo o mundo ocidental, est\u00e1 relacionado principalmente \u00e0 mudan\u00e7a de h\u00e1bitos de vida. O sedentarismo, a m\u00e1 alimenta\u00e7\u00e3o, o tabagismo, o estresse e a obesidade. Tudo isso leva ao desenvolvimento de doen\u00e7as cardiovasculares, como a aterosclerose, a placa de gordura nas art\u00e9rias, que predisp\u00f5e ao infarto\u201d, disse o cardiologista.<\/p>\n<\/div>\n<\/div>\n<div class=\"wp-block-group\">\n<div class=\"wp-block-group__inner-container is-layout-constrained wp-block-group-is-layout-constrained\">\n<h2 class=\"wp-block-heading\" id=\"h-a-importancia-do-atendimento-rapido\">A import\u00e2ncia do atendimento r\u00e1pido <\/h2>\n<p>Andr\u00e9 afirmou que os estudos dentro do campo da cardiologia mostram que o aumento do n\u00famero de infartos no Brasil tamb\u00e9m est\u00e1 ligado ao aumento da expectativa de vida da popula\u00e7\u00e3o. O m\u00e9dico lembrou que, na d\u00e9cada de 1970, a idade m\u00e9dia do brasileiro era 48 anos. Hoje, a idade m\u00e9dia est\u00e1 em torno de 80 anos. <\/p>\n<p><strong>Uma popula\u00e7\u00e3o cada vez mais velha e com um grande n\u00fameros de membros obesos e sedent\u00e1rios forma um combo prop\u00edcio ao aumento dos infartos.<\/strong> Segundo o m\u00e9dico, estima-se que no Brasil ocorram cerca de 300 mil a 400 mil casos de infarto por ano e que, a cada 5 e 7 casos, ocorre um \u00f3bito. Ou seja, a taxa de mortes gira em torno de 14% a 20% dos pacientes que infartam no Brasil.<\/p>\n<p>\u201c<strong>\u00c9 fundamental, para diminuir o risco de morte, um atendimento na urg\u00eancia e na emerg\u00eancia nos primeiros minutos. Isso salva vidas.<\/strong> Inclusive, aqui em Feira de Santana, n\u00f3s j\u00e1 temos hospitais com dispositivo para poder atuar no momento em que a pessoa est\u00e1 tendo infarto. S\u00e3o os medicamentos chamados trombol\u00edticos, tanto nos hospitais p\u00fablicos quanto nos hospitais privados em nossa cidade.\u201d<\/p>\n<p>O m\u00e9dico continuou: \u201cFazendo esse atendimento dentro das primeiras 6 horas ap\u00f3s o infarto, felizmente, a mortalidade, que pode girar em torno de at\u00e9 20%, pode cair para cerca de 7% naqueles pacientes que t\u00eam um infarto e procuram imediatamente um atendimento m\u00e9dico. Ent\u00e3o, se tem um recado para dar para voc\u00eas \u00e9: <strong>se sentir dor no peito, v\u00e1 para uma emerg\u00eancia, v\u00e1 para uma UPA, que l\u00e1 voc\u00ea pode ser tratado de forma adequada<\/strong>.\u201d<\/p>\n<\/div>\n<\/div>\n<div class=\"wp-block-group\">\n<div class=\"wp-block-group__inner-container is-layout-constrained wp-block-group-is-layout-constrained\">\n<h2 class=\"wp-block-heading\" id=\"h-formas-de-prevenir-o-infarto\">Formas de prevenir o infarto<\/h2>\n<div class=\"wp-block-group\">\n<div class=\"wp-block-group__inner-container is-layout-constrained wp-block-group-is-layout-constrained\">\n<p><strong>O cardiologista Andr\u00e9 Almeida foi categ\u00f3rico ao afirmar que a melhor forma de prevenir um infarto \u00e9 ter um estilo de vida mais saud\u00e1vel.<\/strong> O m\u00e9dico montou uma lista com h\u00e1bitos que podem ser praticados diariamente e s\u00e3o fundamentais no combate ao infarto. <strong>S\u00e3o eles:<\/strong><\/p>\n<ul class=\"wp-block-list\">\n<li>n\u00e3o fumar;<\/li>\n<li>evitar o consumo de a\u00e7\u00facar;<\/li>\n<li>se tiver diabetes, controlar o n\u00edvel de a\u00e7\u00facar no sangue;<\/li>\n<li>realizar atividade f\u00edsica periodicamente;<\/li>\n<li>evitar o sedentarismo;<\/li>\n<li>controlar o sobrepeso e evitar a obesidade;<\/li>\n<li>beber bastante l\u00edquido (\u00e1gua, \u00e1gua de coco, suco, ch\u00e1);<\/li>\n<li>comer de forma mais saud\u00e1vel, evitando produtos industrializados, ultraprocessados e ricos em conservantes.<\/li>\n<\/ul>\n<\/div>\n<\/div>\n<p>\u201cExiste o fator gen\u00e9tico que voc\u00ea n\u00e3o pode fazer nada. Seu pai \u00e9 seu pai, sua m\u00e3e \u00e9 sua m\u00e3e, voc\u00ea n\u00e3o pode mudar a gen\u00e9tica. Mas voc\u00ea pode mudar esses h\u00e1bitos. A tend\u00eancia \u00e9 voc\u00ea ter uma qualidade de vida melhor, mantendo sempre uma boa hidrata\u00e7\u00e3o e uma dieta adequada, com pouco sal, pouca gordura e reduzid\u00edssimo conte\u00fado de a\u00e7\u00facar na sua dieta. Se voc\u00ea fizer isso, por si s\u00f3, j\u00e1 est\u00e1 contribuindo n\u00e3o s\u00f3 para viver mais, mas para viver com qualidade de vida.\u201d<\/p>\n<\/div>\n<\/div>\n<div class=\"wp-block-group\">\n<div class=\"wp-block-group__inner-container is-layout-constrained wp-block-group-is-layout-constrained\">\n<h2 class=\"wp-block-heading\" id=\"h-o-infarto-e-o-aumento-da-temperatura\">O infarto e o aumento da temperatura<\/h2>\n<p>Segundo Andr\u00e9, o cora\u00e7\u00e3o e a temperatura t\u00eam uma rela\u00e7\u00e3o muito pr\u00f3xima. Em condi\u00e7\u00f5es de calor extremo, o \u00f3rg\u00e3o precisa trabalhar mais para manter a circula\u00e7\u00e3o do sangue. O cardiologista explicou que o calor no organismo se dissipa pelo suor da pele e o cora\u00e7\u00e3o precisa \u201cse esfor\u00e7ar mais\u201d para poder deixar a circula\u00e7\u00e3o do sangue adequada.<\/p>\n<p>\u201cEssa exig\u00eancia do trabalho maior aumenta o risco de problemas card\u00edacos, especialmente em pessoas com doen\u00e7as pr\u00e9-existentes. O calor aumenta a frequ\u00eancia de batidas do cora\u00e7\u00e3o. O corpo tenta manter a temperatura normal, o que exige que o cora\u00e7\u00e3o bata mais r\u00e1pido para bombear mais sangue para a pele. Tamb\u00e9m existe a vasodilata\u00e7\u00e3o, a dilata\u00e7\u00e3o das veias do nosso organismo. Elas se dilatam para permitir a passagem de mais sangue e, assim, facilitar a perda do calor atrav\u00e9s do suor.\u201d<\/p>\n<h2 class=\"wp-block-heading\" id=\"h-outras-doencas-cardiovasculares\">Outras doen\u00e7as cardiovasculares <\/h2>\n<p>Andr\u00e9 afirmou que o suor excessivo tamb\u00e9m pode levar \u00e0 <strong>desidrata\u00e7\u00e3o<\/strong>, fator que est\u00e1 associado \u00e0 perda de eletr\u00f3litos importantes para o corpo humano, como: s\u00f3dio, pot\u00e1ssio, magn\u00e9sio, c\u00e1lcio, sobrecarregando o cora\u00e7\u00e3o.<\/p>\n<p>\u201cEsse esfor\u00e7o extra aumenta, sim, o risco de um <strong>infarto<\/strong> e aumenta tamb\u00e9m o risco de um <strong>AVC<\/strong> [Acidente Vascular Cerebral]. Esse calor excessivo tamb\u00e9m aumenta o risco de <strong>arritmias<\/strong> e aumenta o risco de <strong>insufici\u00eancia card\u00edaca<\/strong>, especialmente em pessoas com doen\u00e7as cardiovasculares pr\u00e9-existentes.\u201d<\/p>\n<p>O cardiologista afirmou que a preocupa\u00e7\u00e3o em evitar um infarto \u00e9 v\u00e1lida, mas alertou que <strong>nem toda dor no peito \u00e9 sinal de infarto<\/strong>. Andr\u00e9 lembrou que existem uma s\u00e9rie de outras doen\u00e7as cardiovasculares que tamb\u00e9m exigem uma aten\u00e7\u00e3o especial, como o AVC e o cardiomegalia, doen\u00e7a caracterizada pelo aumento do tamanho do cora\u00e7\u00e3o. Por isso, fez o alerta de que o ideal \u00e9 que o paciente, ao sentir qualquer sintoma, procure um cardiologista.<\/p>\n<div class=\"wp-block-group\">\n<div class=\"wp-block-group__inner-container is-layout-constrained wp-block-group-is-layout-constrained\">\n<p><em>Com informa\u00e7\u00f5es da jornalista Iasmim Santos do Acorda Cidade <\/em><\/p>\n<p><em>Reportagem escrita pelo estagi\u00e1rio de jornalismo Jefferson Ara\u00fajo sob supervis\u00e3o <\/em><\/p>\n<p><em>Siga o Acorda Cidade no<\/em><a href=\"https:\/\/news.google.com\/search?q=acorda%20cidade&amp;hl=pt-BR&amp;gl=BR&amp;ceid=BR%3Apt-419\"><strong><em>\u00a0Google Not\u00edcias<\/em><\/strong><\/a><em>\u00a0e receba os principais destaques do dia. Participe tamb\u00e9m dos nossos canais no\u00a0<\/em><a href=\"https:\/\/www.whatsapp.com\/channel\/0029Va6Rb4v3WHTNnsh8WI3N\"><strong><em>WhatsApp<\/em><\/strong><\/a><em>\u00a0e\u00a0<\/em><a href=\"https:\/\/www.youtube.com\/@acordacidadenoticias\/videos\"><strong>YouTube<\/strong><\/a><em>\u00a0e do grupo no\u00a0<\/em><a href=\"https:\/\/t.me\/+sSz0khrgARA0ZmRh\"><strong><em>Telegram<\/em><\/strong><\/a><\/p>\n<\/div>\n<\/div>\n<\/div>\n<\/div>\n<\/div>\n","protected":false},"excerpt":{"rendered":"<div>\n<div>\n<figure><img decoding=\"async\" src=\"https:\/\/uploads.acordacidade.com.br\/2025\/03\/H4JZepv2-4-sintomas-perigosos-que-podem-indicar-problemas-no-coracao-2.webp\" alt=\"Cardiologista 4 sintomas perigosos que podem indicar problemas no cora\u00e7\u00e3o\"><figcaption>Foto: arte <\/figcaption><\/figure>\n<\/div>\n<p>O infarto acontece quando o fluxo de sangue para o cora\u00e7\u00e3o \u00e9 bloqueado por conta de uma obstru\u00e7\u00e3o dentro da art\u00e9ria.<\/p><\/div>\n","protected":false},"author":1,"featured_media":87470,"comment_status":"closed","ping_status":"closed","sticky":false,"template":"","format":"gallery","meta":{"footnotes":""},"categories":[8,9,6,57,56,10],"tags":[],"class_list":["post-87469","post","type-post","status-publish","format-gallery","has-post-thumbnail","hentry","category-bahia","category-brasil","category-feira-de-santana","category-mundo","category-policia","category-politica","post_format-post-format-gallery"],"featured_image_urls":{"full":["https:\/\/noticiasbahia360.com.br\/wp-content\/uploads\/2025\/05\/H4JZepv2-4-sintomas-perigosos-que-podem-indicar-problemas-no-coracao-2.webp",1792,1024,false],"thumbnail":["https:\/\/noticiasbahia360.com.br\/wp-content\/uploads\/2025\/05\/H4JZepv2-4-sintomas-perigosos-que-podem-indicar-problemas-no-coracao-2-150x150.webp",150,150,true],"medium":["https:\/\/noticiasbahia360.com.br\/wp-content\/uploads\/2025\/05\/H4JZepv2-4-sintomas-perigosos-que-podem-indicar-problemas-no-coracao-2-300x171.webp",300,171,true],"medium_large":["https:\/\/noticiasbahia360.com.br\/wp-content\/uploads\/2025\/05\/H4JZepv2-4-sintomas-perigosos-que-podem-indicar-problemas-no-coracao-2-768x439.webp",640,366,true],"large":["https:\/\/noticiasbahia360.com.br\/wp-content\/uploads\/2025\/05\/H4JZepv2-4-sintomas-perigosos-que-podem-indicar-problemas-no-coracao-2-1024x585.webp",640,366,true],"1536x1536":["https:\/\/noticiasbahia360.com.br\/wp-content\/uploads\/2025\/05\/H4JZepv2-4-sintomas-perigosos-que-podem-indicar-problemas-no-coracao-2-1536x878.webp",1536,878,true],"2048x2048":["https:\/\/noticiasbahia360.com.br\/wp-content\/uploads\/2025\/05\/H4JZepv2-4-sintomas-perigosos-que-podem-indicar-problemas-no-coracao-2.webp",1792,1024,false],"chromenews-featured":["https:\/\/noticiasbahia360.com.br\/wp-content\/uploads\/2025\/05\/H4JZepv2-4-sintomas-perigosos-que-podem-indicar-problemas-no-coracao-2-1024x585.webp",1024,585,true],"chromenews-large":["https:\/\/noticiasbahia360.com.br\/wp-content\/uploads\/2025\/05\/H4JZepv2-4-sintomas-perigosos-que-podem-indicar-problemas-no-coracao-2-825x575.webp",825,575,true],"chromenews-medium":["https:\/\/noticiasbahia360.com.br\/wp-content\/uploads\/2025\/05\/H4JZepv2-4-sintomas-perigosos-que-podem-indicar-problemas-no-coracao-2-590x410.webp",590,410,true]},"author_info":{"display_name":"noticiasbahia360.com.br","author_link":"https:\/\/noticiasbahia360.com.br\/?author=1"},"category_info":"<a href=\"https:\/\/noticiasbahia360.com.br\/?cat=8\" rel=\"category\">Bahia<\/a> <a href=\"https:\/\/noticiasbahia360.com.br\/?cat=9\" rel=\"category\">Brasil<\/a> <a href=\"https:\/\/noticiasbahia360.com.br\/?cat=6\" rel=\"category\">Feira de Santana<\/a> <a href=\"https:\/\/noticiasbahia360.com.br\/?cat=57\" rel=\"category\">Mundo<\/a> <a href=\"https:\/\/noticiasbahia360.com.br\/?cat=56\" rel=\"category\">Pol\u00edcia<\/a> <a href=\"https:\/\/noticiasbahia360.com.br\/?cat=10\" rel=\"category\">Pol\u00edtica<\/a>","tag_info":"Pol\u00edtica","comment_count":"0","_links":{"self":[{"href":"https:\/\/noticiasbahia360.com.br\/index.php?rest_route=\/wp\/v2\/posts\/87469","targetHints":{"allow":["GET"]}}],"collection":[{"href":"https:\/\/noticiasbahia360.com.br\/index.php?rest_route=\/wp\/v2\/posts"}],"about":[{"href":"https:\/\/noticiasbahia360.com.br\/index.php?rest_route=\/wp\/v2\/types\/post"}],"author":[{"embeddable":true,"href":"https:\/\/noticiasbahia360.com.br\/index.php?rest_route=\/wp\/v2\/users\/1"}],"replies":[{"embeddable":true,"href":"https:\/\/noticiasbahia360.com.br\/index.php?rest_route=%2Fwp%2Fv2%2Fcomments&post=87469"}],"version-history":[{"count":0,"href":"https:\/\/noticiasbahia360.com.br\/index.php?rest_route=\/wp\/v2\/posts\/87469\/revisions"}],"wp:featuredmedia":[{"embeddable":true,"href":"https:\/\/noticiasbahia360.com.br\/index.php?rest_route=\/wp\/v2\/media\/87470"}],"wp:attachment":[{"href":"https:\/\/noticiasbahia360.com.br\/index.php?rest_route=%2Fwp%2Fv2%2Fmedia&parent=87469"}],"wp:term":[{"taxonomy":"category","embeddable":true,"href":"https:\/\/noticiasbahia360.com.br\/index.php?rest_route=%2Fwp%2Fv2%2Fcategories&post=87469"},{"taxonomy":"post_tag","embeddable":true,"href":"https:\/\/noticiasbahia360.com.br\/index.php?rest_route=%2Fwp%2Fv2%2Ftags&post=87469"}],"curies":[{"name":"wp","href":"https:\/\/api.w.org\/{rel}","templated":true}]}}