{"id":87472,"date":"2025-05-25T17:59:48","date_gmt":"2025-05-25T20:59:48","guid":{"rendered":"https:\/\/noticiasbahia360.com.br\/?p=87472"},"modified":"2025-05-25T17:59:48","modified_gmt":"2025-05-25T20:59:48","slug":"medico-e-dirigente-esportivo-samir-xaud-e-eleito-presidente-da-cbf","status":"publish","type":"post","link":"https:\/\/noticiasbahia360.com.br\/?p=87472","title":{"rendered":"M\u00e9dico e dirigente esportivo, Samir Xaud \u00e9 eleito presidente da CBF"},"content":{"rendered":"<div>\n<div>\n<figure><img decoding=\"async\" src=\"http:\/\/noticiasbahia360.com.br\/wp-content\/uploads\/2025\/05\/FnBt4b9G-Samir-Xaud.webp\" alt=\"Samir Xaud\"><figcaption>Foto: CBF\/Divulga\u00e7\u00e3o<\/figcaption><\/figure>\n<\/div>\n<p>Ag\u00eancia Brasil \u2013 O m\u00e9dico infectologista e dirigente esportivo Samir de Ara\u00fajo Xaud, de 41 anos, \u00e9 o novo presidente da Confedera\u00e7\u00e3o Brasileira de Futebol (CBF).\u00a0<img decoding=\"async\" src=\"https:\/\/agenciabrasil.ebc.com.br\/ebc.png?id=1644109&amp;o=node\"><img decoding=\"async\" src=\"https:\/\/agenciabrasil.ebc.com.br\/ebc.gif?id=1644109&amp;o=node\"><\/p>\n<p><strong>Candidato \u00fanico, ele foi eleito neste domingo (25) na sede da entidade, no Rio de Janeiro, por 25 das 27 federa\u00e7\u00f5es estaduais e por apenas 10 dos 40 clubes das S\u00e9ries A e B do Campeonato Brasileiro.\u00a0O mandato de Xaud vai at\u00e9 2029.<\/strong><\/p>\n<p><strong>Ele comandar\u00e1 a CBF no lugar de Ednaldo Rodrigues, afastado no \u00faltimo dia 15, por determina\u00e7\u00e3o do Tribunal de Justi\u00e7a do Rio de Janeiro<\/strong>.\u00a0<\/p>\n<p>No in\u00edcio do ano passado, Xaud foi eleito presidente da Federa\u00e7\u00e3o Roraimense de Futebol (FRF), antes comandada por seu pai por 42 anos seguidos.<\/p>\n<h2 class=\"wp-block-heading\" id=\"h-boicote\">Boicote<\/h2>\n<p>Diferentemente da elei\u00e7\u00e3o anterior, que reelegeu Ednaldo Rodrigues por unanimidade,\u00a0<strong>o pleito deste domingo n\u00e3o contou com os votos de 18 clubes.\u00a0<\/strong><\/p>\n<p><strong>Participaram do boicote \u00e0 elei\u00e7\u00e3o da CBF as seguinte agremia\u00e7\u00f5es: Am\u00e9rica-MG, Athletico, Atl\u00e9tico-GO, Botafogo-SP, Chapecoense, Corinthians, Coritiba, Cuiab\u00e1, Flamengo, Fluminense, Fortaleza, Goi\u00e1s, Internacional, Juventude, Mirassol, Novorizontino, S\u00e3o Paulo e Sport.<\/strong><\/p>\n<p>Apenas Cruzeiro, Oper\u00e1rio e Santos votaram neste domingo (25). Bragantino e Ferrovi\u00e1ria n\u00e3o compareceram ao pleito, assim como a Federa\u00e7\u00e3o Paulista de Futebol (FPF), a maior do pa\u00eds.<\/p>\n<p>Vale destacar que os votos t\u00eam peso diferente de acordo com o estatuto da CBF. O voto das federa\u00e7\u00f5es tem peso tr\u00eas; os clubes da S\u00e9rie A t\u00eam peso dois; e os demais da S\u00e9rie B contam apenas um ponto.\u00a0<\/p>\n<p><strong>Sendo assim, Xaud totalizou 103 pontos, sendo que o m\u00e1ximo poss\u00edvel seria 141.<\/strong><\/p>\n<p>A elei\u00e7\u00e3o ocorre um dia antes da primeira convoca\u00e7\u00e3o da sele\u00e7\u00e3o brasileira pelo novo t\u00e9cnico Carlo Ancelotti, ex-treinador do Real Madrid. A equipe disputar\u00e1 em junho as Eliminat\u00f3rias da Copa do Mundo.<\/p>\n<p>\u201cQueremos que o povo volte a se identificar com a sele\u00e7\u00e3o canarinho\u201d, afirmou Xaud, no discurso de posse.\u00a0<\/p>\n<blockquote class=\"wp-block-quote is-layout-flow wp-block-quote-is-layout-flow\">\n<p>\u201cIniciamos uma nova fase na CBF. Nossa gest\u00e3o ser\u00e1 marcada pelas renova\u00e7\u00f5es das ideias e pelo desenvolvimento pleno do esporte. Nosso prop\u00f3sito \u00e9 construir uma nova CBF, moderna e comprometida com o desenvolvimento da ind\u00fastria de futebol\u201d.<\/p>\n<\/blockquote>\n<p>Al\u00e9m de Xaud, foram eleitos oito vice-presidentes: Ednailson Leite Rozenha, Fernando Jos\u00e9 Macieira Sarney, Fl\u00e1vio Diz Zveiter, Gustavo Dias Henrique, Jos\u00e9 Vanildo da Silva, Michelle Ramalho Cardoso, Ricardo Augusto Lobo Gluck Paul e Rubens Renato Angelotti.<\/p>\n<h2 class=\"wp-block-heading\" id=\"h-legalidade-em-pauta\">Legalidade em pauta<\/h2>\n<p>Nesta semana,\u00a0<strong>volta \u00e0 pauta do Supremo Tribunal Federal (STF) a legalidade do processo eleitoral da CBF<\/strong>.\u00a0<\/p>\n<p>Em fevereiro deste ano, o ministro Gilmar Mendes arquivou a a\u00e7\u00e3o do Minist\u00e9rio P\u00fablico, iniciada em 2017, ap\u00f3s homologa\u00e7\u00e3o do acordo que reconhecia a conformidade do pleito.\u00a0<\/p>\n<p>No entanto, com a conclus\u00e3o do pedido de vista solicitado pelo ministro Fl\u00e1vio Dino, o\u00a0<strong>m\u00e9rito da A\u00e7\u00e3o Civil P\u00fablica que questiona as mudan\u00e7as no estatuto eleitoral da CBF ser\u00e1 julgado na pr\u00f3xima quarta-feira<\/strong>\u00a0(28).\u00a0<\/p>\n<p><strong>Tais mudan\u00e7as estabeleceram peso diferente aos votos de federa\u00e7\u00f5es e clubes do Brasileir\u00e3o nas elei\u00e7\u00f5es \u00e0 presid\u00eancia da entidade esportiva.<\/strong><\/p>\n<p><em>Siga o Acorda Cidade no<\/em><a href=\"https:\/\/news.google.com\/search?q=acorda%20cidade&amp;hl=pt-BR&amp;gl=BR&amp;ceid=BR%3Apt-419\"><strong><em>\u00a0Google Not\u00edcias<\/em><\/strong><\/a><em>\u00a0e receba os principais destaques do dia. Participe tamb\u00e9m dos nossos canais no\u00a0<\/em><a href=\"https:\/\/www.whatsapp.com\/channel\/0029Va6Rb4v3WHTNnsh8WI3N\"><strong><em>WhatsApp<\/em><\/strong><\/a><em>\u00a0e\u00a0<\/em><a href=\"https:\/\/www.youtube.com\/@acordacidadenoticias\/videos\"><strong>YouTube<\/strong><\/a><em>\u00a0e do grupo no\u00a0<\/em><a href=\"https:\/\/t.me\/+sSz0khrgARA0ZmRh\"><strong><em>Telegram<\/em><\/strong><\/a><\/p>\n<\/div>\n","protected":false},"excerpt":{"rendered":"<div>\n<div>\n<figure><img decoding=\"async\" src=\"https:\/\/uploads.acordacidade.com.br\/2025\/05\/FnBt4b9G-Samir-Xaud.webp\" alt=\"Samir Xaud\"><figcaption>Foto: CBF\/Divulga\u00e7\u00e3o<\/figcaption><\/figure>\n<\/div>\n<p>Candidato \u00fanico, ele foi eleito neste domingo (25) na sede da entidade, no Rio de Janeiro, por 25 das 27 federa\u00e7\u00f5es estaduais.<\/p><\/div>\n","protected":false},"author":1,"featured_media":87473,"comment_status":"closed","ping_status":"closed","sticky":false,"template":"","format":"gallery","meta":{"footnotes":""},"categories":[8,9,6,57,56,10],"tags":[],"class_list":["post-87472","post","type-post","status-publish","format-gallery","has-post-thumbnail","hentry","category-bahia","category-brasil","category-feira-de-santana","category-mundo","category-policia","category-politica","post_format-post-format-gallery"],"featured_image_urls":{"full":["https:\/\/noticiasbahia360.com.br\/wp-content\/uploads\/2025\/05\/FnBt4b9G-Samir-Xaud.webp",1200,718,false],"thumbnail":["https:\/\/noticiasbahia360.com.br\/wp-content\/uploads\/2025\/05\/FnBt4b9G-Samir-Xaud-150x150.webp",150,150,true],"medium":["https:\/\/noticiasbahia360.com.br\/wp-content\/uploads\/2025\/05\/FnBt4b9G-Samir-Xaud-300x180.webp",300,180,true],"medium_large":["https:\/\/noticiasbahia360.com.br\/wp-content\/uploads\/2025\/05\/FnBt4b9G-Samir-Xaud-768x460.webp",640,383,true],"large":["https:\/\/noticiasbahia360.com.br\/wp-content\/uploads\/2025\/05\/FnBt4b9G-Samir-Xaud-1024x613.webp",640,383,true],"1536x1536":["https:\/\/noticiasbahia360.com.br\/wp-content\/uploads\/2025\/05\/FnBt4b9G-Samir-Xaud.webp",1200,718,false],"2048x2048":["https:\/\/noticiasbahia360.com.br\/wp-content\/uploads\/2025\/05\/FnBt4b9G-Samir-Xaud.webp",1200,718,false],"chromenews-featured":["https:\/\/noticiasbahia360.com.br\/wp-content\/uploads\/2025\/05\/FnBt4b9G-Samir-Xaud-1024x613.webp",1024,613,true],"chromenews-large":["https:\/\/noticiasbahia360.com.br\/wp-content\/uploads\/2025\/05\/FnBt4b9G-Samir-Xaud-825x575.webp",825,575,true],"chromenews-medium":["https:\/\/noticiasbahia360.com.br\/wp-content\/uploads\/2025\/05\/FnBt4b9G-Samir-Xaud-590x410.webp",590,410,true]},"author_info":{"display_name":"noticiasbahia360.com.br","author_link":"https:\/\/noticiasbahia360.com.br\/?author=1"},"category_info":"<a href=\"https:\/\/noticiasbahia360.com.br\/?cat=8\" rel=\"category\">Bahia<\/a> <a href=\"https:\/\/noticiasbahia360.com.br\/?cat=9\" rel=\"category\">Brasil<\/a> <a href=\"https:\/\/noticiasbahia360.com.br\/?cat=6\" rel=\"category\">Feira de Santana<\/a> <a href=\"https:\/\/noticiasbahia360.com.br\/?cat=57\" rel=\"category\">Mundo<\/a> <a href=\"https:\/\/noticiasbahia360.com.br\/?cat=56\" rel=\"category\">Pol\u00edcia<\/a> <a href=\"https:\/\/noticiasbahia360.com.br\/?cat=10\" rel=\"category\">Pol\u00edtica<\/a>","tag_info":"Pol\u00edtica","comment_count":"0","_links":{"self":[{"href":"https:\/\/noticiasbahia360.com.br\/index.php?rest_route=\/wp\/v2\/posts\/87472","targetHints":{"allow":["GET"]}}],"collection":[{"href":"https:\/\/noticiasbahia360.com.br\/index.php?rest_route=\/wp\/v2\/posts"}],"about":[{"href":"https:\/\/noticiasbahia360.com.br\/index.php?rest_route=\/wp\/v2\/types\/post"}],"author":[{"embeddable":true,"href":"https:\/\/noticiasbahia360.com.br\/index.php?rest_route=\/wp\/v2\/users\/1"}],"replies":[{"embeddable":true,"href":"https:\/\/noticiasbahia360.com.br\/index.php?rest_route=%2Fwp%2Fv2%2Fcomments&post=87472"}],"version-history":[{"count":0,"href":"https:\/\/noticiasbahia360.com.br\/index.php?rest_route=\/wp\/v2\/posts\/87472\/revisions"}],"wp:featuredmedia":[{"embeddable":true,"href":"https:\/\/noticiasbahia360.com.br\/index.php?rest_route=\/wp\/v2\/media\/87473"}],"wp:attachment":[{"href":"https:\/\/noticiasbahia360.com.br\/index.php?rest_route=%2Fwp%2Fv2%2Fmedia&parent=87472"}],"wp:term":[{"taxonomy":"category","embeddable":true,"href":"https:\/\/noticiasbahia360.com.br\/index.php?rest_route=%2Fwp%2Fv2%2Fcategories&post=87472"},{"taxonomy":"post_tag","embeddable":true,"href":"https:\/\/noticiasbahia360.com.br\/index.php?rest_route=%2Fwp%2Fv2%2Ftags&post=87472"}],"curies":[{"name":"wp","href":"https:\/\/api.w.org\/{rel}","templated":true}]}}