{"id":87476,"date":"2025-05-25T18:18:38","date_gmt":"2025-05-25T21:18:38","guid":{"rendered":"https:\/\/noticiasbahia360.com.br\/?p=87476"},"modified":"2025-05-25T18:18:38","modified_gmt":"2025-05-25T21:18:38","slug":"hugo-calderano-e-vice-campeao-mundial-inedito-no-tenis-de-mesa-em-campanha","status":"publish","type":"post","link":"https:\/\/noticiasbahia360.com.br\/?p=87476","title":{"rendered":"Hugo Calderano \u00e9 vice-campe\u00e3o mundial in\u00e9dito no t\u00eanis de Mesa em campanha"},"content":{"rendered":"<div>\n<div>\n<figure><img decoding=\"async\" src=\"http:\/\/noticiasbahia360.com.br\/wp-content\/uploads\/2025\/05\/sG3deVV9-calderano_grand_smash_singapura_2025.webp\" alt=\"Hugo calderano\"><figcaption>Foto: Alexandre Loureiro\/COB\/Direitos Reservados<\/figcaption><\/figure>\n<\/div>\n<p>Ag\u00eancia Brasil \u2013 <strong>Ap\u00f3s uma campanha hist\u00f3rica para mesatenistas das Am\u00e9ricas, o brasileiro <a href=\"https:\/\/uploads.acordacidade.com.br\/wp-content\/uploads\/2024\/08\/08142153\/Hugo-Calderano-tenis-de-mesa.png\">Hugo Calderano<\/a> ficou com o vice-campeonato mundial neste domingo (25), em Doha (Catar).\u00a0<\/strong><img decoding=\"async\" src=\"https:\/\/agenciabrasil.ebc.com.br\/ebc.png?id=1644110&amp;o=node\"><img decoding=\"async\" src=\"https:\/\/agenciabrasil.ebc.com.br\/ebc.gif?id=1644110&amp;o=node\">N\u00famero 3 do mundo, o carioca de 28 anos, foi superado na decis\u00e3o do t\u00edtulo pelo chin\u00eas Wang Chuquin, vice-l\u00edder do\u00a0<em>ranking<\/em>, por 4 sets a 1, com parciais de 12-10, 11-3, 4-11, 11-2 e 11-7.\u00a0<\/p>\n<p><strong>O brasileiro, Hugo Calderano, chegou pela primeira vez a uma final de Mundial, at\u00e9 ent\u00e3o dominadas por mesatenistas asi\u00e1ticos e europeus.<\/strong><\/p>\n<p>O rev\u00e9s para Chuqin ocorre um m\u00eas ap\u00f3s o asi\u00e1tico ter sido derrotado de virada por Calderano na semifinal da Copa do Mundo, em Macau, por 4 sets a 3. Agora, no hist\u00f3rico de partidas entre os dois, o chin\u00eas lidera com cinco vit\u00f3rias em sete confrontos.\u00a0<\/p>\n<p>\u00c9 o primeiro t\u00edtulo mundial de Wang \u2013 ele chegou \u00e0 final em 2023, mas acabou em segundo lugar. A China \u00e9 a maior pot\u00eancia no t\u00eanis de mesa: subiu ao topo do p\u00f3dio nas \u00faltima 11 edi\u00e7\u00f5es do Mundial.<\/p>\n<blockquote class=\"wp-block-quote is-layout-flow wp-block-quote-is-layout-flow\">\n<p>\u201cN\u00e3o consegui apresentar o meu melhor hoje. Foi mais a parte f\u00edsica que pesou, o jogo de ontem me esgotou. Estou exausto ainda. Tentei me recuperar da melhor maneira. Durante o jogo tentei voltar brigando, fazer o melhor, mas eu n\u00e3o tinha mais nada no tanque\u201d, disse Calderano, ap\u00f3s o rev\u00e9s.<\/p>\n<\/blockquote>\n<p>A prata in\u00e9dita para o Brasil tamb\u00e9m foi motivo de comemora\u00e7\u00e3o para o carioca.<\/p>\n<p>\u201cFoi um torneio incr\u00edvel, antes do torneio se me falassem que eu sairia com uma medalha, eu ficaria muito feliz. No final eu consegui fazer o melhor que dava pra fazer. Tem um significado enorme, pois sempre foi um dos meus grandes objetivos. Alguns anos atr\u00e1s era muito dif\u00edcil um brasileiro sonhar com medalha no Mundial, e n\u00f3s conseguimos\u201d, analisou.\u00a0\u00a0<\/p>\n<p>\u201cClaro que fica o gostinho de quero mais, queria sair daqui como campe\u00e3o mundial, mas com certeza vou ter outras oportunidades. Vou seguir elevando meu n\u00edvel e me preparando para chegar ainda melhor nas pr\u00f3ximas\u201d, concluiu.<\/p>\n<p>H\u00e1 nove temporadas jogando no Liebherr Ochsenhausen (Alemanha), Calderano agora vai se concentrar para a final da liga alem\u00e3 de t\u00eanis de mesa, contra o Borussia D\u00fcsseldorf, em 15 de junho.<\/p>\n<p><em>Siga o Acorda Cidade no<\/em><a href=\"https:\/\/news.google.com\/search?q=acorda%20cidade&amp;hl=pt-BR&amp;gl=BR&amp;ceid=BR%3Apt-419\"><strong><em>\u00a0Google Not\u00edcias<\/em><\/strong><\/a><em>\u00a0e receba os principais destaques do dia. Participe tamb\u00e9m dos nossos canais no\u00a0<\/em><a href=\"https:\/\/www.whatsapp.com\/channel\/0029Va6Rb4v3WHTNnsh8WI3N\"><strong><em>WhatsApp<\/em><\/strong><\/a><em>\u00a0e\u00a0<\/em><a href=\"https:\/\/www.youtube.com\/@acordacidadenoticias\/videos\"><strong>YouTube<\/strong><\/a><em>\u00a0e do grupo no\u00a0<\/em><a href=\"https:\/\/t.me\/+sSz0khrgARA0ZmRh\"><strong><em>Telegram<\/em><\/strong><\/a><\/p>\n<p><a href=\"https:\/\/agenciabrasil.ebc.com.br\/esportes\/noticia\/2025-05\/calderano-avanca-final-inedita-do-brasil-no-mundial-de-tenis-de-mesa\"><\/a><\/p>\n<\/div>\n","protected":false},"excerpt":{"rendered":"<div>\n<div>\n<figure><img decoding=\"async\" src=\"https:\/\/uploads.acordacidade.com.br\/2025\/05\/sG3deVV9-calderano_grand_smash_singapura_2025.webp\" alt=\"Hugo calderano\"><figcaption>Foto: Alexandre Loureiro\/COB\/Direitos Reservados<\/figcaption><\/figure>\n<\/div>\n<p>O brasileiro chegou pela primeira vez a uma final de Mundial, at\u00e9 ent\u00e3o dominadas por mesatenistas asi\u00e1ticos e europeus.<\/p><\/div>\n","protected":false},"author":1,"featured_media":87477,"comment_status":"closed","ping_status":"closed","sticky":false,"template":"","format":"gallery","meta":{"footnotes":""},"categories":[8,9,6,57,56,10],"tags":[],"class_list":["post-87476","post","type-post","status-publish","format-gallery","has-post-thumbnail","hentry","category-bahia","category-brasil","category-feira-de-santana","category-mundo","category-policia","category-politica","post_format-post-format-gallery"],"featured_image_urls":{"full":["https:\/\/noticiasbahia360.com.br\/wp-content\/uploads\/2025\/05\/sG3deVV9-calderano_grand_smash_singapura_2025.webp",1200,718,false],"thumbnail":["https:\/\/noticiasbahia360.com.br\/wp-content\/uploads\/2025\/05\/sG3deVV9-calderano_grand_smash_singapura_2025-150x150.webp",150,150,true],"medium":["https:\/\/noticiasbahia360.com.br\/wp-content\/uploads\/2025\/05\/sG3deVV9-calderano_grand_smash_singapura_2025-300x180.webp",300,180,true],"medium_large":["https:\/\/noticiasbahia360.com.br\/wp-content\/uploads\/2025\/05\/sG3deVV9-calderano_grand_smash_singapura_2025-768x460.webp",640,383,true],"large":["https:\/\/noticiasbahia360.com.br\/wp-content\/uploads\/2025\/05\/sG3deVV9-calderano_grand_smash_singapura_2025-1024x613.webp",640,383,true],"1536x1536":["https:\/\/noticiasbahia360.com.br\/wp-content\/uploads\/2025\/05\/sG3deVV9-calderano_grand_smash_singapura_2025.webp",1200,718,false],"2048x2048":["https:\/\/noticiasbahia360.com.br\/wp-content\/uploads\/2025\/05\/sG3deVV9-calderano_grand_smash_singapura_2025.webp",1200,718,false],"chromenews-featured":["https:\/\/noticiasbahia360.com.br\/wp-content\/uploads\/2025\/05\/sG3deVV9-calderano_grand_smash_singapura_2025-1024x613.webp",1024,613,true],"chromenews-large":["https:\/\/noticiasbahia360.com.br\/wp-content\/uploads\/2025\/05\/sG3deVV9-calderano_grand_smash_singapura_2025-825x575.webp",825,575,true],"chromenews-medium":["https:\/\/noticiasbahia360.com.br\/wp-content\/uploads\/2025\/05\/sG3deVV9-calderano_grand_smash_singapura_2025-590x410.webp",590,410,true]},"author_info":{"display_name":"noticiasbahia360.com.br","author_link":"https:\/\/noticiasbahia360.com.br\/?author=1"},"category_info":"<a href=\"https:\/\/noticiasbahia360.com.br\/?cat=8\" rel=\"category\">Bahia<\/a> <a href=\"https:\/\/noticiasbahia360.com.br\/?cat=9\" rel=\"category\">Brasil<\/a> <a href=\"https:\/\/noticiasbahia360.com.br\/?cat=6\" rel=\"category\">Feira de Santana<\/a> <a href=\"https:\/\/noticiasbahia360.com.br\/?cat=57\" rel=\"category\">Mundo<\/a> <a href=\"https:\/\/noticiasbahia360.com.br\/?cat=56\" rel=\"category\">Pol\u00edcia<\/a> <a href=\"https:\/\/noticiasbahia360.com.br\/?cat=10\" rel=\"category\">Pol\u00edtica<\/a>","tag_info":"Pol\u00edtica","comment_count":"0","_links":{"self":[{"href":"https:\/\/noticiasbahia360.com.br\/index.php?rest_route=\/wp\/v2\/posts\/87476","targetHints":{"allow":["GET"]}}],"collection":[{"href":"https:\/\/noticiasbahia360.com.br\/index.php?rest_route=\/wp\/v2\/posts"}],"about":[{"href":"https:\/\/noticiasbahia360.com.br\/index.php?rest_route=\/wp\/v2\/types\/post"}],"author":[{"embeddable":true,"href":"https:\/\/noticiasbahia360.com.br\/index.php?rest_route=\/wp\/v2\/users\/1"}],"replies":[{"embeddable":true,"href":"https:\/\/noticiasbahia360.com.br\/index.php?rest_route=%2Fwp%2Fv2%2Fcomments&post=87476"}],"version-history":[{"count":0,"href":"https:\/\/noticiasbahia360.com.br\/index.php?rest_route=\/wp\/v2\/posts\/87476\/revisions"}],"wp:featuredmedia":[{"embeddable":true,"href":"https:\/\/noticiasbahia360.com.br\/index.php?rest_route=\/wp\/v2\/media\/87477"}],"wp:attachment":[{"href":"https:\/\/noticiasbahia360.com.br\/index.php?rest_route=%2Fwp%2Fv2%2Fmedia&parent=87476"}],"wp:term":[{"taxonomy":"category","embeddable":true,"href":"https:\/\/noticiasbahia360.com.br\/index.php?rest_route=%2Fwp%2Fv2%2Fcategories&post=87476"},{"taxonomy":"post_tag","embeddable":true,"href":"https:\/\/noticiasbahia360.com.br\/index.php?rest_route=%2Fwp%2Fv2%2Ftags&post=87476"}],"curies":[{"name":"wp","href":"https:\/\/api.w.org\/{rel}","templated":true}]}}