{"id":87478,"date":"2025-05-25T18:18:42","date_gmt":"2025-05-25T21:18:42","guid":{"rendered":"https:\/\/noticiasbahia360.com.br\/?p=87478"},"modified":"2025-05-25T18:18:42","modified_gmt":"2025-05-25T21:18:42","slug":"reembolso-de-descontos-indevidos-do-inss-comecam-nesta-segunda-26","status":"publish","type":"post","link":"https:\/\/noticiasbahia360.com.br\/?p=87478","title":{"rendered":"Reembolso de descontos indevidos do INSS come\u00e7am nesta segunda (26)"},"content":{"rendered":"<div>\n<div>\n<figure><img decoding=\"async\" src=\"http:\/\/noticiasbahia360.com.br\/wp-content\/uploads\/2025\/05\/Marcello-Casal-jr-previdencia-social-640-2.jpg\" alt=\"Instituto Nacional do Seguro Social (INSS) desconto indevido aposentado\"><figcaption>Foto: Marcello Casal Jr. \/ Ag\u00eancia Brasil<\/figcaption><\/figure>\n<\/div>\n<p>Ag\u00eancia Brasil \u2013 A partir desta segunda-feira (26), aposentados e pensionistas do Instituto Nacional do Seguro Social (<a href=\"https:\/\/www.acordacidade.com.br\/tag\/inss\/\">INSS<\/a>) que tiveram desconto de mensalidade associativa na folha de pagamentos de abril, v\u00e3o receber de volta os valores cobrados indevidamente. Ao todo ser\u00e3o estornados de R$ 292 milh\u00f5es.<\/p>\n<p>Conforme nota do instituto publicada na \u00faltima semana, \u201cno final de abril, o INSS determinou a suspens\u00e3o de todos os descontos desse tipo. Por\u00e9m, como a folha de pagamentos referente \u00e0quele m\u00eas j\u00e1 estava fechada, os descontos ainda foram realizados nos pagamentos feitos entre 24 de abril e 8 de maio.\u201d<\/p>\n<p>Por decis\u00e3o do governo federal, o INSS e n\u00e3o repassou os valores \u00e0s entidades associativas, e a devolu\u00e7\u00e3o ser\u00e1 feita junto com o pagamento regular dos benef\u00edcios \u2013 de 26 de maio a 6 de junho.<\/p>\n<p>\u201cPara isso, o benefici\u00e1rio n\u00e3o precisa tomar nenhuma provid\u00eancia\u201d, garante o instituto.<\/p>\n<p>Na nota, o INSS publica calend\u00e1rio de pagamento da devolu\u00e7\u00e3o e alerta para as tentativas de golpe lembrando que as informa\u00e7\u00f5es sobre aposentadorias e pens\u00f5es s\u00e3o repassadas diretamente pelo portal Meu INSS.<\/p>\n<p>Caso o aposentado ou pensionista queira reaver mensalidades cobradas indevidamente em per\u00edodo anterior deve informar no Meu INSS ou pelo telefone 135.<\/p>\n<p>O INSS afirma que \u201cvai acionar a entidade para que comprove a autoriza\u00e7\u00e3o. Caso n\u00e3o haja comprova\u00e7\u00e3o, a entidade dever\u00e1 devolver os recursos ao Instituto, que posteriormente far\u00e1 o repasse ao benefici\u00e1rio. A devolu\u00e7\u00e3o ser\u00e1 feita pelo INSS, pelo mesmo meio que faz os pagamentos regulares \u2013 seja conta banc\u00e1ria ou cart\u00e3o magn\u00e9tico.\u201d<\/p>\n<p>Desde a \u00faltima sexta-feira, benefici\u00e1rios que desejam fazer empr\u00e9stimo consignado e autorizar descontos de parcelas nas pens\u00f5es e aposentadorias dever\u00e3o fazer identifica\u00e7\u00e3o biom\u00e9trica na plataforma do Meu INSS. Veja o passo a passo aqui.<\/p>\n<p><em>Siga o Acorda Cidade no<\/em><a href=\"https:\/\/news.google.com\/search?q=acorda%20cidade&amp;hl=pt-BR&amp;gl=BR&amp;ceid=BR%3Apt-419\"><strong><em>\u00a0Google Not\u00edcias<\/em><\/strong><\/a><em>\u00a0e receba os principais destaques do dia. Participe tamb\u00e9m dos nossos canais no\u00a0<\/em><a href=\"https:\/\/www.whatsapp.com\/channel\/0029Va6Rb4v3WHTNnsh8WI3N\"><strong><em>WhatsApp<\/em><\/strong><\/a><em>\u00a0e\u00a0<\/em><a href=\"https:\/\/www.youtube.com\/@acordacidadenoticias\/videos\"><strong>YouTube<\/strong><\/a><em>\u00a0e do grupo no\u00a0<\/em><a href=\"https:\/\/t.me\/+sSz0khrgARA0ZmRh\"><strong><em>Telegram<\/em><\/strong><\/a><\/p>\n<\/div>\n","protected":false},"excerpt":{"rendered":"<div>\n<div>\n<figure><img decoding=\"async\" src=\"https:\/\/uploads.acordacidade.com.br\/wp-content\/uploads\/2022\/05\/25094023\/Marcello-Casal-jr-previdencia-social-640.jpg\" alt=\"Instituto Nacional do Seguro Social (INSS) desconto indevido aposentado\"><figcaption>Foto: Marcello Casal Jr. \/ Ag\u00eancia Brasil<\/figcaption><\/figure>\n<\/div>\n<p>O INSS e n\u00e3o repassou os valores \u00e0s entidades associativas, e a devolu\u00e7\u00e3o ser\u00e1 feita junto com o pagamento regular dos benef\u00edcios.<\/p><\/div>\n","protected":false},"author":1,"featured_media":87479,"comment_status":"closed","ping_status":"closed","sticky":false,"template":"","format":"gallery","meta":{"footnotes":""},"categories":[8,9,6,57,56,10],"tags":[],"class_list":["post-87478","post","type-post","status-publish","format-gallery","has-post-thumbnail","hentry","category-bahia","category-brasil","category-feira-de-santana","category-mundo","category-policia","category-politica","post_format-post-format-gallery"],"featured_image_urls":{"full":["https:\/\/noticiasbahia360.com.br\/wp-content\/uploads\/2025\/05\/Marcello-Casal-jr-previdencia-social-640-2.jpg",640,382,false],"thumbnail":["https:\/\/noticiasbahia360.com.br\/wp-content\/uploads\/2025\/05\/Marcello-Casal-jr-previdencia-social-640-2-150x150.jpg",150,150,true],"medium":["https:\/\/noticiasbahia360.com.br\/wp-content\/uploads\/2025\/05\/Marcello-Casal-jr-previdencia-social-640-2-300x179.jpg",300,179,true],"medium_large":["https:\/\/noticiasbahia360.com.br\/wp-content\/uploads\/2025\/05\/Marcello-Casal-jr-previdencia-social-640-2.jpg",640,382,false],"large":["https:\/\/noticiasbahia360.com.br\/wp-content\/uploads\/2025\/05\/Marcello-Casal-jr-previdencia-social-640-2.jpg",640,382,false],"1536x1536":["https:\/\/noticiasbahia360.com.br\/wp-content\/uploads\/2025\/05\/Marcello-Casal-jr-previdencia-social-640-2.jpg",640,382,false],"2048x2048":["https:\/\/noticiasbahia360.com.br\/wp-content\/uploads\/2025\/05\/Marcello-Casal-jr-previdencia-social-640-2.jpg",640,382,false],"chromenews-featured":["https:\/\/noticiasbahia360.com.br\/wp-content\/uploads\/2025\/05\/Marcello-Casal-jr-previdencia-social-640-2.jpg",640,382,false],"chromenews-large":["https:\/\/noticiasbahia360.com.br\/wp-content\/uploads\/2025\/05\/Marcello-Casal-jr-previdencia-social-640-2.jpg",640,382,false],"chromenews-medium":["https:\/\/noticiasbahia360.com.br\/wp-content\/uploads\/2025\/05\/Marcello-Casal-jr-previdencia-social-640-2-590x382.jpg",590,382,true]},"author_info":{"display_name":"noticiasbahia360.com.br","author_link":"https:\/\/noticiasbahia360.com.br\/?author=1"},"category_info":"<a href=\"https:\/\/noticiasbahia360.com.br\/?cat=8\" rel=\"category\">Bahia<\/a> <a href=\"https:\/\/noticiasbahia360.com.br\/?cat=9\" rel=\"category\">Brasil<\/a> <a href=\"https:\/\/noticiasbahia360.com.br\/?cat=6\" rel=\"category\">Feira de Santana<\/a> <a href=\"https:\/\/noticiasbahia360.com.br\/?cat=57\" rel=\"category\">Mundo<\/a> <a href=\"https:\/\/noticiasbahia360.com.br\/?cat=56\" rel=\"category\">Pol\u00edcia<\/a> <a href=\"https:\/\/noticiasbahia360.com.br\/?cat=10\" rel=\"category\">Pol\u00edtica<\/a>","tag_info":"Pol\u00edtica","comment_count":"0","_links":{"self":[{"href":"https:\/\/noticiasbahia360.com.br\/index.php?rest_route=\/wp\/v2\/posts\/87478","targetHints":{"allow":["GET"]}}],"collection":[{"href":"https:\/\/noticiasbahia360.com.br\/index.php?rest_route=\/wp\/v2\/posts"}],"about":[{"href":"https:\/\/noticiasbahia360.com.br\/index.php?rest_route=\/wp\/v2\/types\/post"}],"author":[{"embeddable":true,"href":"https:\/\/noticiasbahia360.com.br\/index.php?rest_route=\/wp\/v2\/users\/1"}],"replies":[{"embeddable":true,"href":"https:\/\/noticiasbahia360.com.br\/index.php?rest_route=%2Fwp%2Fv2%2Fcomments&post=87478"}],"version-history":[{"count":0,"href":"https:\/\/noticiasbahia360.com.br\/index.php?rest_route=\/wp\/v2\/posts\/87478\/revisions"}],"wp:featuredmedia":[{"embeddable":true,"href":"https:\/\/noticiasbahia360.com.br\/index.php?rest_route=\/wp\/v2\/media\/87479"}],"wp:attachment":[{"href":"https:\/\/noticiasbahia360.com.br\/index.php?rest_route=%2Fwp%2Fv2%2Fmedia&parent=87478"}],"wp:term":[{"taxonomy":"category","embeddable":true,"href":"https:\/\/noticiasbahia360.com.br\/index.php?rest_route=%2Fwp%2Fv2%2Fcategories&post=87478"},{"taxonomy":"post_tag","embeddable":true,"href":"https:\/\/noticiasbahia360.com.br\/index.php?rest_route=%2Fwp%2Fv2%2Ftags&post=87478"}],"curies":[{"name":"wp","href":"https:\/\/api.w.org\/{rel}","templated":true}]}}