{"id":87480,"date":"2025-05-25T18:36:23","date_gmt":"2025-05-25T21:36:23","guid":{"rendered":"https:\/\/noticiasbahia360.com.br\/?p=87480"},"modified":"2025-05-25T18:36:23","modified_gmt":"2025-05-25T21:36:23","slug":"papa-leao-xiv-e-formalmente-bispo-de-roma-sinto-uma-responsabilidade-seria-mas-apaixonada-de-servir-os-romanos","status":"publish","type":"post","link":"https:\/\/noticiasbahia360.com.br\/?p=87480","title":{"rendered":"Papa Le\u00e3o XIV \u00e9 formalmente bispo de Roma: \u201cSinto uma responsabilidade s\u00e9ria, mas apaixonada de servir os romanos\u201d"},"content":{"rendered":"<div>\n<div>\n<figure><img decoding=\"async\" src=\"http:\/\/noticiasbahia360.com.br\/wp-content\/uploads\/2025\/05\/Q7iZxoGZ-Papa-Leao-XIV.webp\" alt=\"Papa Le\u00e3o XIV\"><figcaption>Foto: Reprodu\u00e7\u00e3o \/ Vatican News<\/figcaption><\/figure>\n<\/div>\n<p>O <a href=\"https:\/\/www.acordacidade.com.br\/tag\/papa-leao-xiv\/\">papa Le\u00e3o XIV<\/a> completou neste domingo (25) os \u00faltimos passos para se tornar o bispo de Roma, cargo tradicionalmente ocupado por todos os pont\u00edfices desde o primeiro, s\u00e3o Pedro.<\/p>\n<p>Em missa realizada na igreja que \u00e9 sede da Igreja Cat\u00f3lica no mundo, a Arquibas\u00edlica de S\u00e3o Jo\u00e3o de Latr\u00e3o, em Roma, Le\u00e3o disse aos sacerdotes e fi\u00e9is presentes: \u201csou um romano\u201d \u2013a frase teria sido dita por s\u00e3o Paulo quando foi preso, garantindo que seria levado at\u00e9 Roma por seus captores.<\/p>\n<p>Agostininano, o papa tamb\u00e9m repetiu as palavras de Santo Agostinho, dizendo: \u201ccom voc\u00eas, eu sou Crist\u00e3o, e por voc\u00eas, sou bispo\u201d, acrescentando: \u201choje, tamb\u00e9m posso dizer que sou romano\u201d.<\/p>\n<p>Na homilia, Le\u00e3o enfatizou sua vis\u00e3o de uma Igreja Cat\u00f3lica aberta. \u201cQuero ouvir e aprender, quero entender e decidir em conjunto\u201d, disse o papa aos membros da C\u00faria presentes. Com a cerim\u00f4nia, o americano se tornou oficialmente bispo de Roma, mas ele ainda deve nomear um vig\u00e1rio para administrar a arquidiocese, como \u00e9 tradicionalmente feito pelo papa.<\/p>\n<p>A cerim\u00f4nia aconteceu depois que Le\u00e3o visitou a bas\u00edlica de Santa Maria Maior, onde est\u00e1 enterrado o papa Francisco, e a bas\u00edlica de S\u00e3o Paulo Extramuros, junto com a arquibas\u00edlica de S\u00e3o Jo\u00e3o de Latr\u00e3o e a bas\u00edlica de S\u00e3o Pedro, as quatro formam as chamadas bas\u00edlicas papais, as mais importantes fora da terra santa.<\/p>\n<p>Le\u00e3o disse que sente \u201cuma responsabilidade s\u00e9ria, mas apaixonada\u201d de servir os romanos. Ele foi recepcionado na igreja pelo prefeito de Roma, Roberto Gualtieri, do Partido Democr\u00e1tico, de centro-esquerda.<\/p>\n<p><em>Fonte:\u00a0<a href=\"https:\/\/www.bahianoticias.com.br\/folha\/noticia\/338029-papa-leao-14-realiza-missa-e-se-torna-formalmente-bispo-de-roma\" target=\"_blank\" rel=\"noreferrer noopener\">Bahia Not\u00edcias<\/a><\/em><\/p>\n<p><em>Siga o Acorda Cidade no<\/em><a href=\"https:\/\/news.google.com\/search?q=acorda%20cidade&amp;hl=pt-BR&amp;gl=BR&amp;ceid=BR%3Apt-419\"><strong><em>\u00a0Google Not\u00edcias<\/em><\/strong><\/a><em>\u00a0e receba os principais destaques do dia. Participe tamb\u00e9m dos nossos canais no\u00a0<\/em><a href=\"https:\/\/www.whatsapp.com\/channel\/0029Va6Rb4v3WHTNnsh8WI3N\"><strong><em>WhatsApp<\/em><\/strong><\/a><em>\u00a0e\u00a0<\/em><a href=\"https:\/\/www.youtube.com\/@acordacidadenoticias\/videos\"><strong>Youtube<\/strong><\/a><em>\u00a0e grupo de\u00a0<\/em><a href=\"https:\/\/t.me\/+sSz0khrgARA0ZmRh\"><strong><em>Telegram<\/em><\/strong><\/a><em>.<\/em><\/p>\n<\/div>\n","protected":false},"excerpt":{"rendered":"<div>\n<div>\n<figure><img decoding=\"async\" src=\"https:\/\/uploads.acordacidade.com.br\/2025\/05\/Q7iZxoGZ-Papa-Leao-XIV.webp\" alt=\"Papa Le\u00e3o XIV\"><figcaption>Foto: Reprodu\u00e7\u00e3o \/ Vatican News<\/figcaption><\/figure>\n<\/div>\n<p>A cerim\u00f4nia aconteceu depois que Le\u00e3o visitou a bas\u00edlica de Santa Maria Maior, onde est\u00e1 enterrado o papa Francisco.<\/p><\/div>\n","protected":false},"author":1,"featured_media":87481,"comment_status":"closed","ping_status":"closed","sticky":false,"template":"","format":"gallery","meta":{"footnotes":""},"categories":[8,9,6,57,56,10],"tags":[],"class_list":["post-87480","post","type-post","status-publish","format-gallery","has-post-thumbnail","hentry","category-bahia","category-brasil","category-feira-de-santana","category-mundo","category-policia","category-politica","post_format-post-format-gallery"],"featured_image_urls":{"full":["https:\/\/noticiasbahia360.com.br\/wp-content\/uploads\/2025\/05\/Q7iZxoGZ-Papa-Leao-XIV.webp",1200,630,false],"thumbnail":["https:\/\/noticiasbahia360.com.br\/wp-content\/uploads\/2025\/05\/Q7iZxoGZ-Papa-Leao-XIV-150x150.webp",150,150,true],"medium":["https:\/\/noticiasbahia360.com.br\/wp-content\/uploads\/2025\/05\/Q7iZxoGZ-Papa-Leao-XIV-300x158.webp",300,158,true],"medium_large":["https:\/\/noticiasbahia360.com.br\/wp-content\/uploads\/2025\/05\/Q7iZxoGZ-Papa-Leao-XIV-768x403.webp",640,336,true],"large":["https:\/\/noticiasbahia360.com.br\/wp-content\/uploads\/2025\/05\/Q7iZxoGZ-Papa-Leao-XIV-1024x538.webp",640,336,true],"1536x1536":["https:\/\/noticiasbahia360.com.br\/wp-content\/uploads\/2025\/05\/Q7iZxoGZ-Papa-Leao-XIV.webp",1200,630,false],"2048x2048":["https:\/\/noticiasbahia360.com.br\/wp-content\/uploads\/2025\/05\/Q7iZxoGZ-Papa-Leao-XIV.webp",1200,630,false],"chromenews-featured":["https:\/\/noticiasbahia360.com.br\/wp-content\/uploads\/2025\/05\/Q7iZxoGZ-Papa-Leao-XIV-1024x538.webp",1024,538,true],"chromenews-large":["https:\/\/noticiasbahia360.com.br\/wp-content\/uploads\/2025\/05\/Q7iZxoGZ-Papa-Leao-XIV-825x575.webp",825,575,true],"chromenews-medium":["https:\/\/noticiasbahia360.com.br\/wp-content\/uploads\/2025\/05\/Q7iZxoGZ-Papa-Leao-XIV-590x410.webp",590,410,true]},"author_info":{"display_name":"noticiasbahia360.com.br","author_link":"https:\/\/noticiasbahia360.com.br\/?author=1"},"category_info":"<a href=\"https:\/\/noticiasbahia360.com.br\/?cat=8\" rel=\"category\">Bahia<\/a> <a href=\"https:\/\/noticiasbahia360.com.br\/?cat=9\" rel=\"category\">Brasil<\/a> <a href=\"https:\/\/noticiasbahia360.com.br\/?cat=6\" rel=\"category\">Feira de Santana<\/a> <a href=\"https:\/\/noticiasbahia360.com.br\/?cat=57\" rel=\"category\">Mundo<\/a> <a href=\"https:\/\/noticiasbahia360.com.br\/?cat=56\" rel=\"category\">Pol\u00edcia<\/a> <a href=\"https:\/\/noticiasbahia360.com.br\/?cat=10\" rel=\"category\">Pol\u00edtica<\/a>","tag_info":"Pol\u00edtica","comment_count":"0","_links":{"self":[{"href":"https:\/\/noticiasbahia360.com.br\/index.php?rest_route=\/wp\/v2\/posts\/87480","targetHints":{"allow":["GET"]}}],"collection":[{"href":"https:\/\/noticiasbahia360.com.br\/index.php?rest_route=\/wp\/v2\/posts"}],"about":[{"href":"https:\/\/noticiasbahia360.com.br\/index.php?rest_route=\/wp\/v2\/types\/post"}],"author":[{"embeddable":true,"href":"https:\/\/noticiasbahia360.com.br\/index.php?rest_route=\/wp\/v2\/users\/1"}],"replies":[{"embeddable":true,"href":"https:\/\/noticiasbahia360.com.br\/index.php?rest_route=%2Fwp%2Fv2%2Fcomments&post=87480"}],"version-history":[{"count":0,"href":"https:\/\/noticiasbahia360.com.br\/index.php?rest_route=\/wp\/v2\/posts\/87480\/revisions"}],"wp:featuredmedia":[{"embeddable":true,"href":"https:\/\/noticiasbahia360.com.br\/index.php?rest_route=\/wp\/v2\/media\/87481"}],"wp:attachment":[{"href":"https:\/\/noticiasbahia360.com.br\/index.php?rest_route=%2Fwp%2Fv2%2Fmedia&parent=87480"}],"wp:term":[{"taxonomy":"category","embeddable":true,"href":"https:\/\/noticiasbahia360.com.br\/index.php?rest_route=%2Fwp%2Fv2%2Fcategories&post=87480"},{"taxonomy":"post_tag","embeddable":true,"href":"https:\/\/noticiasbahia360.com.br\/index.php?rest_route=%2Fwp%2Fv2%2Ftags&post=87480"}],"curies":[{"name":"wp","href":"https:\/\/api.w.org\/{rel}","templated":true}]}} 