{"id":87482,"date":"2025-05-25T19:06:30","date_gmt":"2025-05-25T22:06:30","guid":{"rendered":"https:\/\/noticiasbahia360.com.br\/?p=87482"},"modified":"2025-05-25T19:06:30","modified_gmt":"2025-05-25T22:06:30","slug":"flamengo-bate-o-palmeiras-no-allianz-mantem-freguesia-e-cola-na-lideranca-do-brasileirao","status":"publish","type":"post","link":"https:\/\/noticiasbahia360.com.br\/?p=87482","title":{"rendered":"Flamengo bate o Palmeiras no Allianz, mant\u00e9m freguesia e cola na lideran\u00e7a do Brasileir\u00e3o"},"content":{"rendered":"<div>\n<div>\n<figure><img decoding=\"async\" src=\"http:\/\/noticiasbahia360.com.br\/wp-content\/uploads\/2025\/05\/XWPKY0oM-Flamengo-repoducao-instagram.webp\" alt=\"Flamengo x Palmeiras\"><figcaption>Foto: Reprodu\u00e7\u00e3o\/Redes Sociais <\/figcaption><\/figure>\n<\/div>\n<p>O <a href=\"https:\/\/www.acordacidade.com.br\/tag\/flamengo\/\">Flamengo<\/a> mostrou for\u00e7a fora de casa e venceu o <a href=\"https:\/\/www.acordacidade.com.br\/tag\/palmeiras\/\">Palmeiras<\/a> por 2 a 0 neste domingo (25), no Allianz Parque, pela 10\u00aa rodada do Brasileir\u00e3o. O jogo, marcado por muita tens\u00e3o e dois p\u00eanaltis pol\u00eamicos \u2014 um para cada lado \u2014, terminou com o Rubro-Negro levando a melhor, colando no Verd\u00e3o na tabela e ampliando um longo tabu: <strong>n\u00e3o perde para o rival paulista desde 2017.<\/strong><\/p>\n<p>O Palmeiras at\u00e9 come\u00e7ou melhor, pressionando e controlando as a\u00e7\u00f5es no primeiro tempo. E foi nessa fase que surgiu o primeiro lance pol\u00eamico da partida. Piquerez cruzou, a bola tocou no bra\u00e7o de Varela, e o \u00e1rbitro marcou p\u00eanalti ap\u00f3s longa checagem do VAR. Na cobran\u00e7a, <strong>Rossi brilhou, defendeu o chute do pr\u00f3prio Piquerez<\/strong> e segurou tamb\u00e9m o rebote de Estev\u00e3o, <strong>mantendo o 0 a 0 no placar.<\/strong><\/p>\n<figure class=\"wp-block-image size-large\"><img fetchpriority=\"high\" data-dominant-color=\"a2b1ad\" data-has-transparency=\"false\" style=\"--dominant-color: #a2b1ad;\" fetchpriority=\"high\" decoding=\"async\" width=\"1024\" height=\"728\" sizes=\"(max-width: 1024px) 100vw, 1024px\" src=\"http:\/\/noticiasbahia360.com.br\/wp-content\/uploads\/2025\/05\/ML5LBCI2-Flamengo-repoducao-instagram-1024x728-1.webp\" alt=\"Flamengo x Palmeiras\" class=\"wp-image-557848 not-transparent\" srcset=\"https:\/\/uploads.acordacidade.com.br\/2025\/05\/ML5LBCI2-Flamengo-repoducao-instagram--300x213.webp 300w, http:\/\/noticiasbahia360.com.br\/wp-content\/uploads\/2025\/05\/ML5LBCI2-Flamengo-repoducao-instagram-1024x728-1.webp 1024w, https:\/\/uploads.acordacidade.com.br\/2025\/05\/ML5LBCI2-Flamengo-repoducao-instagram--768x546.webp 768w, https:\/\/uploads.acordacidade.com.br\/2025\/05\/ML5LBCI2-Flamengo-repoducao-instagram--150x107.webp 150w, https:\/\/uploads.acordacidade.com.br\/2025\/05\/ML5LBCI2-Flamengo-repoducao-instagram-.webp 1200w\"><figcaption class=\"wp-element-caption\">Foto: Reprodu\u00e7\u00e3o\/Redes Sociais <\/figcaption><\/figure>\n<p><strong>Se o Verd\u00e3o desperdi\u00e7ou, o Fla n\u00e3o perdoou.<\/strong> Na etapa final, em outro p\u00eanalti discutido \u2014 um agarr\u00e3o de Murilo sobre <strong>Arrascaeta<\/strong> \u2014, o uruguaio chamou a responsabilidade, bateu com categoria e abriu o placar. <strong>Foi o oitavo gol dele no Brasileir\u00e3o, isolando-se na artilharia.<\/strong><\/p>\n<p>Com o Palmeiras se lan\u00e7ando ao ataque, o Flamengo encontrou espa\u00e7os. E matou o jogo em contra-ataque: Pedro cobrou lateral, Wallace Yan tabelou bonito com Ayrton Lucas, que invadiu a \u00e1rea e mandou na sa\u00edda de Weverton. <strong>Fim de papo: 2 a 0, festa da favela no Allianz.<\/strong><\/p>\n<p>O resultado coloca o Flamengo na cola do l\u00edder Palmeiras, que segue na ponta com 22 pontos, apenas um a mais que o Rubro-Negro. Al\u00e9m disso, o time carioca manteve a escrita: <strong>s\u00e3o sete vit\u00f3rias e oito empates nos \u00faltimos 15 jogos contra o Verd\u00e3o.<\/strong><\/p>\n<figure class=\"wp-block-image size-large\"><img data-dominant-color=\"7c7278\" data-has-transparency=\"false\" style=\"--dominant-color: #7c7278;\" decoding=\"async\" width=\"1024\" height=\"767\" sizes=\"(max-width: 1024px) 100vw, 1024px\" src=\"http:\/\/noticiasbahia360.com.br\/wp-content\/uploads\/2025\/05\/Fojl0LmM-Flamengo-repoducao-instagram-1-1024x767-1.webp\" alt=\"Flamengo x Palmeiras\" class=\"wp-image-557847 not-transparent\" srcset=\"https:\/\/uploads.acordacidade.com.br\/2025\/05\/Fojl0LmM-Flamengo-repoducao-instagram-1-300x225.webp 300w, http:\/\/noticiasbahia360.com.br\/wp-content\/uploads\/2025\/05\/Fojl0LmM-Flamengo-repoducao-instagram-1-1024x767-1.webp 1024w, https:\/\/uploads.acordacidade.com.br\/2025\/05\/Fojl0LmM-Flamengo-repoducao-instagram-1-768x575.webp 768w, https:\/\/uploads.acordacidade.com.br\/2025\/05\/Fojl0LmM-Flamengo-repoducao-instagram-1-150x112.webp 150w, https:\/\/uploads.acordacidade.com.br\/2025\/05\/Fojl0LmM-Flamengo-repoducao-instagram-1.webp 1200w\"><figcaption class=\"wp-element-caption\">Foto: Reprodu\u00e7\u00e3o\/Redes Sociais <\/figcaption><\/figure>\n<h3 class=\"wp-block-heading\" id=\"h-ficha-tecnica\"><strong>Ficha T\u00e9cnica<\/strong><\/h3>\n<p><strong>Palmeiras 0 x 2 Flamengo<\/strong><strong><br \/><\/strong> Brasileir\u00e3o \u2013 10\u00aa rodada<br \/>Allianz Parque, S\u00e3o Paulo (SP)<br \/>Gols: Arrascaeta (p\u00eanalti, 27\u2019\/2\u00baT) e Ayrton Lucas (42\u2019\/2\u00baT)<\/p>\n<p><strong>Palmeiras:<\/strong> Weverton; Giay, G\u00f3mez (Raphael Veiga), Murilo e Piquerez; Lucas Evangelista (Luighi), Mart\u00ednez, Richard R\u00edos e Mayke (Maur\u00edcio); Estev\u00e3o, Facundo Torres (Paulinho) e Vitor Roque (Flaco L\u00f3pez).<br \/>T\u00e9cnico: Jo\u00e3o Martins (substituindo Abel Ferreira, suspenso)<\/p>\n<p><strong>Flamengo:<\/strong> Rossi; Varela, L\u00e9o Ortiz, L\u00e9o Pereira e Alex Sandro; Everton Ara\u00fajo, Gerson (Danilo) e Arrascaeta (Wallace Yan); Luiz Ara\u00fajo (Ayrton Lucas), Cebolinha (Michael) e Bruno Henrique (Pedro).<br \/>T\u00e9cnico: Filipe Lu\u00eds<\/p>\n<p><strong>Arbitragem:<\/strong> Ramon Abatti Abel (SC)<br \/>VAR: Wagner Reway (SC)<\/p>\n<p><strong>Amarelos: <\/strong>Gustavo G\u00f3mez, Flaco L\u00f3pez, Murilo, Piquerez (Palmeiras); Rossi, Wallace Yan (Flamengo)<\/p>\n<p><em>Siga o Acorda Cidade no<\/em><a href=\"https:\/\/news.google.com\/search?q=acorda%20cidade&amp;hl=pt-BR&amp;gl=BR&amp;ceid=BR%3Apt-419\"><strong><em>\u00a0Google Not\u00edcias<\/em><\/strong><\/a><em>\u00a0e receba os principais destaques do dia. Participe tamb\u00e9m dos nossos canais no\u00a0<\/em><a href=\"https:\/\/www.whatsapp.com\/channel\/0029Va6Rb4v3WHTNnsh8WI3N\"><strong><em>WhatsApp<\/em><\/strong><\/a><em>\u00a0e\u00a0<\/em><a href=\"https:\/\/www.youtube.com\/@acordacidadenoticias\/videos\"><strong>Youtube<\/strong><\/a><em>\u00a0e grupo de\u00a0<\/em><a href=\"https:\/\/t.me\/+sSz0khrgARA0ZmRh\"><strong><em>Telegram<\/em><\/strong><\/a><em>.<\/em><\/p>\n<\/div>\n","protected":false},"excerpt":{"rendered":"<div>\n<div>\n<figure><img decoding=\"async\" src=\"https:\/\/uploads.acordacidade.com.br\/2025\/05\/XWPKY0oM-Flamengo-repoducao-instagram.webp\" alt=\"Flamengo x Palmeiras\"><figcaption>Foto: Reprodu\u00e7\u00e3o\/Redes Sociais <\/figcaption><\/figure>\n<\/div>\n<p>O resultado coloca o Flamengo na cola do l\u00edder Palmeiras, que segue na ponta com 22 pontos, apenas um a mais que o Rubro-Negro.<\/p><\/div>\n","protected":false},"author":1,"featured_media":87483,"comment_status":"closed","ping_status":"closed","sticky":false,"template":"","format":"gallery","meta":{"footnotes":""},"categories":[8,9,6,57,56,10],"tags":[],"class_list":["post-87482","post","type-post","status-publish","format-gallery","has-post-thumbnail","hentry","category-bahia","category-brasil","category-feira-de-santana","category-mundo","category-policia","category-politica","post_format-post-format-gallery"],"featured_image_urls":{"full":["https:\/\/noticiasbahia360.com.br\/wp-content\/uploads\/2025\/05\/XWPKY0oM-Flamengo-repoducao-instagram.webp",1200,1084,false],"thumbnail":["https:\/\/noticiasbahia360.com.br\/wp-content\/uploads\/2025\/05\/XWPKY0oM-Flamengo-repoducao-instagram-150x150.webp",150,150,true],"medium":["https:\/\/noticiasbahia360.com.br\/wp-content\/uploads\/2025\/05\/XWPKY0oM-Flamengo-repoducao-instagram-300x271.webp",300,271,true],"medium_large":["https:\/\/noticiasbahia360.com.br\/wp-content\/uploads\/2025\/05\/XWPKY0oM-Flamengo-repoducao-instagram-768x694.webp",640,578,true],"large":["https:\/\/noticiasbahia360.com.br\/wp-content\/uploads\/2025\/05\/XWPKY0oM-Flamengo-repoducao-instagram-1024x925.webp",640,578,true],"1536x1536":["https:\/\/noticiasbahia360.com.br\/wp-content\/uploads\/2025\/05\/XWPKY0oM-Flamengo-repoducao-instagram.webp",1200,1084,false],"2048x2048":["https:\/\/noticiasbahia360.com.br\/wp-content\/uploads\/2025\/05\/XWPKY0oM-Flamengo-repoducao-instagram.webp",1200,1084,false],"chromenews-featured":["https:\/\/noticiasbahia360.com.br\/wp-content\/uploads\/2025\/05\/XWPKY0oM-Flamengo-repoducao-instagram-1024x925.webp",1024,925,true],"chromenews-large":["https:\/\/noticiasbahia360.com.br\/wp-content\/uploads\/2025\/05\/XWPKY0oM-Flamengo-repoducao-instagram-825x575.webp",825,575,true],"chromenews-medium":["https:\/\/noticiasbahia360.com.br\/wp-content\/uploads\/2025\/05\/XWPKY0oM-Flamengo-repoducao-instagram-590x410.webp",590,410,true]},"author_info":{"display_name":"noticiasbahia360.com.br","author_link":"https:\/\/noticiasbahia360.com.br\/?author=1"},"category_info":"<a href=\"https:\/\/noticiasbahia360.com.br\/?cat=8\" rel=\"category\">Bahia<\/a> <a href=\"https:\/\/noticiasbahia360.com.br\/?cat=9\" rel=\"category\">Brasil<\/a> <a href=\"https:\/\/noticiasbahia360.com.br\/?cat=6\" rel=\"category\">Feira de Santana<\/a> <a href=\"https:\/\/noticiasbahia360.com.br\/?cat=57\" rel=\"category\">Mundo<\/a> <a href=\"https:\/\/noticiasbahia360.com.br\/?cat=56\" rel=\"category\">Pol\u00edcia<\/a> <a href=\"https:\/\/noticiasbahia360.com.br\/?cat=10\" rel=\"category\">Pol\u00edtica<\/a>","tag_info":"Pol\u00edtica","comment_count":"0","_links":{"self":[{"href":"https:\/\/noticiasbahia360.com.br\/index.php?rest_route=\/wp\/v2\/posts\/87482","targetHints":{"allow":["GET"]}}],"collection":[{"href":"https:\/\/noticiasbahia360.com.br\/index.php?rest_route=\/wp\/v2\/posts"}],"about":[{"href":"https:\/\/noticiasbahia360.com.br\/index.php?rest_route=\/wp\/v2\/types\/post"}],"author":[{"embeddable":true,"href":"https:\/\/noticiasbahia360.com.br\/index.php?rest_route=\/wp\/v2\/users\/1"}],"replies":[{"embeddable":true,"href":"https:\/\/noticiasbahia360.com.br\/index.php?rest_route=%2Fwp%2Fv2%2Fcomments&post=87482"}],"version-history":[{"count":0,"href":"https:\/\/noticiasbahia360.com.br\/index.php?rest_route=\/wp\/v2\/posts\/87482\/revisions"}],"wp:featuredmedia":[{"embeddable":true,"href":"https:\/\/noticiasbahia360.com.br\/index.php?rest_route=\/wp\/v2\/media\/87483"}],"wp:attachment":[{"href":"https:\/\/noticiasbahia360.com.br\/index.php?rest_route=%2Fwp%2Fv2%2Fmedia&parent=87482"}],"wp:term":[{"taxonomy":"category","embeddable":true,"href":"https:\/\/noticiasbahia360.com.br\/index.php?rest_route=%2Fwp%2Fv2%2Fcategories&post=87482"},{"taxonomy":"post_tag","embeddable":true,"href":"https:\/\/noticiasbahia360.com.br\/index.php?rest_route=%2Fwp%2Fv2%2Ftags&post=87482"}],"curies":[{"name":"wp","href":"https:\/\/api.w.org\/{rel}","templated":true}]}}