{"id":87486,"date":"2025-05-25T19:26:39","date_gmt":"2025-05-25T22:26:39","guid":{"rendered":"https:\/\/noticiasbahia360.com.br\/?p=87486"},"modified":"2025-05-25T19:26:39","modified_gmt":"2025-05-25T22:26:39","slug":"comerciante-acusa-presidente-de-associacao-de-agressao-durante-organizacao-de-barracas-na-lavagem-do-viveiros-ele-nega-violencia","status":"publish","type":"post","link":"https:\/\/noticiasbahia360.com.br\/?p=87486","title":{"rendered":"Comerciante acusa presidente de associa\u00e7\u00e3o de agress\u00e3o durante organiza\u00e7\u00e3o de barracas na Lavagem do Viveiros; ele nega viol\u00eancia"},"content":{"rendered":"<div>\n<div>\n<figure><img decoding=\"async\" src=\"http:\/\/noticiasbahia360.com.br\/wp-content\/uploads\/2025\/05\/1OHxsB8Y-presidente-de-associacao-do-Viveiros-e-acusado-de-agredir-comerciante-1-1.webp\" alt=\"presidente de associa\u00e7\u00e3o do Viveiros \u00e9 acusado de agredir comerciante\"><figcaption>Foto: Reprodu\u00e7\u00e3o\/Redes Sociais <\/figcaption><\/figure>\n<\/div>\n<p>Um epis\u00f3dio de viol\u00eancia marcou os preparativos para a tradicional <a href=\"https:\/\/www.acordacidade.com.br\/tag\/conjunto-viveiros\/\">Lavagem do bairro Viveiros<\/a>, em Feira de Santana, neste domingo (25). Uma comerciante, identificada como <strong>Mar\u00edlia<\/strong>, acusa o presidente da Associa\u00e7\u00e3o de moradores do conjunto de t\u00ea-la agredido fisicamente. <\/p>\n<figure class=\"wp-block-image size-large\"><img fetchpriority=\"high\" data-dominant-color=\"b8afac\" data-has-transparency=\"false\" style=\"--dominant-color: #b8afac;\" fetchpriority=\"high\" decoding=\"async\" width=\"1024\" height=\"550\" sizes=\"(max-width: 1024px) 100vw, 1024px\" src=\"http:\/\/noticiasbahia360.com.br\/wp-content\/uploads\/2025\/05\/S20KcF0g-presidente-de-associacao-do-Viveiros-e-acusado-de-agredir-comerciante-1024x550-1.webp\" alt=\"presidente de associa\u00e7\u00e3o do Viveiros \u00e9 acusado de agredir comerciante\" class=\"wp-image-557856 not-transparent\" srcset=\"https:\/\/uploads.acordacidade.com.br\/2025\/05\/S20KcF0g-presidente-de-associacao-do-Viveiros-e-acusado-de-agredir-comerciante--300x161.webp 300w, http:\/\/noticiasbahia360.com.br\/wp-content\/uploads\/2025\/05\/S20KcF0g-presidente-de-associacao-do-Viveiros-e-acusado-de-agredir-comerciante-1024x550-1.webp 1024w, https:\/\/uploads.acordacidade.com.br\/2025\/05\/S20KcF0g-presidente-de-associacao-do-Viveiros-e-acusado-de-agredir-comerciante--768x413.webp 768w, https:\/\/uploads.acordacidade.com.br\/2025\/05\/S20KcF0g-presidente-de-associacao-do-Viveiros-e-acusado-de-agredir-comerciante--150x81.webp 150w, https:\/\/uploads.acordacidade.com.br\/2025\/05\/S20KcF0g-presidente-de-associacao-do-Viveiros-e-acusado-de-agredir-comerciante-.webp 1200w\"><figcaption class=\"wp-element-caption\">Foto: Reprodu\u00e7\u00e3o\/Redes Sociais <\/figcaption><\/figure>\n<p>Ela aparece em um v\u00eddeo, gravado pela m\u00e3e, dentro de uma unidade hospitalar, com o rosto ensanguentado e visivelmente ferido. A m\u00e3e relata na grava\u00e7\u00e3o que a filha foi agredida de forma covarde durante um desentendimento relacionado \u00e0 organiza\u00e7\u00e3o das barracas para a festa.<\/p>\n<figure class=\"wp-block-image size-large\"><img data-dominant-color=\"ad9f97\" data-has-transparency=\"false\" style=\"--dominant-color: #ad9f97;\" decoding=\"async\" width=\"1024\" height=\"600\" sizes=\"(max-width: 1024px) 100vw, 1024px\" src=\"http:\/\/noticiasbahia360.com.br\/wp-content\/uploads\/2025\/05\/ADOxVheU-presidente-de-associacao-do-Viveiros-e-acusado-de-agredir-comerciante-1024x600-1.webp\" alt=\"presidente de associa\u00e7\u00e3o do Viveiros \u00e9 acusado de agredir comerciante\" class=\"wp-image-557858 not-transparent\" srcset=\"https:\/\/uploads.acordacidade.com.br\/2025\/05\/ADOxVheU-presidente-de-associacao-do-Viveiros-e-acusado-de-agredir-comerciante-300x176.webp 300w, http:\/\/noticiasbahia360.com.br\/wp-content\/uploads\/2025\/05\/ADOxVheU-presidente-de-associacao-do-Viveiros-e-acusado-de-agredir-comerciante-1024x600-1.webp 1024w, https:\/\/uploads.acordacidade.com.br\/2025\/05\/ADOxVheU-presidente-de-associacao-do-Viveiros-e-acusado-de-agredir-comerciante-768x450.webp 768w, https:\/\/uploads.acordacidade.com.br\/2025\/05\/ADOxVheU-presidente-de-associacao-do-Viveiros-e-acusado-de-agredir-comerciante-150x88.webp 150w, https:\/\/uploads.acordacidade.com.br\/2025\/05\/ADOxVheU-presidente-de-associacao-do-Viveiros-e-acusado-de-agredir-comerciante.webp 1200w\"><figcaption class=\"wp-element-caption\">Foto: Reprodu\u00e7\u00e3o\/Redes Sociais <\/figcaption><\/figure>\n<p>Em outro v\u00eddeo que circula nas redes sociais, <strong>o presidente da Associa\u00e7\u00e3o Comunidade em A\u00e7\u00e3o<\/strong>,<strong> Junior Andrade,<\/strong> nega a acusa\u00e7\u00e3o e afirma que a confus\u00e3o come\u00e7ou quando Mar\u00edlia tentou mudar sua barraca para um local j\u00e1 ocupado. Segundo ele, houve uma discuss\u00e3o, a comerciante teria agredido seu irm\u00e3o e, no tumulto, ela acabou ferida. Ele refor\u00e7a que n\u00e3o tem hist\u00f3rico de viol\u00eancia e que j\u00e1 registrou boletim de ocorr\u00eancia.<\/p>\n<figure class=\"wp-block-image size-large\"><img data-dominant-color=\"a99587\" data-has-transparency=\"false\" style=\"--dominant-color: #a99587;\" decoding=\"async\" width=\"1024\" height=\"904\" sizes=\"(max-width: 1024px) 100vw, 1024px\" src=\"http:\/\/noticiasbahia360.com.br\/wp-content\/uploads\/2025\/05\/pIdRbZkj-presidente-de-associacao-do-Viveiros-1024x904-1.webp\" alt=\"presidente de associa\u00e7\u00e3o do Viveiros \u00e9 acusado de agredir comerciante\" class=\"wp-image-557859 not-transparent\" srcset=\"https:\/\/uploads.acordacidade.com.br\/2025\/05\/pIdRbZkj-presidente-de-associacao-do-Viveiros--300x265.webp 300w, http:\/\/noticiasbahia360.com.br\/wp-content\/uploads\/2025\/05\/pIdRbZkj-presidente-de-associacao-do-Viveiros-1024x904-1.webp 1024w, https:\/\/uploads.acordacidade.com.br\/2025\/05\/pIdRbZkj-presidente-de-associacao-do-Viveiros--768x678.webp 768w, https:\/\/uploads.acordacidade.com.br\/2025\/05\/pIdRbZkj-presidente-de-associacao-do-Viveiros--150x132.webp 150w, https:\/\/uploads.acordacidade.com.br\/2025\/05\/pIdRbZkj-presidente-de-associacao-do-Viveiros-.webp 1200w\"><figcaption class=\"wp-element-caption\">Foto: Reprodu\u00e7\u00e3o\/Redes Sociais <\/figcaption><\/figure>\n<p>\u201cFoi um fato lament\u00e1vel que ocorreu. Ela chegou com o marido querendo mudar a barraca de local, onde j\u00e1 havia outro barraqueiro. Houve um desentendimento verbal. Ela chegou a agredir meu irm\u00e3o, e minha irm\u00e3 entrou na situa\u00e7\u00e3o para defender. Nesse meio, Mar\u00edlia acabou se ferindo no rosto. Mas em momento algum eu agredi ela, n\u00e3o tenho hist\u00f3rico de viol\u00eancia, muito menos contra mulheres\u201d, declarou o presidente, se defendendo nas redes sociais.<\/p>\n<p><strong>Apesar do epis\u00f3dio, a Lavagem do bairro Viveiros segue com sua programa\u00e7\u00e3o neste domingo, no Largo de Jota e Nen\u00e9m, com diversas atra\u00e7\u00f5es musicais.<\/strong><\/p>\n<p><em>Siga o Acorda Cidade no<\/em><a href=\"https:\/\/news.google.com\/search?q=acorda%20cidade&amp;hl=pt-BR&amp;gl=BR&amp;ceid=BR%3Apt-419\"><strong><em>\u00a0Google Not\u00edcias<\/em><\/strong><\/a><em>\u00a0e receba os principais destaques do dia. Participe tamb\u00e9m dos nossos canais no\u00a0<\/em><a href=\"https:\/\/www.whatsapp.com\/channel\/0029Va6Rb4v3WHTNnsh8WI3N\"><strong><em>WhatsApp<\/em><\/strong><\/a><em>\u00a0e\u00a0<\/em><a href=\"https:\/\/www.youtube.com\/@acordacidadenoticias\/videos\"><strong>Youtube<\/strong><\/a><em>\u00a0e grupo de\u00a0<\/em><a href=\"https:\/\/t.me\/+sSz0khrgARA0ZmRh\"><strong><em>Telegram<\/em><\/strong><\/a><em>.<\/em><\/p>\n<\/div>\n","protected":false},"excerpt":{"rendered":"<div>\n<div>\n<figure><img decoding=\"async\" src=\"https:\/\/uploads.acordacidade.com.br\/2025\/05\/1OHxsB8Y-presidente-de-associacao-do-Viveiros-e-acusado-de-agredir-comerciante-1-1.webp\" alt=\"presidente de associa\u00e7\u00e3o do Viveiros \u00e9 acusado de agredir comerciante\"><figcaption>Foto: Reprodu\u00e7\u00e3o\/Redes Sociais <\/figcaption><\/figure>\n<\/div>\n<p>Uma comerciante, identificada como Mar\u00edlia, acusa o presidente da Associa\u00e7\u00e3o de moradores do conjunto de t\u00ea-la agredido fisicamente.<\/p><\/div>\n","protected":false},"author":1,"featured_media":87487,"comment_status":"closed","ping_status":"closed","sticky":false,"template":"","format":"gallery","meta":{"footnotes":""},"categories":[8,9,6,57,56,10],"tags":[],"class_list":["post-87486","post","type-post","status-publish","format-gallery","has-post-thumbnail","hentry","category-bahia","category-brasil","category-feira-de-santana","category-mundo","category-policia","category-politica","post_format-post-format-gallery"],"featured_image_urls":{"full":["https:\/\/noticiasbahia360.com.br\/wp-content\/uploads\/2025\/05\/1OHxsB8Y-presidente-de-associacao-do-Viveiros-e-acusado-de-agredir-comerciante-1-1.webp",1200,692,false],"thumbnail":["https:\/\/noticiasbahia360.com.br\/wp-content\/uploads\/2025\/05\/1OHxsB8Y-presidente-de-associacao-do-Viveiros-e-acusado-de-agredir-comerciante-1-1-150x150.webp",150,150,true],"medium":["https:\/\/noticiasbahia360.com.br\/wp-content\/uploads\/2025\/05\/1OHxsB8Y-presidente-de-associacao-do-Viveiros-e-acusado-de-agredir-comerciante-1-1-300x173.webp",300,173,true],"medium_large":["https:\/\/noticiasbahia360.com.br\/wp-content\/uploads\/2025\/05\/1OHxsB8Y-presidente-de-associacao-do-Viveiros-e-acusado-de-agredir-comerciante-1-1-768x443.webp",640,369,true],"large":["https:\/\/noticiasbahia360.com.br\/wp-content\/uploads\/2025\/05\/1OHxsB8Y-presidente-de-associacao-do-Viveiros-e-acusado-de-agredir-comerciante-1-1-1024x591.webp",640,369,true],"1536x1536":["https:\/\/noticiasbahia360.com.br\/wp-content\/uploads\/2025\/05\/1OHxsB8Y-presidente-de-associacao-do-Viveiros-e-acusado-de-agredir-comerciante-1-1.webp",1200,692,false],"2048x2048":["https:\/\/noticiasbahia360.com.br\/wp-content\/uploads\/2025\/05\/1OHxsB8Y-presidente-de-associacao-do-Viveiros-e-acusado-de-agredir-comerciante-1-1.webp",1200,692,false],"chromenews-featured":["https:\/\/noticiasbahia360.com.br\/wp-content\/uploads\/2025\/05\/1OHxsB8Y-presidente-de-associacao-do-Viveiros-e-acusado-de-agredir-comerciante-1-1-1024x591.webp",1024,591,true],"chromenews-large":["https:\/\/noticiasbahia360.com.br\/wp-content\/uploads\/2025\/05\/1OHxsB8Y-presidente-de-associacao-do-Viveiros-e-acusado-de-agredir-comerciante-1-1-825x575.webp",825,575,true],"chromenews-medium":["https:\/\/noticiasbahia360.com.br\/wp-content\/uploads\/2025\/05\/1OHxsB8Y-presidente-de-associacao-do-Viveiros-e-acusado-de-agredir-comerciante-1-1-590x410.webp",590,410,true]},"author_info":{"display_name":"noticiasbahia360.com.br","author_link":"https:\/\/noticiasbahia360.com.br\/?author=1"},"category_info":"<a href=\"https:\/\/noticiasbahia360.com.br\/?cat=8\" rel=\"category\">Bahia<\/a> <a href=\"https:\/\/noticiasbahia360.com.br\/?cat=9\" rel=\"category\">Brasil<\/a> <a href=\"https:\/\/noticiasbahia360.com.br\/?cat=6\" rel=\"category\">Feira de Santana<\/a> <a href=\"https:\/\/noticiasbahia360.com.br\/?cat=57\" rel=\"category\">Mundo<\/a> <a href=\"https:\/\/noticiasbahia360.com.br\/?cat=56\" rel=\"category\">Pol\u00edcia<\/a> <a href=\"https:\/\/noticiasbahia360.com.br\/?cat=10\" rel=\"category\">Pol\u00edtica<\/a>","tag_info":"Pol\u00edtica","comment_count":"0","_links":{"self":[{"href":"https:\/\/noticiasbahia360.com.br\/index.php?rest_route=\/wp\/v2\/posts\/87486","targetHints":{"allow":["GET"]}}],"collection":[{"href":"https:\/\/noticiasbahia360.com.br\/index.php?rest_route=\/wp\/v2\/posts"}],"about":[{"href":"https:\/\/noticiasbahia360.com.br\/index.php?rest_route=\/wp\/v2\/types\/post"}],"author":[{"embeddable":true,"href":"https:\/\/noticiasbahia360.com.br\/index.php?rest_route=\/wp\/v2\/users\/1"}],"replies":[{"embeddable":true,"href":"https:\/\/noticiasbahia360.com.br\/index.php?rest_route=%2Fwp%2Fv2%2Fcomments&post=87486"}],"version-history":[{"count":0,"href":"https:\/\/noticiasbahia360.com.br\/index.php?rest_route=\/wp\/v2\/posts\/87486\/revisions"}],"wp:featuredmedia":[{"embeddable":true,"href":"https:\/\/noticiasbahia360.com.br\/index.php?rest_route=\/wp\/v2\/media\/87487"}],"wp:attachment":[{"href":"https:\/\/noticiasbahia360.com.br\/index.php?rest_route=%2Fwp%2Fv2%2Fmedia&parent=87486"}],"wp:term":[{"taxonomy":"category","embeddable":true,"href":"https:\/\/noticiasbahia360.com.br\/index.php?rest_route=%2Fwp%2Fv2%2Fcategories&post=87486"},{"taxonomy":"post_tag","embeddable":true,"href":"https:\/\/noticiasbahia360.com.br\/index.php?rest_route=%2Fwp%2Fv2%2Ftags&post=87486"}],"curies":[{"name":"wp","href":"https:\/\/api.w.org\/{rel}","templated":true}]}}