{"id":87491,"date":"2025-05-25T19:35:59","date_gmt":"2025-05-25T22:35:59","guid":{"rendered":"https:\/\/noticiasbahia360.com.br\/?p=87491"},"modified":"2025-05-25T19:35:59","modified_gmt":"2025-05-25T22:35:59","slug":"torcedores-de-bahia-e-vitoria-se-enfrentam-com-violencia-em-salvador-carro-atropela-grupo-durante-confusao","status":"publish","type":"post","link":"https:\/\/noticiasbahia360.com.br\/?p=87491","title":{"rendered":"Torcedores de Bahia e Vit\u00f3ria se enfrentam com viol\u00eancia em Salvador; carro atropela grupo durante confus\u00e3o"},"content":{"rendered":"<div>\n<p>O domingo foi de tens\u00e3o nas ruas de Salvador. Sem cl\u00e1ssico, mas com uma rivalidade vergonhosa, <strong>torcedores<\/strong> <strong>de Bahia e Vit\u00f3ria<\/strong> protagonizaram cenas de selvageria na Avenida Cardeal Brand\u00e3o Vilela, no bairro da Mata Escura.<\/p>\n<p>Em v\u00eddeos que circulam nas redes sociais, \u00e9 poss\u00edvel ver os grupos se enfrentando com pedras, peda\u00e7os de pau e socos. No meio da confus\u00e3o, um carro avan\u00e7a contra um grupo de pessoas e atropela torcedores envolvidos no tumulto. Logo ap\u00f3s, o ve\u00edculo foi cercado e atacado.<\/p>\n<p>Apesar da gravidade das imagens, at\u00e9 a \u00faltima atualiza\u00e7\u00e3o n\u00e3o havia confirma\u00e7\u00e3o oficial de feridos ou deten\u00e7\u00f5es. A reportagem do site BNews, parceiro do Acorda Cidade, procurou a Pol\u00edcia Militar, mas ainda n\u00e3o obteve resposta.<\/p>\n<p>O cen\u00e1rio assustou quem passava pela regi\u00e3o, transformada em pra\u00e7a de guerra. O barulho das explos\u00f5es, a correria e os gritos mostram o n\u00edvel de tens\u00e3o do confronto, que teve como palco uma das vias mais movimentadas do bairro.<\/p>\n<h2 class=\"wp-block-heading\" id=\"h-veja-o-video\">Veja o v\u00eddeo:<\/h2>\n<figure class=\"wp-block-embed is-type-video is-provider-dailymotion wp-block-embed-dailymotion wp-embed-aspect-9-16 wp-has-aspect-ratio\">\n<div class=\"wp-block-embed__wrapper\">\n<iframe title=\"Torcidas de Bahia e Vit\u00f3ria formam confus\u00e3o generalizada na Mata Escura\" frameborder=\"0\" width=\"421\" height=\"750\" src=\"https:\/\/geo.dailymotion.com\/player.html?video=x9k66gy&amp;\" allowfullscreen allow=\"autoplay; fullscreen; picture-in-picture; web-share\"><\/iframe>\n<\/div>\n<\/figure>\n<p><em>Siga o Acorda Cidade no<\/em><a href=\"https:\/\/news.google.com\/search?q=acorda%20cidade&amp;hl=pt-BR&amp;gl=BR&amp;ceid=BR%3Apt-419\"><strong><em>\u00a0Google Not\u00edcias<\/em><\/strong><\/a><em>\u00a0e receba os principais destaques do dia. Participe tamb\u00e9m dos nossos canais no\u00a0<\/em><a href=\"https:\/\/www.whatsapp.com\/channel\/0029Va6Rb4v3WHTNnsh8WI3N\"><strong><em>WhatsApp<\/em><\/strong><\/a><em>\u00a0e\u00a0<\/em><a href=\"https:\/\/www.youtube.com\/@acordacidadenoticias\/videos\"><strong>Youtube<\/strong><\/a><em>\u00a0e grupo de\u00a0<\/em><a href=\"https:\/\/t.me\/+sSz0khrgARA0ZmRh\"><strong><em>Telegram<\/em><\/strong><\/a><em>.<\/em><\/p>\n<\/div>\n","protected":false},"excerpt":{"rendered":"<div>Em v\u00eddeos que circulam nas redes sociais, \u00e9 poss\u00edvel ver os grupos se enfrentando com pedras, peda\u00e7os de pau e socos.<\/div>\n","protected":false},"author":1,"featured_media":0,"comment_status":"closed","ping_status":"closed","sticky":false,"template":"","format":"gallery","meta":{"footnotes":""},"categories":[8,9,6,57,56,10],"tags":[],"class_list":["post-87491","post","type-post","status-publish","format-gallery","hentry","category-bahia","category-brasil","category-feira-de-santana","category-mundo","category-policia","category-politica","post_format-post-format-gallery"],"featured_image_urls":{"full":"","thumbnail":"","medium":"","medium_large":"","large":"","1536x1536":"","2048x2048":"","chromenews-featured":"","chromenews-large":"","chromenews-medium":""},"author_info":{"display_name":"noticiasbahia360.com.br","author_link":"https:\/\/noticiasbahia360.com.br\/?author=1"},"category_info":"<a href=\"https:\/\/noticiasbahia360.com.br\/?cat=8\" rel=\"category\">Bahia<\/a> <a href=\"https:\/\/noticiasbahia360.com.br\/?cat=9\" rel=\"category\">Brasil<\/a> <a href=\"https:\/\/noticiasbahia360.com.br\/?cat=6\" rel=\"category\">Feira de Santana<\/a> <a href=\"https:\/\/noticiasbahia360.com.br\/?cat=57\" rel=\"category\">Mundo<\/a> <a href=\"https:\/\/noticiasbahia360.com.br\/?cat=56\" rel=\"category\">Pol\u00edcia<\/a> <a href=\"https:\/\/noticiasbahia360.com.br\/?cat=10\" rel=\"category\">Pol\u00edtica<\/a>","tag_info":"Pol\u00edtica","comment_count":"0","_links":{"self":[{"href":"https:\/\/noticiasbahia360.com.br\/index.php?rest_route=\/wp\/v2\/posts\/87491","targetHints":{"allow":["GET"]}}],"collection":[{"href":"https:\/\/noticiasbahia360.com.br\/index.php?rest_route=\/wp\/v2\/posts"}],"about":[{"href":"https:\/\/noticiasbahia360.com.br\/index.php?rest_route=\/wp\/v2\/types\/post"}],"author":[{"embeddable":true,"href":"https:\/\/noticiasbahia360.com.br\/index.php?rest_route=\/wp\/v2\/users\/1"}],"replies":[{"embeddable":true,"href":"https:\/\/noticiasbahia360.com.br\/index.php?rest_route=%2Fwp%2Fv2%2Fcomments&post=87491"}],"version-history":[{"count":0,"href":"https:\/\/noticiasbahia360.com.br\/index.php?rest_route=\/wp\/v2\/posts\/87491\/revisions"}],"wp:attachment":[{"href":"https:\/\/noticiasbahia360.com.br\/index.php?rest_route=%2Fwp%2Fv2%2Fmedia&parent=87491"}],"wp:term":[{"taxonomy":"category","embeddable":true,"href":"https:\/\/noticiasbahia360.com.br\/index.php?rest_route=%2Fwp%2Fv2%2Fcategories&post=87491"},{"taxonomy":"post_tag","embeddable":true,"href":"https:\/\/noticiasbahia360.com.br\/index.php?rest_route=%2Fwp%2Fv2%2Ftags&post=87491"}],"curies":[{"name":"wp","href":"https:\/\/api.w.org\/{rel}","templated":true}]}}