{"id":87492,"date":"2025-05-25T19:54:46","date_gmt":"2025-05-25T22:54:46","guid":{"rendered":"https:\/\/noticiasbahia360.com.br\/?p=87492"},"modified":"2025-05-25T19:54:46","modified_gmt":"2025-05-25T22:54:46","slug":"uneb-edital-aberto-para-producao-de-obras-literarias-negras-e-indigenas-ate-segunda-26","status":"publish","type":"post","link":"https:\/\/noticiasbahia360.com.br\/?p=87492","title":{"rendered":"Uneb: edital aberto para produ\u00e7\u00e3o de obras liter\u00e1rias negras e ind\u00edgenas at\u00e9 segunda (26)"},"content":{"rendered":"<div>\n<div>\n<figure><img decoding=\"async\" src=\"http:\/\/noticiasbahia360.com.br\/wp-content\/uploads\/2025\/05\/n6EPu24K-UPT_1992-uneb.jpg\" alt=\"Uneb\"><figcaption>Foto: Divulga\u00e7\u00e3o\/Uneb<\/figcaption><\/figure>\n<\/div>\n<p>A <a href=\"https:\/\/www.acordacidade.com.br\/tag\/uneb\/\">Uneb <\/a>por meio dos Programas de Arte e Cultura (Proarte) e de Forma\u00e7\u00e3o para a Diversidade (ProUNnebDiversa), est\u00e1 com inscri\u00e7\u00f5es abertas para o edital \u201cLiteraturas Negras e Ind\u00edgenas da Bahia: a Arte da Palavra no Risco da Cor\u201d.<\/p>\n<p>O edital \u00e9 fruto de um acordo de coopera\u00e7\u00e3o celebrado entre a Uneb e a Secretaria estadual de Cultura (Secult), atrav\u00e9s da Funda\u00e7\u00e3o Pedro Calmon (FPC).<\/p>\n<p>A iniciativa \u00e9 voltada para a sele\u00e7\u00e3o e publica\u00e7\u00e3o de obras liter\u00e1rias in\u00e9ditas de estudantes cotistas negras, ind\u00edgenas e quilombolas da Universidade\u00a0em diferentes g\u00eaneros, como poesia, conto e cr\u00f4nica.<\/p>\n<p>Os interessados dever\u00e3o inscrever suas propostas de obras no\u00a0<a href=\"https:\/\/docs.google.com\/forms\/d\/e\/1FAIpQLSfDy2fftXZHucChJXPeg6UEOjFnUA7MR3rH5kKqLv9YYIoY1w\/viewform\" target=\"_blank\" rel=\"noreferrer noopener\">formul\u00e1rio online<\/a>, at\u00e9 \u00e0s 17h, do dia 26 de maio, atendendo ao envio de documenta\u00e7\u00e3o detalhado em edital. A previs\u00e3o \u00e9 que o resultado da sele\u00e7\u00e3o seja publicado no dia 29 de julho.<\/p>\n<p>O edital da Uneb visa contribuir com a territorializa\u00e7\u00e3o do Proarte, a partir da multicampia unebiana, bem como, promover a diversidade cultural, reconhecendo e valorizando as diversas narrativas e po\u00e9ticas de autorias negras e ind\u00edgenas da Bahia.<\/p>\n<p><strong>Portal Uneb:\u00a0<u><a href=\"https:\/\/agenciadecomunicacao.uneb.br\/uneb-inscreve-para-edital-de-producao-de-obras-literarias-negras-e-indigenas-da-bahia-ate-26-05\/\" target=\"_blank\" rel=\"noreferrer noopener\">https:\/\/agenciadecomunicacao.uneb.br\/uneb-inscreve-para-edital-de-producao-de-obras-literarias-negras-e-indigenas-da-bahia-ate-26-05\/<\/a><\/u><\/strong><\/p>\n<p><strong>Mais informa\u00e7\u00f5es<\/strong><\/p>\n<p><strong>E-mail:\u00a0<a href=\"mailto:listaascom@uneb.br\" rel=\"noreferrer noopener\" target=\"_blank\">listaascom@uneb.br<\/a><\/strong><\/p>\n<p><em>Siga o Acorda Cidade no<\/em><a href=\"https:\/\/news.google.com\/search?q=acorda%20cidade&amp;hl=pt-BR&amp;gl=BR&amp;ceid=BR%3Apt-419\"><strong><em>\u00a0Google Not\u00edcias<\/em><\/strong><\/a><em>\u00a0e receba os principais destaques do dia. Participe tamb\u00e9m dos nossos canais no\u00a0<\/em><a href=\"https:\/\/www.whatsapp.com\/channel\/0029Va6Rb4v3WHTNnsh8WI3N\"><strong><em>WhatsApp<\/em><\/strong><\/a><em>\u00a0e\u00a0<\/em><a href=\"https:\/\/www.youtube.com\/@acordacidadenoticias\/videos\"><strong>Youtube<\/strong><\/a><em>\u00a0e grupo de\u00a0<\/em><a href=\"https:\/\/t.me\/+sSz0khrgARA0ZmRh\"><strong><em>Telegram<\/em><\/strong><\/a><em>.<\/em><\/p>\n<\/div>\n","protected":false},"excerpt":{"rendered":"<div>\n<div>\n<figure><img decoding=\"async\" src=\"https:\/\/uploads.acordacidade.com.br\/2024\/10\/n6EPu24K-UPT_1992-uneb.jpg\" alt=\"Uneb\"><figcaption>Foto: Divulga\u00e7\u00e3o\/Uneb<\/figcaption><\/figure>\n<\/div>\n<p>O edital \u00e9 fruto de um acordo de coopera\u00e7\u00e3o celebrado entre a Uneb e a Secult, atrav\u00e9s da Funda\u00e7\u00e3o Pedro Calmon.<\/p><\/div>\n","protected":false},"author":1,"featured_media":87493,"comment_status":"closed","ping_status":"closed","sticky":false,"template":"","format":"gallery","meta":{"footnotes":""},"categories":[8,9,6,57,56,10],"tags":[],"class_list":["post-87492","post","type-post","status-publish","format-gallery","has-post-thumbnail","hentry","category-bahia","category-brasil","category-feira-de-santana","category-mundo","category-policia","category-politica","post_format-post-format-gallery"],"featured_image_urls":{"full":["https:\/\/noticiasbahia360.com.br\/wp-content\/uploads\/2025\/05\/n6EPu24K-UPT_1992-uneb.jpg",640,427,false],"thumbnail":["https:\/\/noticiasbahia360.com.br\/wp-content\/uploads\/2025\/05\/n6EPu24K-UPT_1992-uneb-150x150.jpg",150,150,true],"medium":["https:\/\/noticiasbahia360.com.br\/wp-content\/uploads\/2025\/05\/n6EPu24K-UPT_1992-uneb-300x200.jpg",300,200,true],"medium_large":["https:\/\/noticiasbahia360.com.br\/wp-content\/uploads\/2025\/05\/n6EPu24K-UPT_1992-uneb.jpg",640,427,false],"large":["https:\/\/noticiasbahia360.com.br\/wp-content\/uploads\/2025\/05\/n6EPu24K-UPT_1992-uneb.jpg",640,427,false],"1536x1536":["https:\/\/noticiasbahia360.com.br\/wp-content\/uploads\/2025\/05\/n6EPu24K-UPT_1992-uneb.jpg",640,427,false],"2048x2048":["https:\/\/noticiasbahia360.com.br\/wp-content\/uploads\/2025\/05\/n6EPu24K-UPT_1992-uneb.jpg",640,427,false],"chromenews-featured":["https:\/\/noticiasbahia360.com.br\/wp-content\/uploads\/2025\/05\/n6EPu24K-UPT_1992-uneb.jpg",640,427,false],"chromenews-large":["https:\/\/noticiasbahia360.com.br\/wp-content\/uploads\/2025\/05\/n6EPu24K-UPT_1992-uneb.jpg",640,427,false],"chromenews-medium":["https:\/\/noticiasbahia360.com.br\/wp-content\/uploads\/2025\/05\/n6EPu24K-UPT_1992-uneb-590x410.jpg",590,410,true]},"author_info":{"display_name":"noticiasbahia360.com.br","author_link":"https:\/\/noticiasbahia360.com.br\/?author=1"},"category_info":"<a href=\"https:\/\/noticiasbahia360.com.br\/?cat=8\" rel=\"category\">Bahia<\/a> <a href=\"https:\/\/noticiasbahia360.com.br\/?cat=9\" rel=\"category\">Brasil<\/a> <a href=\"https:\/\/noticiasbahia360.com.br\/?cat=6\" rel=\"category\">Feira de Santana<\/a> <a href=\"https:\/\/noticiasbahia360.com.br\/?cat=57\" rel=\"category\">Mundo<\/a> <a href=\"https:\/\/noticiasbahia360.com.br\/?cat=56\" rel=\"category\">Pol\u00edcia<\/a> <a href=\"https:\/\/noticiasbahia360.com.br\/?cat=10\" rel=\"category\">Pol\u00edtica<\/a>","tag_info":"Pol\u00edtica","comment_count":"0","_links":{"self":[{"href":"https:\/\/noticiasbahia360.com.br\/index.php?rest_route=\/wp\/v2\/posts\/87492","targetHints":{"allow":["GET"]}}],"collection":[{"href":"https:\/\/noticiasbahia360.com.br\/index.php?rest_route=\/wp\/v2\/posts"}],"about":[{"href":"https:\/\/noticiasbahia360.com.br\/index.php?rest_route=\/wp\/v2\/types\/post"}],"author":[{"embeddable":true,"href":"https:\/\/noticiasbahia360.com.br\/index.php?rest_route=\/wp\/v2\/users\/1"}],"replies":[{"embeddable":true,"href":"https:\/\/noticiasbahia360.com.br\/index.php?rest_route=%2Fwp%2Fv2%2Fcomments&post=87492"}],"version-history":[{"count":0,"href":"https:\/\/noticiasbahia360.com.br\/index.php?rest_route=\/wp\/v2\/posts\/87492\/revisions"}],"wp:featuredmedia":[{"embeddable":true,"href":"https:\/\/noticiasbahia360.com.br\/index.php?rest_route=\/wp\/v2\/media\/87493"}],"wp:attachment":[{"href":"https:\/\/noticiasbahia360.com.br\/index.php?rest_route=%2Fwp%2Fv2%2Fmedia&parent=87492"}],"wp:term":[{"taxonomy":"category","embeddable":true,"href":"https:\/\/noticiasbahia360.com.br\/index.php?rest_route=%2Fwp%2Fv2%2Fcategories&post=87492"},{"taxonomy":"post_tag","embeddable":true,"href":"https:\/\/noticiasbahia360.com.br\/index.php?rest_route=%2Fwp%2Fv2%2Ftags&post=87492"}],"curies":[{"name":"wp","href":"https:\/\/api.w.org\/{rel}","templated":true}]}}