{"id":87498,"date":"2025-05-25T22:16:02","date_gmt":"2025-05-26T01:16:02","guid":{"rendered":"https:\/\/noticiasbahia360.com.br\/?p=87498"},"modified":"2025-05-25T22:16:02","modified_gmt":"2025-05-26T01:16:02","slug":"vitoria-perde-para-o-santos-e-segue-no-z4-essa-e-a-quinta-derrota-do-rubro-negro-no-brasileirao","status":"publish","type":"post","link":"https:\/\/noticiasbahia360.com.br\/?p=87498","title":{"rendered":"Vit\u00f3ria perde para o Santos e segue no Z4; essa \u00e9 a quinta\u00a0derrota do Rubro-Negro no Brasileir\u00e3o"},"content":{"rendered":"<div>\n<div>\n<figure><img decoding=\"async\" src=\"http:\/\/noticiasbahia360.com.br\/wp-content\/uploads\/2025\/05\/zmdDjkZS-Vitoria-e-Santos-.webp\" alt=\"Vit\u00f3ria e Santos\"><figcaption>Foto: Maur\u00edcio da Matta \/ Bahia Not\u00edcias<\/figcaption><\/figure>\n<\/div>\n<p>Vit\u00f3ria e Santos se enfrentaram na noite deste domingo (25), pela d\u00e9cima rodada do Campeonato Brasileiro, no Barrad\u00e3o. O Alvinegro Praiano derrotou o Le\u00e3o por 1 a 0. Ainda na primeira etapa, Guilherme fez o gol do triunfo do Peixe.<\/p>\n<p>Essa \u00e9 a quinta\u00a0derrota do Rubro-Negro Baiano no Campeonato Brasileiro.\u00a0 Al\u00e9m do rev\u00e9s, o Rubro-Negro ter\u00e1 de amargar a 17\u00aa posi\u00e7\u00e3o da tabela de classifica\u00e7\u00e3o por pelo menos mais uma rodada. Com nove pontos, o time de Thiago Carpini est\u00e1 acima do Santos, 18\u00ba colocado, por ter um ponto a mais.<\/p>\n<p>Pelo Brasileir\u00e3o, o Vit\u00f3ria s\u00f3 volta a jogar no pr\u00f3ximo domingo, 1\u00ba de junho. O Colossal vai viajar para S\u00e3o Paulo, onde enfrenta o Corinthians, na Neo Qu\u00edmica Arena, \u00e0s 18h30, em partida v\u00e1lida pela 11\u00aa rodada.<\/p>\n<p><strong>Agora o Le\u00e3o de Canabrava volta suas aten\u00e7\u00f5es para a prepara\u00e7\u00e3o para a pr\u00f3xima partida. Desta vez, o Vit\u00f3ria vai jogar pela Copa Sul-Americana, contra o Universidad Cat\u00f3lica, pela sexta\u00a0rodada da fase de grupos do torneio, na pr\u00f3xima quarta-feira (28), \u00e0s 21h30. O jogo, fora de casa, vai ser no Olimpico de Atahaulpa, em Quito, no Equador.<\/strong><\/p>\n<p>O jogo<\/p>\n<p>Aos quinze minutos, \u00c1lvaro Barreal al\u00e7ou um lan\u00e7amento longo ligando a defesa ao ataque e encontrou Guilherme em boas condi\u00e7\u00f5es. O atacante estava sozinho, de cara para o gol, mas finalizou para fora.<\/p>\n<p>Gol do Santos<\/p>\n<figure class=\"wp-block-image size-large\"><img fetchpriority=\"high\" data-dominant-color=\"594849\" data-has-transparency=\"false\" style=\"--dominant-color: #594849;\" fetchpriority=\"high\" decoding=\"async\" width=\"1024\" height=\"538\" sizes=\"(max-width: 1024px) 100vw, 1024px\" src=\"http:\/\/noticiasbahia360.com.br\/wp-content\/uploads\/2025\/05\/EWERpwQ7-Vitoria-e-Santos-1024x538-1.webp\" alt=\"Vit\u00f3ria e Santos\" class=\"wp-image-557918 not-transparent\" srcset=\"https:\/\/uploads.acordacidade.com.br\/2025\/05\/EWERpwQ7-Vitoria-e-Santos-300x158.webp 300w, http:\/\/noticiasbahia360.com.br\/wp-content\/uploads\/2025\/05\/EWERpwQ7-Vitoria-e-Santos-1024x538-1.webp 1024w, https:\/\/uploads.acordacidade.com.br\/2025\/05\/EWERpwQ7-Vitoria-e-Santos-768x403.webp 768w, https:\/\/uploads.acordacidade.com.br\/2025\/05\/EWERpwQ7-Vitoria-e-Santos-150x79.webp 150w, https:\/\/uploads.acordacidade.com.br\/2025\/05\/EWERpwQ7-Vitoria-e-Santos.webp 1200w\"><figcaption class=\"wp-element-caption\">Foto: Maur\u00edcio da Matta \/ Bahia Not\u00edcias<\/figcaption><\/figure>\n<p>Souza recebeu um passe na ponta, driblou o defensor do Vit\u00f3ria e ajeitou para a perna esquerda, o lateral cruzou na \u00e1rea e encontrou Guilherme, que subiu mais alto e cabeceou para o gol.<\/p>\n<p>Por pouco<\/p>\n<p>Matheuzinho passou para Osvaldo na lateral do campo, o camisa 11 ajeitou para a perna direita e finalizou de fora da \u00e1rea, Gabriel Braz\u00e3o fez uma linda defesa, mas concedeu rebote, e de cara para o gol, Kayzer cabeceou para fora aos 22\u2019.<\/p>\n<p>Boa finaliza\u00e7\u00e3o!<\/p>\n<p>Aos 23 minutos, Renato Kayzer tabelou com Matheuzinho e ajeitou a bola para finalizat com a perna direita, e de m\u00e9dia dist\u00e2ncia para o gol, o centroavante chutou bem, obrigando Braz\u00e3o a fazer \u00f3tima defesa.<\/p>\n<p><strong>Segundo Tempo<\/strong><\/p>\n<p>Aos 15 minutos, Lucas Halter desarmou Deivid Washington, mas o jogador do Santos conseguiu ter a posse mais uma vez e finalizou para fora, mas com muito perigo.<\/p>\n<p><strong>Na trave!<\/strong><\/p>\n<p>Neymar cortou para a direita, tentou sua primeira finaliza\u00e7\u00e3o, mas foi interceptado. A bola sobrou para Rollheiser, que finalizou na trave esquerda de Lucas Arcanjo aos 16 minutos.<\/p>\n<p><strong>Quaaase!<\/strong><\/p>\n<p>Com 26 minutos jogados, Jamerson passou de calcanhar para Matheuzinho, que ganhou da defesa na dividida e cruzou na \u00e1rea. A bola encontrou L\u00e9o Pereira, que finaliou no gol com o peito do p\u00e9 e obrigou Braz\u00e3o a fazer uma beola defesa.<\/p>\n<p>Defende, Braz\u00e3o!<\/p>\n<p>Na cobran\u00e7a da fatal, Jamerson levantou cruzamento na \u00e1rea e encontrou Lucas Halter, que cabeceou para o gol, obrigando Gabriel Braz\u00e3o a fazer boa defesa aos 37\u2032.<\/p>\n<p><strong>Como um gato, Lucas Arcanjo!<\/strong><\/p>\n<p>Em cobran\u00e7a de falta, aos 44 minutos, Neymar fez uma bela cobran\u00e7a no canto do goleiro Lucas Arcanjo, o arqueiro fez uma linda defesa e jogou a bola para escanteio.<\/p>\n<figure class=\"wp-block-image size-large\"><img data-dominant-color=\"6b6852\" data-has-transparency=\"false\" style=\"--dominant-color: #6b6852;\" decoding=\"async\" width=\"1024\" height=\"682\" sizes=\"(max-width: 1024px) 100vw, 1024px\" src=\"http:\/\/noticiasbahia360.com.br\/wp-content\/uploads\/2025\/05\/FrVZaLNp-Vitoria-e-Santos-1-1024x682-1.webp\" alt=\"Vit\u00f3ria e Santos\" class=\"wp-image-557916 not-transparent\" srcset=\"https:\/\/uploads.acordacidade.com.br\/2025\/05\/FrVZaLNp-Vitoria-e-Santos-1-300x200.webp 300w, http:\/\/noticiasbahia360.com.br\/wp-content\/uploads\/2025\/05\/FrVZaLNp-Vitoria-e-Santos-1-1024x682-1.webp 1024w, https:\/\/uploads.acordacidade.com.br\/2025\/05\/FrVZaLNp-Vitoria-e-Santos-1-768x511.webp 768w, https:\/\/uploads.acordacidade.com.br\/2025\/05\/FrVZaLNp-Vitoria-e-Santos-1-150x100.webp 150w, https:\/\/uploads.acordacidade.com.br\/2025\/05\/FrVZaLNp-Vitoria-e-Santos-1.webp 1200w\"><figcaption class=\"wp-element-caption\">Foto: Maur\u00edcio da Matta \/ Bahia Not\u00edcias<\/figcaption><\/figure>\n<p><strong>Ficha T\u00e9cnica <\/strong><\/p>\n<p>Vit\u00f3ria 0x1 Santos<br \/>Campeonato Brasileiro \u2013 10\u00aa rodada<br \/>Local: Est\u00e1dio Manoel Barradas, o Barrad\u00e3o<br \/>Data:\u00a025\/5\/2025<br \/><strong>Hor\u00e1rio:\u00a0<\/strong>18h30<br \/><strong>\u00c1rbitro:\u00a0<\/strong>Anderson Daronco (RS)<br \/><strong>Assistentes:\u00a0<\/strong>Tiago Augusto Kappes Diel (RS) e Maur\u00edcio Coelho Silva Penna (RS)<br \/><strong>VAR:\u00a0<\/strong>Paulo Renato Moreira da Silva Coelho (RJ)<br \/><strong>Transmiss\u00e3o:\u00a0<\/strong>Premiere<br \/><strong>Gols:\u00a0<\/strong>Guilherme aos 18\u2032 do 1\u00ba tempo<br \/><strong>Cart\u00f5es amarelo:\u00a0<\/strong>Luan Peres (Santos) \/ Matheuzinho, Ricardo Ryller, Baralhas (Vit\u00f3ria)<\/p>\n<p>Vit\u00f3ria:\u00a0Lucas Arcanjo; Baralhas, Lucas Halter, Z\u00e9 Marcos e Jamerson; Ricardo Ryller (L\u00e9o Pereira), Ronald e Matheuzinho; Gustavo Mosquito (Lucas Braga), Osvaldo (Erick) e Renato Kayzer.\u00a0<strong>T\u00e9cnico:\u00a0<\/strong>Thiago Carpini.\u00a0<\/p>\n<p>Santos:\u00a0Gabriel Braz\u00e3o, L\u00e9o Godoy, Jo\u00e3o Basso (Luis\u00e3o), Luan Peres e Souza; Tom\u00e1s Rinc\u00f3n, Z\u00e9 Rafael e Rollheiser (Bontempo); Barreal, Guilherme (Thaciano) e Deivid Washington (Meirelles).\u00a0<strong>T\u00e9cnico:\u00a0<\/strong>Cleber Xavier.<\/p>\n<p>Fonte: <em><a href=\"https:\/\/www.bahianoticias.com.br\/esportes\/vitoria\/29525-derrota-apatica-vitoria-perde-para-o-santos-e-segue-no-z4-do-brasileirao\" target=\"_blank\" rel=\"noreferrer noopener\">Bahia Not\u00edcias<\/a><\/em><\/p>\n<p><em>Siga o Acorda Cidade no<\/em><a href=\"https:\/\/news.google.com\/search?q=acorda%20cidade&amp;hl=pt-BR&amp;gl=BR&amp;ceid=BR%3Apt-419\"><strong><em>\u00a0Google Not\u00edcias<\/em><\/strong><\/a><em>\u00a0e receba os principais destaques do dia. Participe tamb\u00e9m dos nossos canais no\u00a0<\/em><a href=\"https:\/\/www.whatsapp.com\/channel\/0029Va6Rb4v3WHTNnsh8WI3N\"><strong><em>WhatsApp<\/em><\/strong><\/a><em>\u00a0e\u00a0<\/em><a href=\"https:\/\/www.youtube.com\/@acordacidadenoticias\/videos\"><strong>Youtube<\/strong><\/a><em>\u00a0e grupo de\u00a0<\/em><a href=\"https:\/\/t.me\/+sSz0khrgARA0ZmRh\"><strong><em>Telegram<\/em><\/strong><\/a><em>.<\/em><\/p>\n<\/div>\n","protected":false},"excerpt":{"rendered":"<div>\n<div>\n<figure><img decoding=\"async\" src=\"https:\/\/uploads.acordacidade.com.br\/2025\/05\/zmdDjkZS-Vitoria-e-Santos-.webp\" alt=\"Vit\u00f3ria e Santos\"><figcaption>Foto: Maur\u00edcio da Matta \/ Bahia Not\u00edcias<\/figcaption><\/figure>\n<\/div>\n<p>Pelo Brasileir\u00e3o, o Vit\u00f3ria s\u00f3 volta a jogar no pr\u00f3ximo domingo, 1\u00ba de junho.<\/p><\/div>\n","protected":false},"author":1,"featured_media":87499,"comment_status":"closed","ping_status":"closed","sticky":false,"template":"","format":"gallery","meta":{"footnotes":""},"categories":[8,9,6,57,56,10],"tags":[],"class_list":["post-87498","post","type-post","status-publish","format-gallery","has-post-thumbnail","hentry","category-bahia","category-brasil","category-feira-de-santana","category-mundo","category-policia","category-politica","post_format-post-format-gallery"],"featured_image_urls":{"full":["https:\/\/noticiasbahia360.com.br\/wp-content\/uploads\/2025\/05\/zmdDjkZS-Vitoria-e-Santos-.webp",1200,799,false],"thumbnail":["https:\/\/noticiasbahia360.com.br\/wp-content\/uploads\/2025\/05\/zmdDjkZS-Vitoria-e-Santos--150x150.webp",150,150,true],"medium":["https:\/\/noticiasbahia360.com.br\/wp-content\/uploads\/2025\/05\/zmdDjkZS-Vitoria-e-Santos--300x200.webp",300,200,true],"medium_large":["https:\/\/noticiasbahia360.com.br\/wp-content\/uploads\/2025\/05\/zmdDjkZS-Vitoria-e-Santos--768x511.webp",640,426,true],"large":["https:\/\/noticiasbahia360.com.br\/wp-content\/uploads\/2025\/05\/zmdDjkZS-Vitoria-e-Santos--1024x682.webp",640,426,true],"1536x1536":["https:\/\/noticiasbahia360.com.br\/wp-content\/uploads\/2025\/05\/zmdDjkZS-Vitoria-e-Santos-.webp",1200,799,false],"2048x2048":["https:\/\/noticiasbahia360.com.br\/wp-content\/uploads\/2025\/05\/zmdDjkZS-Vitoria-e-Santos-.webp",1200,799,false],"chromenews-featured":["https:\/\/noticiasbahia360.com.br\/wp-content\/uploads\/2025\/05\/zmdDjkZS-Vitoria-e-Santos--1024x682.webp",1024,682,true],"chromenews-large":["https:\/\/noticiasbahia360.com.br\/wp-content\/uploads\/2025\/05\/zmdDjkZS-Vitoria-e-Santos--825x575.webp",825,575,true],"chromenews-medium":["https:\/\/noticiasbahia360.com.br\/wp-content\/uploads\/2025\/05\/zmdDjkZS-Vitoria-e-Santos--590x410.webp",590,410,true]},"author_info":{"display_name":"noticiasbahia360.com.br","author_link":"https:\/\/noticiasbahia360.com.br\/?author=1"},"category_info":"<a href=\"https:\/\/noticiasbahia360.com.br\/?cat=8\" rel=\"category\">Bahia<\/a> <a href=\"https:\/\/noticiasbahia360.com.br\/?cat=9\" rel=\"category\">Brasil<\/a> <a href=\"https:\/\/noticiasbahia360.com.br\/?cat=6\" rel=\"category\">Feira de Santana<\/a> <a href=\"https:\/\/noticiasbahia360.com.br\/?cat=57\" rel=\"category\">Mundo<\/a> <a href=\"https:\/\/noticiasbahia360.com.br\/?cat=56\" rel=\"category\">Pol\u00edcia<\/a> <a href=\"https:\/\/noticiasbahia360.com.br\/?cat=10\" rel=\"category\">Pol\u00edtica<\/a>","tag_info":"Pol\u00edtica","comment_count":"0","_links":{"self":[{"href":"https:\/\/noticiasbahia360.com.br\/index.php?rest_route=\/wp\/v2\/posts\/87498","targetHints":{"allow":["GET"]}}],"collection":[{"href":"https:\/\/noticiasbahia360.com.br\/index.php?rest_route=\/wp\/v2\/posts"}],"about":[{"href":"https:\/\/noticiasbahia360.com.br\/index.php?rest_route=\/wp\/v2\/types\/post"}],"author":[{"embeddable":true,"href":"https:\/\/noticiasbahia360.com.br\/index.php?rest_route=\/wp\/v2\/users\/1"}],"replies":[{"embeddable":true,"href":"https:\/\/noticiasbahia360.com.br\/index.php?rest_route=%2Fwp%2Fv2%2Fcomments&post=87498"}],"version-history":[{"count":0,"href":"https:\/\/noticiasbahia360.com.br\/index.php?rest_route=\/wp\/v2\/posts\/87498\/revisions"}],"wp:featuredmedia":[{"embeddable":true,"href":"https:\/\/noticiasbahia360.com.br\/index.php?rest_route=\/wp\/v2\/media\/87499"}],"wp:attachment":[{"href":"https:\/\/noticiasbahia360.com.br\/index.php?rest_route=%2Fwp%2Fv2%2Fmedia&parent=87498"}],"wp:term":[{"taxonomy":"category","embeddable":true,"href":"https:\/\/noticiasbahia360.com.br\/index.php?rest_route=%2Fwp%2Fv2%2Fcategories&post=87498"},{"taxonomy":"post_tag","embeddable":true,"href":"https:\/\/noticiasbahia360.com.br\/index.php?rest_route=%2Fwp%2Fv2%2Ftags&post=87498"}],"curies":[{"name":"wp","href":"https:\/\/api.w.org\/{rel}","templated":true}]}}