{"id":87504,"date":"2025-05-25T22:44:54","date_gmt":"2025-05-26T01:44:54","guid":{"rendered":"https:\/\/noticiasbahia360.com.br\/?p=87504"},"modified":"2025-05-25T22:44:54","modified_gmt":"2025-05-26T01:44:54","slug":"com-bone-do-brasil-novo-tecnico-da-selecao-desembarca-no-rio-de-janeiro","status":"publish","type":"post","link":"https:\/\/noticiasbahia360.com.br\/?p=87504","title":{"rendered":"Com bon\u00e9 do Brasil, novo t\u00e9cnico da sele\u00e7\u00e3o  desembarca no Rio de Janeiro"},"content":{"rendered":"<div>\n<div>\n<figure><img decoding=\"async\" src=\"http:\/\/noticiasbahia360.com.br\/wp-content\/uploads\/2025\/05\/llPWg3kg-Carlo-Ancelotti.webp\" alt=\"Carlo Ancelotti - t\u00e9cnico do Brasil\"><figcaption>Carlo Ancelotti &#8211; t\u00e9cnico do Brasil  | Foto: Rafael Ribeiro\/CBF<\/figcaption><\/figure>\n<\/div>\n<p>O t\u00e9cnico <a href=\"https:\/\/www.acordacidade.com.br\/tag\/carlo-ancelotti\/\">Carlo Ancelotti<\/a> est\u00e1 oficialmente em solo brasileiro. O treinador italiano desembarcou na noite deste domingo (25) no Aeroporto do Gale\u00e3o, no Rio de Janeiro, por volta das 21h, em um voo fretado, conforme apura\u00e7\u00e3o antecipada pela reportagem do\u00a0Bahia Not\u00edcias.\u00a0Ele chega para assumir o comando da Sele\u00e7\u00e3o Brasileira de Futebol com contrato at\u00e9 a Copa do Mundo de 2026.<\/p>\n<figure class=\"wp-block-image size-large\"><img fetchpriority=\"high\" data-dominant-color=\"181714\" data-has-transparency=\"false\" style=\"--dominant-color: #181714;\" fetchpriority=\"high\" decoding=\"async\" width=\"1024\" height=\"537\" sizes=\"(max-width: 1024px) 100vw, 1024px\" src=\"http:\/\/noticiasbahia360.com.br\/wp-content\/uploads\/2025\/05\/CrWpQl7f-Capa-BN-Esportes-13-1024x537-1.webp\" alt=\"Carlo Ancelotti - t\u00e9cnico do Brasil\" class=\"wp-image-557930 not-transparent\" srcset=\"https:\/\/uploads.acordacidade.com.br\/2025\/05\/CrWpQl7f-Capa-BN-Esportes-13-300x157.webp 300w, http:\/\/noticiasbahia360.com.br\/wp-content\/uploads\/2025\/05\/CrWpQl7f-Capa-BN-Esportes-13-1024x537-1.webp 1024w, https:\/\/uploads.acordacidade.com.br\/2025\/05\/CrWpQl7f-Capa-BN-Esportes-13-768x403.webp 768w, https:\/\/uploads.acordacidade.com.br\/2025\/05\/CrWpQl7f-Capa-BN-Esportes-13-150x79.webp 150w, https:\/\/uploads.acordacidade.com.br\/2025\/05\/CrWpQl7f-Capa-BN-Esportes-13.webp 1200w\"><figcaption class=\"wp-element-caption\">Foto: Rafael Ribeiro\/CBF<\/figcaption><\/figure>\n<p>Ancelotti ficar\u00e1 hospedado no Hotel Grand Hyatt, na Barra da Tijuca, que tamb\u00e9m ser\u00e1 palco de sua apresenta\u00e7\u00e3o oficial e da divulga\u00e7\u00e3o da primeira convoca\u00e7\u00e3o sob seu comando. O evento est\u00e1 marcado para esta segunda-feira (26), \u00e0s 15h, no pr\u00f3prio hotel.<\/p>\n<p>Al\u00e9m da apresenta\u00e7\u00e3o, o treinador cumprir\u00e1 uma s\u00e9rie de compromissos institucionais com a entidade no Rio de Janeiro durante a semana, antes de iniciar os trabalhos em campo. O primeiro treino da Sele\u00e7\u00e3o sob seu comando ser\u00e1 no dia 1\u00ba de junho, em S\u00e3o Paulo, onde come\u00e7a a prepara\u00e7\u00e3o para os pr\u00f3ximos desafios das Eliminat\u00f3rias.<\/p>\n<figure class=\"wp-block-image size-large\"><img data-dominant-color=\"654a30\" data-has-transparency=\"false\" style=\"--dominant-color: #654a30;\" decoding=\"async\" width=\"1024\" height=\"537\" sizes=\"(max-width: 1024px) 100vw, 1024px\" src=\"http:\/\/noticiasbahia360.com.br\/wp-content\/uploads\/2025\/05\/pQOMg4Z0-Capa-BN-Esportes-11-1024x537-1.webp\" alt=\"Carlo Ancelotti - t\u00e9cnico do Brasil\" class=\"wp-image-557931 not-transparent\" srcset=\"https:\/\/uploads.acordacidade.com.br\/2025\/05\/pQOMg4Z0-Capa-BN-Esportes-11--300x157.webp 300w, http:\/\/noticiasbahia360.com.br\/wp-content\/uploads\/2025\/05\/pQOMg4Z0-Capa-BN-Esportes-11-1024x537-1.webp 1024w, https:\/\/uploads.acordacidade.com.br\/2025\/05\/pQOMg4Z0-Capa-BN-Esportes-11--768x403.webp 768w, https:\/\/uploads.acordacidade.com.br\/2025\/05\/pQOMg4Z0-Capa-BN-Esportes-11--150x79.webp 150w, https:\/\/uploads.acordacidade.com.br\/2025\/05\/pQOMg4Z0-Capa-BN-Esportes-11-.webp 1200w\"><figcaption class=\"wp-element-caption\">Foto: Rafael Ribeiro\/CBF<\/figcaption><\/figure>\n<p>A convoca\u00e7\u00e3o que ser\u00e1 anunciada j\u00e1 vale para os primeiros dois jogos de Ancelotti \u00e0 frente da Amarelinha, contra Equador, no dia 5 de junho, e Paraguai, no dia 10, ambos v\u00e1lidos pela competi\u00e7\u00e3o classificat\u00f3ria.<\/p>\n<figure class=\"wp-block-image size-large\"><img data-dominant-color=\"776357\" data-has-transparency=\"false\" style=\"--dominant-color: #776357;\" decoding=\"async\" width=\"1024\" height=\"537\" sizes=\"(max-width: 1024px) 100vw, 1024px\" src=\"http:\/\/noticiasbahia360.com.br\/wp-content\/uploads\/2025\/05\/i78TxeEb-Capa-BN-Esportes-11-1024x537-1.webp\" alt=\"Carlo Ancelotti - t\u00e9cnico do Brasil\" class=\"wp-image-557932 not-transparent\" srcset=\"https:\/\/uploads.acordacidade.com.br\/2025\/05\/i78TxeEb-Capa-BN-Esportes-11-300x157.webp 300w, http:\/\/noticiasbahia360.com.br\/wp-content\/uploads\/2025\/05\/i78TxeEb-Capa-BN-Esportes-11-1024x537-1.webp 1024w, https:\/\/uploads.acordacidade.com.br\/2025\/05\/i78TxeEb-Capa-BN-Esportes-11-768x403.webp 768w, https:\/\/uploads.acordacidade.com.br\/2025\/05\/i78TxeEb-Capa-BN-Esportes-11-150x79.webp 150w, https:\/\/uploads.acordacidade.com.br\/2025\/05\/i78TxeEb-Capa-BN-Esportes-11.webp 1200w\"><figcaption class=\"wp-element-caption\">Foto: Rafael Ribeiro\/CBF<\/figcaption><\/figure>\n<p>Atualmente, o Brasil ocupa a quarta posi\u00e7\u00e3o das Eliminat\u00f3rias, com 21 pontos em 14 partidas, e busca retomar o caminho das vit\u00f3rias para se aproximar da lideran\u00e7a e garantir, sem sustos, sua vaga no pr\u00f3ximo Mundial.<\/p>\n<p>Confira abaixo os primeiros\u00a0registros da chegada de Carlo Ancelotti, divulgados pela CBF:<\/p>\n<p><em>Fonte: <a href=\"https:\/\/www.bahianoticias.com.br\/esportes\/noticia\/74252-ancelotti-desembarca-no-rio-de-janeiro-para-assumir-a-selecao-brasileira-veja-os-primeiros-registros\" target=\"_blank\" rel=\"noreferrer noopener\">Bahia Not\u00edcias<\/a> <\/em><\/p>\n<p><em>Siga o Acorda Cidade no<\/em><a href=\"https:\/\/news.google.com\/search?q=acorda%20cidade&amp;hl=pt-BR&amp;gl=BR&amp;ceid=BR%3Apt-419\"><strong><em>\u00a0Google Not\u00edcias<\/em><\/strong><\/a><em>\u00a0e receba os principais destaques do dia. Participe tamb\u00e9m dos nossos canais no\u00a0<\/em><a href=\"https:\/\/www.whatsapp.com\/channel\/0029Va6Rb4v3WHTNnsh8WI3N\"><strong><em>WhatsApp<\/em><\/strong><\/a><em>\u00a0e\u00a0<\/em><a href=\"https:\/\/www.youtube.com\/@acordacidadenoticias\/videos\"><strong>Youtube<\/strong><\/a><em>\u00a0e grupo de\u00a0<\/em><a href=\"https:\/\/t.me\/+sSz0khrgARA0ZmRh\"><strong><em>Telegram<\/em><\/strong><\/a><em>.<\/em><\/p>\n<\/div>\n","protected":false},"excerpt":{"rendered":"<div>\n<div>\n<figure><img decoding=\"async\" src=\"https:\/\/uploads.acordacidade.com.br\/2025\/05\/llPWg3kg-Carlo-Ancelotti.webp\" alt=\"Carlo Ancelotti - t\u00e9cnico do Brasil\"><figcaption>Carlo Ancelotti &#8211; t\u00e9cnico do Brasil  | Foto: Rafael Ribeiro\/CBF<\/figcaption><\/figure>\n<\/div>\n<p>Carlo Ancelotti chega para assumir o comando da Sele\u00e7\u00e3o Brasileira de Futebol com contrato at\u00e9 a Copa do Mundo de 2026.<\/p><\/div>\n","protected":false},"author":1,"featured_media":87505,"comment_status":"closed","ping_status":"closed","sticky":false,"template":"","format":"gallery","meta":{"footnotes":""},"categories":[8,9,6,57,56,10],"tags":[],"class_list":["post-87504","post","type-post","status-publish","format-gallery","has-post-thumbnail","hentry","category-bahia","category-brasil","category-feira-de-santana","category-mundo","category-policia","category-politica","post_format-post-format-gallery"],"featured_image_urls":{"full":["https:\/\/noticiasbahia360.com.br\/wp-content\/uploads\/2025\/05\/llPWg3kg-Carlo-Ancelotti.webp",1200,630,false],"thumbnail":["https:\/\/noticiasbahia360.com.br\/wp-content\/uploads\/2025\/05\/llPWg3kg-Carlo-Ancelotti-150x150.webp",150,150,true],"medium":["https:\/\/noticiasbahia360.com.br\/wp-content\/uploads\/2025\/05\/llPWg3kg-Carlo-Ancelotti-300x158.webp",300,158,true],"medium_large":["https:\/\/noticiasbahia360.com.br\/wp-content\/uploads\/2025\/05\/llPWg3kg-Carlo-Ancelotti-768x403.webp",640,336,true],"large":["https:\/\/noticiasbahia360.com.br\/wp-content\/uploads\/2025\/05\/llPWg3kg-Carlo-Ancelotti-1024x538.webp",640,336,true],"1536x1536":["https:\/\/noticiasbahia360.com.br\/wp-content\/uploads\/2025\/05\/llPWg3kg-Carlo-Ancelotti.webp",1200,630,false],"2048x2048":["https:\/\/noticiasbahia360.com.br\/wp-content\/uploads\/2025\/05\/llPWg3kg-Carlo-Ancelotti.webp",1200,630,false],"chromenews-featured":["https:\/\/noticiasbahia360.com.br\/wp-content\/uploads\/2025\/05\/llPWg3kg-Carlo-Ancelotti-1024x538.webp",1024,538,true],"chromenews-large":["https:\/\/noticiasbahia360.com.br\/wp-content\/uploads\/2025\/05\/llPWg3kg-Carlo-Ancelotti-825x575.webp",825,575,true],"chromenews-medium":["https:\/\/noticiasbahia360.com.br\/wp-content\/uploads\/2025\/05\/llPWg3kg-Carlo-Ancelotti-590x410.webp",590,410,true]},"author_info":{"display_name":"noticiasbahia360.com.br","author_link":"https:\/\/noticiasbahia360.com.br\/?author=1"},"category_info":"<a href=\"https:\/\/noticiasbahia360.com.br\/?cat=8\" rel=\"category\">Bahia<\/a> <a href=\"https:\/\/noticiasbahia360.com.br\/?cat=9\" rel=\"category\">Brasil<\/a> <a href=\"https:\/\/noticiasbahia360.com.br\/?cat=6\" rel=\"category\">Feira de Santana<\/a> <a href=\"https:\/\/noticiasbahia360.com.br\/?cat=57\" rel=\"category\">Mundo<\/a> <a href=\"https:\/\/noticiasbahia360.com.br\/?cat=56\" rel=\"category\">Pol\u00edcia<\/a> <a href=\"https:\/\/noticiasbahia360.com.br\/?cat=10\" rel=\"category\">Pol\u00edtica<\/a>","tag_info":"Pol\u00edtica","comment_count":"0","_links":{"self":[{"href":"https:\/\/noticiasbahia360.com.br\/index.php?rest_route=\/wp\/v2\/posts\/87504","targetHints":{"allow":["GET"]}}],"collection":[{"href":"https:\/\/noticiasbahia360.com.br\/index.php?rest_route=\/wp\/v2\/posts"}],"about":[{"href":"https:\/\/noticiasbahia360.com.br\/index.php?rest_route=\/wp\/v2\/types\/post"}],"author":[{"embeddable":true,"href":"https:\/\/noticiasbahia360.com.br\/index.php?rest_route=\/wp\/v2\/users\/1"}],"replies":[{"embeddable":true,"href":"https:\/\/noticiasbahia360.com.br\/index.php?rest_route=%2Fwp%2Fv2%2Fcomments&post=87504"}],"version-history":[{"count":0,"href":"https:\/\/noticiasbahia360.com.br\/index.php?rest_route=\/wp\/v2\/posts\/87504\/revisions"}],"wp:featuredmedia":[{"embeddable":true,"href":"https:\/\/noticiasbahia360.com.br\/index.php?rest_route=\/wp\/v2\/media\/87505"}],"wp:attachment":[{"href":"https:\/\/noticiasbahia360.com.br\/index.php?rest_route=%2Fwp%2Fv2%2Fmedia&parent=87504"}],"wp:term":[{"taxonomy":"category","embeddable":true,"href":"https:\/\/noticiasbahia360.com.br\/index.php?rest_route=%2Fwp%2Fv2%2Fcategories&post=87504"},{"taxonomy":"post_tag","embeddable":true,"href":"https:\/\/noticiasbahia360.com.br\/index.php?rest_route=%2Fwp%2Fv2%2Ftags&post=87504"}],"curies":[{"name":"wp","href":"https:\/\/api.w.org\/{rel}","templated":true}]}}