{"id":87520,"date":"2025-05-26T09:01:16","date_gmt":"2025-05-26T12:01:16","guid":{"rendered":"https:\/\/noticiasbahia360.com.br\/?p=87520"},"modified":"2025-05-26T09:01:16","modified_gmt":"2025-05-26T12:01:16","slug":"caravana-energia-da-cultura-oferece-formacao-gratuita-para-gestores-e-produtores-culturais-de-feira-de-santana","status":"publish","type":"post","link":"https:\/\/noticiasbahia360.com.br\/?p=87520","title":{"rendered":"Caravana Energia da Cultura oferece forma\u00e7\u00e3o gratuita para gestores e produtores culturais de Feira de Santana"},"content":{"rendered":"<div>\n<div>\n<figure><img decoding=\"async\" src=\"http:\/\/noticiasbahia360.com.br\/wp-content\/uploads\/2025\/05\/caravana-coelba-foto-reproducao.jpg\" alt=\"\"><figcaption>Foto: Reprodu\u00e7\u00e3o <\/figcaption><\/figure>\n<\/div>\n<p>A Caravana Energia da Cultura desembarcou em Feira de Santana nesta segunda-feira (26). O projeto \u00e9 realizado em parceria entre o Instituto Neoenergia, Neoenergia Coelba, e Cultura e Mercado, e oferece forma\u00e7\u00f5es presenciais e gratuitas para pessoas que trabalham na \u00e1rea da cultura na Princesa do Ser\u00e3o. Ainda h\u00e1 vagas remanescentes, e os interessados devem chegar ao local com anteced\u00eancia para credenciamento.<\/p>\n<p>A forma\u00e7\u00e3o acontecer\u00e1 no audit\u00f3rio do \u00danico Apart Hotel, entre 26 e 29 de maio, e o encerramento do projeto ser\u00e1 com um pocket show de Maria Struduth com Vulgo Gau e Banda Aguap\u00e9, na Casa Noise.<\/p>\n<p>A Caravana, que j\u00e1 passou pela cidade em 2024, est\u00e1 de volta para uma imers\u00e3o de quatro dias presenciais e abordar\u00e1 dois grandes temas: Territ\u00f3rios Criativos: hist\u00f3rico e pot\u00eancias locais e Fortalecendo o Territ\u00f3rio \u2013 Saberes e Sabores do fazer cultural. Ainda, ter\u00e1 um dia dedicado \u00e0 articula\u00e7\u00e3o de territ\u00f3rio para networking e apresenta\u00e7\u00f5es art\u00edsticas.<\/p>\n<p>\u201cFortalecer os fazedores de cultura \u00e9 fundamental para ampliar o impacto social positivo das iniciativas que apoiamos. Reconhecemos a arte e a cultura como ferramentas de inclus\u00e3o, supera\u00e7\u00e3o de desigualdades e promo\u00e7\u00e3o do desenvolvimento sustent\u00e1vel, reafirmando nosso compromisso com a valoriza\u00e7\u00e3o da diversidade cultural e o investimento na economia criativa\u201d, afirma Renata Chagas, diretora-presidente do Instituto Neoenergia.<\/p>\n<p><em>Siga o Acorda Cidade no<\/em><a href=\"https:\/\/news.google.com\/search?q=acorda%20cidade&amp;hl=pt-BR&amp;gl=BR&amp;ceid=BR%3Apt-419\"><strong><em>\u00a0Google Not\u00edcias<\/em><\/strong><\/a><em>\u00a0e receba os principais destaques do dia. Participe tamb\u00e9m dos nossos canais no\u00a0<\/em><a href=\"https:\/\/www.whatsapp.com\/channel\/0029Va6Rb4v3WHTNnsh8WI3N\"><strong><em>WhatsApp<\/em><\/strong><\/a><em>\u00a0e\u00a0<\/em><a href=\"https:\/\/www.youtube.com\/@acordacidadenoticias\/videos\"><strong>YouTube<\/strong><\/a><em>\u00a0e do grupo no\u00a0<\/em><a href=\"https:\/\/t.me\/+sSz0khrgARA0ZmRh\"><strong><em>Telegram<\/em><\/strong><\/a><\/p>\n<\/div>\n","protected":false},"excerpt":{"rendered":"<div>\n<div>\n<figure><img decoding=\"async\" src=\"https:\/\/uploads.acordacidade.com.br\/2025\/05\/caravana-coelba-foto-reproducao.jpg\" alt=\"\"><figcaption>Foto: Reprodu\u00e7\u00e3o <\/figcaption><\/figure>\n<\/div>\n<p>Ainda h\u00e1 vagas remanescentes, e os interessados devem chegar ao local com anteced\u00eancia para credenciamento.<\/p><\/div>\n","protected":false},"author":1,"featured_media":87521,"comment_status":"closed","ping_status":"closed","sticky":false,"template":"","format":"gallery","meta":{"footnotes":""},"categories":[8,9,6,57,56,10],"tags":[],"class_list":["post-87520","post","type-post","status-publish","format-gallery","has-post-thumbnail","hentry","category-bahia","category-brasil","category-feira-de-santana","category-mundo","category-policia","category-politica","post_format-post-format-gallery"],"featured_image_urls":{"full":["https:\/\/noticiasbahia360.com.br\/wp-content\/uploads\/2025\/05\/caravana-coelba-foto-reproducao.jpg",1200,900,false],"thumbnail":["https:\/\/noticiasbahia360.com.br\/wp-content\/uploads\/2025\/05\/caravana-coelba-foto-reproducao-150x150.jpg",150,150,true],"medium":["https:\/\/noticiasbahia360.com.br\/wp-content\/uploads\/2025\/05\/caravana-coelba-foto-reproducao-300x225.jpg",300,225,true],"medium_large":["https:\/\/noticiasbahia360.com.br\/wp-content\/uploads\/2025\/05\/caravana-coelba-foto-reproducao-768x576.jpg",640,480,true],"large":["https:\/\/noticiasbahia360.com.br\/wp-content\/uploads\/2025\/05\/caravana-coelba-foto-reproducao-1024x768.jpg",640,480,true],"1536x1536":["https:\/\/noticiasbahia360.com.br\/wp-content\/uploads\/2025\/05\/caravana-coelba-foto-reproducao.jpg",1200,900,false],"2048x2048":["https:\/\/noticiasbahia360.com.br\/wp-content\/uploads\/2025\/05\/caravana-coelba-foto-reproducao.jpg",1200,900,false],"chromenews-featured":["https:\/\/noticiasbahia360.com.br\/wp-content\/uploads\/2025\/05\/caravana-coelba-foto-reproducao-1024x768.jpg",1024,768,true],"chromenews-large":["https:\/\/noticiasbahia360.com.br\/wp-content\/uploads\/2025\/05\/caravana-coelba-foto-reproducao-825x575.jpg",825,575,true],"chromenews-medium":["https:\/\/noticiasbahia360.com.br\/wp-content\/uploads\/2025\/05\/caravana-coelba-foto-reproducao-590x410.jpg",590,410,true]},"author_info":{"display_name":"noticiasbahia360.com.br","author_link":"https:\/\/noticiasbahia360.com.br\/?author=1"},"category_info":"<a href=\"https:\/\/noticiasbahia360.com.br\/?cat=8\" rel=\"category\">Bahia<\/a> <a href=\"https:\/\/noticiasbahia360.com.br\/?cat=9\" rel=\"category\">Brasil<\/a> <a href=\"https:\/\/noticiasbahia360.com.br\/?cat=6\" rel=\"category\">Feira de Santana<\/a> <a href=\"https:\/\/noticiasbahia360.com.br\/?cat=57\" rel=\"category\">Mundo<\/a> <a href=\"https:\/\/noticiasbahia360.com.br\/?cat=56\" rel=\"category\">Pol\u00edcia<\/a> <a href=\"https:\/\/noticiasbahia360.com.br\/?cat=10\" rel=\"category\">Pol\u00edtica<\/a>","tag_info":"Pol\u00edtica","comment_count":"0","_links":{"self":[{"href":"https:\/\/noticiasbahia360.com.br\/index.php?rest_route=\/wp\/v2\/posts\/87520","targetHints":{"allow":["GET"]}}],"collection":[{"href":"https:\/\/noticiasbahia360.com.br\/index.php?rest_route=\/wp\/v2\/posts"}],"about":[{"href":"https:\/\/noticiasbahia360.com.br\/index.php?rest_route=\/wp\/v2\/types\/post"}],"author":[{"embeddable":true,"href":"https:\/\/noticiasbahia360.com.br\/index.php?rest_route=\/wp\/v2\/users\/1"}],"replies":[{"embeddable":true,"href":"https:\/\/noticiasbahia360.com.br\/index.php?rest_route=%2Fwp%2Fv2%2Fcomments&post=87520"}],"version-history":[{"count":0,"href":"https:\/\/noticiasbahia360.com.br\/index.php?rest_route=\/wp\/v2\/posts\/87520\/revisions"}],"wp:featuredmedia":[{"embeddable":true,"href":"https:\/\/noticiasbahia360.com.br\/index.php?rest_route=\/wp\/v2\/media\/87521"}],"wp:attachment":[{"href":"https:\/\/noticiasbahia360.com.br\/index.php?rest_route=%2Fwp%2Fv2%2Fmedia&parent=87520"}],"wp:term":[{"taxonomy":"category","embeddable":true,"href":"https:\/\/noticiasbahia360.com.br\/index.php?rest_route=%2Fwp%2Fv2%2Fcategories&post=87520"},{"taxonomy":"post_tag","embeddable":true,"href":"https:\/\/noticiasbahia360.com.br\/index.php?rest_route=%2Fwp%2Fv2%2Ftags&post=87520"}],"curies":[{"name":"wp","href":"https:\/\/api.w.org\/{rel}","templated":true}]}}