{"id":87528,"date":"2025-05-26T09:30:25","date_gmt":"2025-05-26T12:30:25","guid":{"rendered":"https:\/\/noticiasbahia360.com.br\/?p=87528"},"modified":"2025-05-26T09:30:25","modified_gmt":"2025-05-26T12:30:25","slug":"niveis-de-concentracao-de-nicotina-sao-maiores-em-cigarros-eletronicos-do-que-o-cigarro-convencional","status":"publish","type":"post","link":"https:\/\/noticiasbahia360.com.br\/?p=87528","title":{"rendered":"N\u00edveis de concentra\u00e7\u00e3o de nicotina s\u00e3o maiores em cigarros eletr\u00f4nicos do que o cigarro convencional"},"content":{"rendered":"<div>\n<div>\n<figure><img decoding=\"async\" src=\"http:\/\/noticiasbahia360.com.br\/wp-content\/uploads\/2025\/05\/cigarro-eletronico-ft-pixabay.jpg\" alt=\"cigarro eletr\u00f4nico ft pixabay\"><figcaption>Foto: Sarahjonhson1\/Pixabay <\/figcaption><\/figure>\n<\/div>\n<p>Um em cada cinco jovens brasileiros, de 18 a 24 anos, usa cigarros eletr\u00f4nicos, de acordo com dados do Vigitel, vinculado ao Minist\u00e9rio da Sa\u00fade. Apesar de proibido no Brasil, o cigarro eletr\u00f4nico ou\u00a0<em>vape\u00a0<\/em>tem sido consumido, cada vez mais, especialmente por jovens. No Brasil, norma da <a href=\"https:\/\/www.acordacidade.com.br\/tag\/anvisa\/\">Anvisa<\/a> pro\u00edbe a fabrica\u00e7\u00e3o, a importa\u00e7\u00e3o, a comercializa\u00e7\u00e3o, a distribui\u00e7\u00e3o, o armazenamento, o transporte e a propaganda de todos os Dispositivos Eletr\u00f4nicos para Fumar (DEF). No entanto, muitos brasileiros conseguem adquirir o cigarro eletr\u00f4nico em com\u00e9rcios informais, online ou trazem de viagens ao exterior.\u00a0<\/p>\n<p>Com formatos e modelos variados e muitas op\u00e7\u00f5es de aromas e sabores, o cigarro eletr\u00f4nico representa um s\u00edmbolo de status social e um modismo entre jovens nos grandes centros urbanos. \u201cAl\u00e9m de muito viciante e nocivo \u00e0 sa\u00fade, o\u00a0<em>vape\u00a0<\/em>\u00e9 considerado\u00a0um caminho r\u00e1pido para o cigarro tradicional\u201d, afirma a oncologista Clarissa Mathias, L\u00edder do Cancer Center Hospital Santa Izabel Oncocl\u00ednicas. \u201cComo o cigarro convencional \u00e9 mais acess\u00edvel e barato, muitas pessoas come\u00e7am com o\u00a0<em>vape<\/em>\u00a0e, com o tempo, migram para o convencional, j\u00e1 que o dispositivo \u00e9 proibido no pa\u00eds\u201d, revela a m\u00e9dica. \u201cO pior cen\u00e1rio \u00e9 quando a pessoa passa a usar os dois cigarros \u2013 o eletr\u00f4nico e o tradicional \u2013 o que ocorre em v\u00e1rios casos\u201d, pontua Clarissa Mathias.<\/p>\n<p>Com alto poder de causar depend\u00eancia, a nicotina geralmente \u00e9 usada em concentra\u00e7\u00f5es muito mais elevadas nos\u00a0<em>vapes<\/em>.\u00a0 Al\u00e9m disso, os dispositivos cont\u00eam v\u00e1rias subst\u00e2ncias nocivas e cancer\u00edgenas, aditivos com sabor e combina\u00e7\u00f5es desconhecidas. \u201cO\u00a0<em>vape<\/em>\u00a0pode ser t\u00e3o ou mais nocivo que o cigarro tradicional, pois combina nicotina com outras subst\u00e2ncias t\u00f3xicas\u201d, afirma o oncologista Filipe Visani, da Oncocl\u00ednicas na Bahia. \u201cOs Dispositivos Eletr\u00f4nicos para Fumar (DEF) podem causar danos respirat\u00f3rios graves, doen\u00e7as cardiovasculares e, segundo pesquisas, aumentam o risco de desenvolvimento de v\u00e1rios tipos de c\u00e2ncer, como de pulm\u00e3o e es\u00f4fago\u201d, acrescenta Hamanda Nery Lopes, oncologista da Oncocl\u00ednicas.<\/p>\n<p>\u201cN\u00e3o existe nenhum controle sobre a composi\u00e7\u00e3o do cigarro eletr\u00f4nico e, geralmente, quem usa desconhece o que est\u00e1 inalando\u201d, ressalta a oncologista J\u00falia de Castro de Souza, da Oncocl\u00ednicas. In\u00fameros estudos mostram que os cigarros eletr\u00f4nicos usam solventes, aditivos t\u00f3xicos, metais pesados, subst\u00e2ncias qu\u00edmicas cancer\u00edgenas, algumas inclusive desconhecidas, e extremamente nocivas.<\/p>\n<p>\u201cFumar \u00e9 um fator de risco evit\u00e1vel. Evitar o primeiro cigarro \u00e9 sempre o melhor caminho\u201d, destaca a oncologista Isadora Badar\u00f3 Cedraz, da Oncocl\u00ednicas. \u201cAl\u00e9m dos danos \u00e0 sa\u00fade, esses dispositivos causam depend\u00eancia qu\u00edmica\u201d, acrescenta.<\/p>\n<h2 class=\"wp-block-heading\" id=\"h-tratamentos-contra-o-cancer-de-pulmao\">Tratamentos contra o c\u00e2ncer de pulm\u00e3o<\/h2>\n<p>O tratamento do c\u00e2ncer de pulm\u00e3o conta, atualmente, com um arsenal de t\u00e9cnicas e recursos, como a cirurgia minimamente invasiva, tratamento sist\u00eamico (quimioterapia, terapia alvo e imunoterapia) e radioterapia. \u201cAl\u00e9m de terapias avan\u00e7adas como a imunoterapia, as cirurgias minimamente invasivas para a retirada de tumores requerem cada vez menos tempo de interna\u00e7\u00e3o e retorno mais r\u00e1pido do paciente para sua rotina\u201d, esclarece a oncologista Carolina Rocha Silva, da Oncocl\u00ednicas.<\/p>\n<p>Segundo a oncologista Larissa Moura, da Oncocl\u00ednicas, o tratamento \u00e9 sempre individualizado e a indica\u00e7\u00e3o depende do tipo de tumor, tamanho, localiza\u00e7\u00e3o e estadiamento (grau de dissemina\u00e7\u00e3o). \u201cEm muitos casos s\u00e3o usadas t\u00e9cnicas combinadas\u201d, afirma. \u201cA combina\u00e7\u00e3o de terapia sist\u00eamica e radioterapia pode ser administrada no in\u00edcio do tratamento para reduzir o tumor antes da cirurgia, ou mesmo como tratamento definitivo, quando a remo\u00e7\u00e3o cir\u00fargica est\u00e1 contraindicada\u201d, explica.<\/p>\n<p>Dentre os principais avan\u00e7os da medicina na luta contra o c\u00e2ncer, a imunoterapia tem revolucionado o tratamento dos tumores de pulm\u00e3o e proporcionado mais qualidade de vida e maior sobrevida aos pacientes. \u201cA imunoterapia ativa o sistema imunol\u00f3gico atrav\u00e9s de uma combina\u00e7\u00e3o de medicamentos biol\u00f3gicos para lutar contra o tumor\u201d, conclui Clarissa Mathias.<\/p>\n<p><em>Siga o Acorda Cidade no<\/em><a href=\"https:\/\/news.google.com\/search?q=acorda%20cidade&amp;hl=pt-BR&amp;gl=BR&amp;ceid=BR%3Apt-419\"><strong><em>\u00a0Google Not\u00edcias<\/em><\/strong><\/a><em>\u00a0e receba os principais destaques do dia. Participe tamb\u00e9m dos nossos canais no\u00a0<\/em><a href=\"https:\/\/www.whatsapp.com\/channel\/0029Va6Rb4v3WHTNnsh8WI3N\"><strong><em>WhatsApp<\/em><\/strong><\/a><em>\u00a0e\u00a0<\/em><a href=\"https:\/\/www.youtube.com\/@acordacidadenoticias\/videos\"><strong>Youtube<\/strong><\/a><em>\u00a0e grupo de\u00a0<\/em><a href=\"https:\/\/t.me\/+sSz0khrgARA0ZmRh\"><strong><em>Telegram<\/em><\/strong><\/a><em>.<\/em><\/p>\n<\/div>\n","protected":false},"excerpt":{"rendered":"<div>\n<div>\n<figure><img decoding=\"async\" src=\"https:\/\/uploads.acordacidade.com.br\/wp-content\/uploads\/2023\/12\/01085634\/cigarro-eletronico-ft-pixabay.jpg\" alt=\"cigarro eletr\u00f4nico ft pixabay\"><figcaption>Foto: Sarahjonhson1\/Pixabay <\/figcaption><\/figure>\n<\/div>\n<p>Com grande capacidade de causar depend\u00eancia, os Dispositivos Eletr\u00f4nicos para Fumar (DEF) podem ser um caminho r\u00e1pido para o tabagismo, principal causa de c\u00e2ncer de pulm\u00e3o, alerta especialistas.<\/p><\/div>\n","protected":false},"author":1,"featured_media":87529,"comment_status":"closed","ping_status":"closed","sticky":false,"template":"","format":"gallery","meta":{"footnotes":""},"categories":[8,9,6,57,56,10],"tags":[],"class_list":["post-87528","post","type-post","status-publish","format-gallery","has-post-thumbnail","hentry","category-bahia","category-brasil","category-feira-de-santana","category-mundo","category-policia","category-politica","post_format-post-format-gallery"],"featured_image_urls":{"full":["https:\/\/noticiasbahia360.com.br\/wp-content\/uploads\/2025\/05\/cigarro-eletronico-ft-pixabay.jpg",640,382,false],"thumbnail":["https:\/\/noticiasbahia360.com.br\/wp-content\/uploads\/2025\/05\/cigarro-eletronico-ft-pixabay-150x150.jpg",150,150,true],"medium":["https:\/\/noticiasbahia360.com.br\/wp-content\/uploads\/2025\/05\/cigarro-eletronico-ft-pixabay-300x179.jpg",300,179,true],"medium_large":["https:\/\/noticiasbahia360.com.br\/wp-content\/uploads\/2025\/05\/cigarro-eletronico-ft-pixabay.jpg",640,382,false],"large":["https:\/\/noticiasbahia360.com.br\/wp-content\/uploads\/2025\/05\/cigarro-eletronico-ft-pixabay.jpg",640,382,false],"1536x1536":["https:\/\/noticiasbahia360.com.br\/wp-content\/uploads\/2025\/05\/cigarro-eletronico-ft-pixabay.jpg",640,382,false],"2048x2048":["https:\/\/noticiasbahia360.com.br\/wp-content\/uploads\/2025\/05\/cigarro-eletronico-ft-pixabay.jpg",640,382,false],"chromenews-featured":["https:\/\/noticiasbahia360.com.br\/wp-content\/uploads\/2025\/05\/cigarro-eletronico-ft-pixabay.jpg",640,382,false],"chromenews-large":["https:\/\/noticiasbahia360.com.br\/wp-content\/uploads\/2025\/05\/cigarro-eletronico-ft-pixabay.jpg",640,382,false],"chromenews-medium":["https:\/\/noticiasbahia360.com.br\/wp-content\/uploads\/2025\/05\/cigarro-eletronico-ft-pixabay-590x382.jpg",590,382,true]},"author_info":{"display_name":"noticiasbahia360.com.br","author_link":"https:\/\/noticiasbahia360.com.br\/?author=1"},"category_info":"<a href=\"https:\/\/noticiasbahia360.com.br\/?cat=8\" rel=\"category\">Bahia<\/a> <a href=\"https:\/\/noticiasbahia360.com.br\/?cat=9\" rel=\"category\">Brasil<\/a> <a href=\"https:\/\/noticiasbahia360.com.br\/?cat=6\" rel=\"category\">Feira de Santana<\/a> <a href=\"https:\/\/noticiasbahia360.com.br\/?cat=57\" rel=\"category\">Mundo<\/a> <a href=\"https:\/\/noticiasbahia360.com.br\/?cat=56\" rel=\"category\">Pol\u00edcia<\/a> <a href=\"https:\/\/noticiasbahia360.com.br\/?cat=10\" rel=\"category\">Pol\u00edtica<\/a>","tag_info":"Pol\u00edtica","comment_count":"0","_links":{"self":[{"href":"https:\/\/noticiasbahia360.com.br\/index.php?rest_route=\/wp\/v2\/posts\/87528","targetHints":{"allow":["GET"]}}],"collection":[{"href":"https:\/\/noticiasbahia360.com.br\/index.php?rest_route=\/wp\/v2\/posts"}],"about":[{"href":"https:\/\/noticiasbahia360.com.br\/index.php?rest_route=\/wp\/v2\/types\/post"}],"author":[{"embeddable":true,"href":"https:\/\/noticiasbahia360.com.br\/index.php?rest_route=\/wp\/v2\/users\/1"}],"replies":[{"embeddable":true,"href":"https:\/\/noticiasbahia360.com.br\/index.php?rest_route=%2Fwp%2Fv2%2Fcomments&post=87528"}],"version-history":[{"count":0,"href":"https:\/\/noticiasbahia360.com.br\/index.php?rest_route=\/wp\/v2\/posts\/87528\/revisions"}],"wp:featuredmedia":[{"embeddable":true,"href":"https:\/\/noticiasbahia360.com.br\/index.php?rest_route=\/wp\/v2\/media\/87529"}],"wp:attachment":[{"href":"https:\/\/noticiasbahia360.com.br\/index.php?rest_route=%2Fwp%2Fv2%2Fmedia&parent=87528"}],"wp:term":[{"taxonomy":"category","embeddable":true,"href":"https:\/\/noticiasbahia360.com.br\/index.php?rest_route=%2Fwp%2Fv2%2Fcategories&post=87528"},{"taxonomy":"post_tag","embeddable":true,"href":"https:\/\/noticiasbahia360.com.br\/index.php?rest_route=%2Fwp%2Fv2%2Ftags&post=87528"}],"curies":[{"name":"wp","href":"https:\/\/api.w.org\/{rel}","templated":true}]}} 