{"id":87530,"date":"2025-05-26T09:36:54","date_gmt":"2025-05-26T12:36:54","guid":{"rendered":"https:\/\/noticiasbahia360.com.br\/?p=87530"},"modified":"2025-05-26T09:36:54","modified_gmt":"2025-05-26T12:36:54","slug":"mulher-e-presa-por-tortura-contra-idosa-em-barreiras","status":"publish","type":"post","link":"https:\/\/noticiasbahia360.com.br\/?p=87530","title":{"rendered":"Mulher \u00e9 presa por tortura contra idosa em Barreiras"},"content":{"rendered":"<div>\n<div>\n<figure><img decoding=\"async\" src=\"http:\/\/noticiasbahia360.com.br\/wp-content\/uploads\/2025\/05\/Policia-Civil-prende-homem-em-flagrante-apos-simular-o-proprio-sequestro-1.jpg\" alt=\"Pol\u00edcia Civil prende homem em flagrante ap\u00f3s simular o pr\u00f3prio sequestro\"><figcaption>Ilustrativa | Foto: Ascom PC-BA<\/p>\n<\/figcaption><\/figure>\n<\/div>\n<p>Uma mulher de 56 anos foi presa, neste domingo (26), no munic\u00edpio de Barreiras, suspeita de torturar uma idosa de 78 anos. As investiga\u00e7\u00f5es come\u00e7aram ap\u00f3s o registro de um boletim de ocorr\u00eancia, na quinta-feira (23), relatando que a v\u00edtima vinha sendo agredida pela pr\u00f3pria cuidadora. Incapaz de se comunicar verbalmente, a idosa utilizou gestos para alertar os familiares, que instalaram c\u00e2meras de seguran\u00e7a no local. As imagens registraram agress\u00f5es recorrentes.<\/p>\n<p>A pris\u00e3o preventiva foi cumprida por equipes da Coordena\u00e7\u00e3o de Pol\u00edcia do Interior (Coorpin\/Barreiras) e da Coordena\u00e7\u00e3o de Apoio T\u00e9cnico e T\u00e1tico \u00e0 Investiga\u00e7\u00e3o (Catti\/Oeste). A suspeita foi conduzida \u00e0 unidade policial, onde foi interrogada, passou por exame de corpo de delito e permanece custodiada, \u00e0 disposi\u00e7\u00e3o do Poder Judici\u00e1rio.<\/p>\n<p><em>Siga o Acorda Cidade no<\/em><a href=\"https:\/\/news.google.com\/search?q=acorda%20cidade&amp;hl=pt-BR&amp;gl=BR&amp;ceid=BR%3Apt-419\"><strong><em>\u00a0Google Not\u00edcias<\/em><\/strong><\/a><em>\u00a0e receba os principais destaques do dia. Participe tamb\u00e9m dos nossos canais no\u00a0<\/em><a href=\"https:\/\/www.whatsapp.com\/channel\/0029Va6Rb4v3WHTNnsh8WI3N\"><strong><em>WhatsApp<\/em><\/strong><\/a><em>\u00a0e\u00a0<\/em><a href=\"https:\/\/www.youtube.com\/@acordacidadenoticias\/videos\"><strong>YouTube<\/strong><\/a><em>\u00a0e do grupo no\u00a0<\/em><a href=\"https:\/\/t.me\/+sSz0khrgARA0ZmRh\"><strong><em>Telegram<\/em><\/strong><\/a><\/p>\n<\/div>\n","protected":false},"excerpt":{"rendered":"<div>\n<div>\n<figure><img decoding=\"async\" src=\"https:\/\/uploads.acordacidade.com.br\/2025\/04\/Policia-Civil-prende-homem-em-flagrante-apos-simular-o-proprio-sequestro.jpg\" alt=\"Pol\u00edcia Civil prende homem em flagrante ap\u00f3s simular o pr\u00f3prio sequestro\"><figcaption>Ilustrativa | Foto: Ascom PC-BA<\/p>\n<\/figcaption><\/figure>\n<\/div>\n<p>Incapaz de se comunicar verbalmente, a idosa utilizou gestos para alertar os familiares, que instalaram c\u00e2meras de seguran\u00e7a.<\/p><\/div>\n","protected":false},"author":1,"featured_media":87531,"comment_status":"closed","ping_status":"closed","sticky":false,"template":"","format":"gallery","meta":{"footnotes":""},"categories":[8,9,6,57,56,10],"tags":[],"class_list":["post-87530","post","type-post","status-publish","format-gallery","has-post-thumbnail","hentry","category-bahia","category-brasil","category-feira-de-santana","category-mundo","category-policia","category-politica","post_format-post-format-gallery"],"featured_image_urls":{"full":["https:\/\/noticiasbahia360.com.br\/wp-content\/uploads\/2025\/05\/Policia-Civil-prende-homem-em-flagrante-apos-simular-o-proprio-sequestro-1.jpg",1200,897,false],"thumbnail":["https:\/\/noticiasbahia360.com.br\/wp-content\/uploads\/2025\/05\/Policia-Civil-prende-homem-em-flagrante-apos-simular-o-proprio-sequestro-1-150x150.jpg",150,150,true],"medium":["https:\/\/noticiasbahia360.com.br\/wp-content\/uploads\/2025\/05\/Policia-Civil-prende-homem-em-flagrante-apos-simular-o-proprio-sequestro-1-300x224.jpg",300,224,true],"medium_large":["https:\/\/noticiasbahia360.com.br\/wp-content\/uploads\/2025\/05\/Policia-Civil-prende-homem-em-flagrante-apos-simular-o-proprio-sequestro-1-768x574.jpg",640,478,true],"large":["https:\/\/noticiasbahia360.com.br\/wp-content\/uploads\/2025\/05\/Policia-Civil-prende-homem-em-flagrante-apos-simular-o-proprio-sequestro-1-1024x765.jpg",640,478,true],"1536x1536":["https:\/\/noticiasbahia360.com.br\/wp-content\/uploads\/2025\/05\/Policia-Civil-prende-homem-em-flagrante-apos-simular-o-proprio-sequestro-1.jpg",1200,897,false],"2048x2048":["https:\/\/noticiasbahia360.com.br\/wp-content\/uploads\/2025\/05\/Policia-Civil-prende-homem-em-flagrante-apos-simular-o-proprio-sequestro-1.jpg",1200,897,false],"chromenews-featured":["https:\/\/noticiasbahia360.com.br\/wp-content\/uploads\/2025\/05\/Policia-Civil-prende-homem-em-flagrante-apos-simular-o-proprio-sequestro-1-1024x765.jpg",1024,765,true],"chromenews-large":["https:\/\/noticiasbahia360.com.br\/wp-content\/uploads\/2025\/05\/Policia-Civil-prende-homem-em-flagrante-apos-simular-o-proprio-sequestro-1-825x575.jpg",825,575,true],"chromenews-medium":["https:\/\/noticiasbahia360.com.br\/wp-content\/uploads\/2025\/05\/Policia-Civil-prende-homem-em-flagrante-apos-simular-o-proprio-sequestro-1-590x410.jpg",590,410,true]},"author_info":{"display_name":"noticiasbahia360.com.br","author_link":"https:\/\/noticiasbahia360.com.br\/?author=1"},"category_info":"<a href=\"https:\/\/noticiasbahia360.com.br\/?cat=8\" rel=\"category\">Bahia<\/a> <a href=\"https:\/\/noticiasbahia360.com.br\/?cat=9\" rel=\"category\">Brasil<\/a> <a href=\"https:\/\/noticiasbahia360.com.br\/?cat=6\" rel=\"category\">Feira de Santana<\/a> <a href=\"https:\/\/noticiasbahia360.com.br\/?cat=57\" rel=\"category\">Mundo<\/a> <a href=\"https:\/\/noticiasbahia360.com.br\/?cat=56\" rel=\"category\">Pol\u00edcia<\/a> <a href=\"https:\/\/noticiasbahia360.com.br\/?cat=10\" rel=\"category\">Pol\u00edtica<\/a>","tag_info":"Pol\u00edtica","comment_count":"0","_links":{"self":[{"href":"https:\/\/noticiasbahia360.com.br\/index.php?rest_route=\/wp\/v2\/posts\/87530","targetHints":{"allow":["GET"]}}],"collection":[{"href":"https:\/\/noticiasbahia360.com.br\/index.php?rest_route=\/wp\/v2\/posts"}],"about":[{"href":"https:\/\/noticiasbahia360.com.br\/index.php?rest_route=\/wp\/v2\/types\/post"}],"author":[{"embeddable":true,"href":"https:\/\/noticiasbahia360.com.br\/index.php?rest_route=\/wp\/v2\/users\/1"}],"replies":[{"embeddable":true,"href":"https:\/\/noticiasbahia360.com.br\/index.php?rest_route=%2Fwp%2Fv2%2Fcomments&post=87530"}],"version-history":[{"count":0,"href":"https:\/\/noticiasbahia360.com.br\/index.php?rest_route=\/wp\/v2\/posts\/87530\/revisions"}],"wp:featuredmedia":[{"embeddable":true,"href":"https:\/\/noticiasbahia360.com.br\/index.php?rest_route=\/wp\/v2\/media\/87531"}],"wp:attachment":[{"href":"https:\/\/noticiasbahia360.com.br\/index.php?rest_route=%2Fwp%2Fv2%2Fmedia&parent=87530"}],"wp:term":[{"taxonomy":"category","embeddable":true,"href":"https:\/\/noticiasbahia360.com.br\/index.php?rest_route=%2Fwp%2Fv2%2Fcategories&post=87530"},{"taxonomy":"post_tag","embeddable":true,"href":"https:\/\/noticiasbahia360.com.br\/index.php?rest_route=%2Fwp%2Fv2%2Ftags&post=87530"}],"curies":[{"name":"wp","href":"https:\/\/api.w.org\/{rel}","templated":true}]}}