{"id":87532,"date":"2025-05-26T09:36:58","date_gmt":"2025-05-26T12:36:58","guid":{"rendered":"https:\/\/noticiasbahia360.com.br\/?p=87532"},"modified":"2025-05-26T09:36:58","modified_gmt":"2025-05-26T12:36:58","slug":"carreta-vira-na-br-324-em-feira-de-santana-e-oleo-derramado-provoca-outros-acidentes","status":"publish","type":"post","link":"https:\/\/noticiasbahia360.com.br\/?p=87532","title":{"rendered":"Carreta vira na BR-324 em Feira de Santana e \u00f3leo derramado provoca outros acidentes"},"content":{"rendered":"<div>\n<div>\n<figure><img decoding=\"async\" src=\"http:\/\/noticiasbahia360.com.br\/wp-content\/uploads\/2025\/05\/Carreta-vira-e-oleo-derramado-provoca-outros-acidentes-foto-ed-santos-acorda-cidade.jpg\" alt=\"\"><figcaption>Foto: Ed Santos\/Acorda Cidade<\/figcaption><\/figure>\n<\/div>\n<p>Na manh\u00e3 desta segunda-feira (26), uma carreta virou na<a href=\"https:\/\/www.acordacidade.com.br\/tag\/br-324-4\/\"> BR-324<\/a>, no trecho do viaduto Portal do Sert\u00e3o, em frente \u00e0 Imperial Honda e \u00e0 faculdade <a href=\"https:\/\/www.acordacidade.com.br\/tag\/unef\/\">Unef<\/a>, em Feira de Santana. O ve\u00edculo derramou \u00f3leo na pista, o que provocou outros acidentes no local.<\/p>\n<p>Um dos casos mais graves envolveu um motociclista que derrapou ao passar pelo \u00f3leo e colidiu contra outra carreta. Ele foi socorrido para um hospital com fratura exposta. Outros motociclistas tamb\u00e9m sofreram quedas e foram socorridos.<\/p>\n<figure class=\"wp-block-image size-large\"><img fetchpriority=\"high\" data-dominant-color=\"7b7c77\" data-has-transparency=\"false\" style=\"--dominant-color: #7b7c77;\" fetchpriority=\"high\" decoding=\"async\" width=\"1024\" height=\"689\" sizes=\"(max-width: 1024px) 100vw, 1024px\" src=\"http:\/\/noticiasbahia360.com.br\/wp-content\/uploads\/2025\/05\/dO5MCJQ3-Carreta-vira-e-oleo-derramado-provoca-outros-acidentes-foto-ed-santos-acorda-cidade-11-1024x689-1.webp\" alt=\"Carreta vira na BR-324 em Feira de Santana e \u00f3leo derramado provoca outros acidentes\" class=\"wp-image-558067 not-transparent\" srcset=\"https:\/\/uploads.acordacidade.com.br\/2025\/05\/dO5MCJQ3-Carreta-vira-e-oleo-derramado-provoca-outros-acidentes-foto-ed-santos-acorda-cidade-11-300x202.webp 300w, http:\/\/noticiasbahia360.com.br\/wp-content\/uploads\/2025\/05\/dO5MCJQ3-Carreta-vira-e-oleo-derramado-provoca-outros-acidentes-foto-ed-santos-acorda-cidade-11-1024x689-1.webp 1024w, https:\/\/uploads.acordacidade.com.br\/2025\/05\/dO5MCJQ3-Carreta-vira-e-oleo-derramado-provoca-outros-acidentes-foto-ed-santos-acorda-cidade-11-768x516.webp 768w, https:\/\/uploads.acordacidade.com.br\/2025\/05\/dO5MCJQ3-Carreta-vira-e-oleo-derramado-provoca-outros-acidentes-foto-ed-santos-acorda-cidade-11-150x101.webp 150w, https:\/\/uploads.acordacidade.com.br\/2025\/05\/dO5MCJQ3-Carreta-vira-e-oleo-derramado-provoca-outros-acidentes-foto-ed-santos-acorda-cidade-11.webp 1200w\"><figcaption class=\"wp-element-caption\">Foto: Ed Santos\/Acorda Cidade<\/figcaption><\/figure>\n<p>Uma terceira carreta que trafegava pela rodovia tamb\u00e9m derrapou devido ao \u00f3leo e acabou batendo no guard rail met\u00e1lico.<\/p>\n<p>Os acidentes causaram um longo congestionamento no sentido Feira de Santana \u2013 Salvador. A Pol\u00edcia Rodovi\u00e1ria Federal (PRF) foi ao local para orientar o tr\u00e2nsito e acompanhar a situa\u00e7\u00e3o.<\/p>\n<figure class=\"wp-block-image size-large\"><img data-dominant-color=\"6d7275\" data-has-transparency=\"false\" style=\"--dominant-color: #6d7275;\" decoding=\"async\" width=\"1024\" height=\"768\" sizes=\"(max-width: 1024px) 100vw, 1024px\" src=\"http:\/\/noticiasbahia360.com.br\/wp-content\/uploads\/2025\/05\/ZEY7Z9hA-Carreta-vira-e-oleo-derramado-provoca-outros-acidentes-1024x768-1.webp\" alt=\"Carreta vira na BR-324 em Feira de Santana e \u00f3leo derramado provoca outros acidentes\" class=\"wp-image-558070 not-transparent\" srcset=\"https:\/\/uploads.acordacidade.com.br\/2025\/05\/ZEY7Z9hA-Carreta-vira-e-oleo-derramado-provoca-outros-acidentes-300x225.webp 300w, http:\/\/noticiasbahia360.com.br\/wp-content\/uploads\/2025\/05\/ZEY7Z9hA-Carreta-vira-e-oleo-derramado-provoca-outros-acidentes-1024x768-1.webp 1024w, https:\/\/uploads.acordacidade.com.br\/2025\/05\/ZEY7Z9hA-Carreta-vira-e-oleo-derramado-provoca-outros-acidentes-768x576.webp 768w, https:\/\/uploads.acordacidade.com.br\/2025\/05\/ZEY7Z9hA-Carreta-vira-e-oleo-derramado-provoca-outros-acidentes-150x113.webp 150w, https:\/\/uploads.acordacidade.com.br\/2025\/05\/ZEY7Z9hA-Carreta-vira-e-oleo-derramado-provoca-outros-acidentes.webp 1200w\"><figcaption class=\"wp-element-caption\">Foto: Ed Santos\/Acorda Cidade<\/figcaption><\/figure>\n<p>O motorista da carreta que capotou foi socorrido e encaminhado ao Hospital Geral Cl\u00e9riston Andrade (HGCA). At\u00e9 o fechamento desta mat\u00e9ria, o congestionamento permanecia. <\/p>\n<figure class=\"wp-block-image size-large\"><img data-dominant-color=\"7e8684\" data-has-transparency=\"false\" style=\"--dominant-color: #7e8684;\" decoding=\"async\" width=\"1024\" height=\"768\" sizes=\"(max-width: 1024px) 100vw, 1024px\" src=\"http:\/\/noticiasbahia360.com.br\/wp-content\/uploads\/2025\/05\/1DptYQkF-Congestionamento-apos-carreta-virar-foto-ed-santos-acorda-cidade-26-05-25-seg-1024x768-1.webp\" alt=\"Congestionamento na BR-324 - Viaduto Portal do Sert\u00e3o em Feira de Santana - PRF no local\" class=\"wp-image-558065 not-transparent\" srcset=\"https:\/\/uploads.acordacidade.com.br\/2025\/05\/1DptYQkF-Congestionamento-apos-carreta-virar-foto-ed-santos-acorda-cidade-26-05-25-seg-300x225.webp 300w, http:\/\/noticiasbahia360.com.br\/wp-content\/uploads\/2025\/05\/1DptYQkF-Congestionamento-apos-carreta-virar-foto-ed-santos-acorda-cidade-26-05-25-seg-1024x768-1.webp 1024w, https:\/\/uploads.acordacidade.com.br\/2025\/05\/1DptYQkF-Congestionamento-apos-carreta-virar-foto-ed-santos-acorda-cidade-26-05-25-seg-768x576.webp 768w, https:\/\/uploads.acordacidade.com.br\/2025\/05\/1DptYQkF-Congestionamento-apos-carreta-virar-foto-ed-santos-acorda-cidade-26-05-25-seg-150x113.webp 150w, https:\/\/uploads.acordacidade.com.br\/2025\/05\/1DptYQkF-Congestionamento-apos-carreta-virar-foto-ed-santos-acorda-cidade-26-05-25-seg.webp 1200w\"><figcaption class=\"wp-element-caption\">Foto: Ed Santos\/Acorda Cidade<\/figcaption><\/figure>\n<figure class=\"wp-block-image size-large\"><img data-dominant-color=\"979891\" data-has-transparency=\"false\" style=\"--dominant-color: #979891;\" decoding=\"async\" width=\"1024\" height=\"703\" sizes=\"(max-width: 1024px) 100vw, 1024px\" src=\"http:\/\/noticiasbahia360.com.br\/wp-content\/uploads\/2025\/05\/r3KMWwNk-Congestionamento-apos-carreta-virar-foto-ed-santos-acorda-cidade-1024x703-1.webp\" alt=\"Congestionamento na BR-324 - Viaduto Portal do Sert\u00e3o em Feira de Santana\" class=\"wp-image-558068 not-transparent\" srcset=\"https:\/\/uploads.acordacidade.com.br\/2025\/05\/r3KMWwNk-Congestionamento-apos-carreta-virar-foto-ed-santos-acorda-cidade-300x206.webp 300w, http:\/\/noticiasbahia360.com.br\/wp-content\/uploads\/2025\/05\/r3KMWwNk-Congestionamento-apos-carreta-virar-foto-ed-santos-acorda-cidade-1024x703-1.webp 1024w, https:\/\/uploads.acordacidade.com.br\/2025\/05\/r3KMWwNk-Congestionamento-apos-carreta-virar-foto-ed-santos-acorda-cidade-768x527.webp 768w, https:\/\/uploads.acordacidade.com.br\/2025\/05\/r3KMWwNk-Congestionamento-apos-carreta-virar-foto-ed-santos-acorda-cidade-150x103.webp 150w, https:\/\/uploads.acordacidade.com.br\/2025\/05\/r3KMWwNk-Congestionamento-apos-carreta-virar-foto-ed-santos-acorda-cidade.webp 1200w\"><figcaption class=\"wp-element-caption\">Foto: Ed Santos\/Acorda Cidade<\/figcaption><\/figure>\n<figure class=\"wp-block-image size-large\"><img loading=\"lazy\" data-dominant-color=\"8f8e8b\" data-has-transparency=\"false\" style=\"--dominant-color: #8f8e8b;\" decoding=\"async\" width=\"1024\" height=\"768\" sizes=\"(max-width: 1024px) 100vw, 1024px\" src=\"http:\/\/noticiasbahia360.com.br\/wp-content\/uploads\/2025\/05\/EQbPgGok-Carreta-vira-na-BR-324-em-Feira-de-Santana-e-oleo-derramado-provoca-outros-acidentes-foto-ed-santos-acorda-cidade-1024x768-1.webp\" alt=\"Carreta vira na BR-324 em Feira de Santana e \u00f3leo derramado provoca outros acidentes\" class=\"wp-image-558071 not-transparent\" srcset=\"https:\/\/uploads.acordacidade.com.br\/2025\/05\/EQbPgGok-Carreta-vira-na-BR-324-em-Feira-de-Santana-e-oleo-derramado-provoca-outros-acidentes-foto-ed-santos-acorda-cidade-300x225.webp 300w, http:\/\/noticiasbahia360.com.br\/wp-content\/uploads\/2025\/05\/EQbPgGok-Carreta-vira-na-BR-324-em-Feira-de-Santana-e-oleo-derramado-provoca-outros-acidentes-foto-ed-santos-acorda-cidade-1024x768-1.webp 1024w, https:\/\/uploads.acordacidade.com.br\/2025\/05\/EQbPgGok-Carreta-vira-na-BR-324-em-Feira-de-Santana-e-oleo-derramado-provoca-outros-acidentes-foto-ed-santos-acorda-cidade-768x576.webp 768w, https:\/\/uploads.acordacidade.com.br\/2025\/05\/EQbPgGok-Carreta-vira-na-BR-324-em-Feira-de-Santana-e-oleo-derramado-provoca-outros-acidentes-foto-ed-santos-acorda-cidade-150x113.webp 150w, https:\/\/uploads.acordacidade.com.br\/2025\/05\/EQbPgGok-Carreta-vira-na-BR-324-em-Feira-de-Santana-e-oleo-derramado-provoca-outros-acidentes-foto-ed-santos-acorda-cidade.webp 1200w\"><figcaption class=\"wp-element-caption\">Foto: Ed Santos\/Acorda Cidade<\/figcaption><\/figure>\n<p><em>Com informa\u00e7\u00f5es do rep\u00f3rter Ed Santos do Acorda Cidade<\/em><\/p>\n<p><em>Siga o Acorda Cidade no<\/em><a href=\"https:\/\/news.google.com\/search?q=acorda%20cidade&amp;hl=pt-BR&amp;gl=BR&amp;ceid=BR%3Apt-419\"><strong><em> Google Not\u00edcias<\/em><\/strong><\/a><em> e receba os principais destaques do dia. Participe tamb\u00e9m dos nossos canais no <\/em><a href=\"https:\/\/whatsapp.com\/channel\/0029Va6Rb4v3WHTNnsh8WI3N\"><strong><em>WhatsApp<\/em><\/strong><\/a><em> e <\/em><a href=\"https:\/\/www.youtube.com\/@acordacidadenoticias\/videos\"><strong>YouTube<\/strong><\/a><em> e do grupo no <\/em><a href=\"https:\/\/t.me\/+sSz0khrgARA0ZmRh\"><strong><em>Telegram<\/em><\/strong><\/a><em>.<\/em><\/p>\n<\/div>\n","protected":false},"excerpt":{"rendered":"<div>\n<div>\n<figure><img decoding=\"async\" src=\"https:\/\/uploads.acordacidade.com.br\/2025\/05\/Carreta-vira-e-oleo-derramado-provoca-outros-acidentes-foto-ed-santos-acorda-cidade.jpg\" alt=\"\"><figcaption>Foto: Ed Santos\/Acorda Cidade<\/figcaption><\/figure>\n<\/div>\n<p>Devido ao \u00f3leo derramado na pista, motociclistas derraparam e ficaram feridos. A PRF est\u00e1 no local para orientar o tr\u00e2nsito.<\/p><\/div>\n","protected":false},"author":1,"featured_media":87533,"comment_status":"closed","ping_status":"closed","sticky":false,"template":"","format":"gallery","meta":{"footnotes":""},"categories":[8,9,6,57,56,10],"tags":[],"class_list":["post-87532","post","type-post","status-publish","format-gallery","has-post-thumbnail","hentry","category-bahia","category-brasil","category-feira-de-santana","category-mundo","category-policia","category-politica","post_format-post-format-gallery"],"featured_image_urls":{"full":["https:\/\/noticiasbahia360.com.br\/wp-content\/uploads\/2025\/05\/Carreta-vira-e-oleo-derramado-provoca-outros-acidentes-foto-ed-santos-acorda-cidade.jpg",1200,900,false],"thumbnail":["https:\/\/noticiasbahia360.com.br\/wp-content\/uploads\/2025\/05\/Carreta-vira-e-oleo-derramado-provoca-outros-acidentes-foto-ed-santos-acorda-cidade-150x150.jpg",150,150,true],"medium":["https:\/\/noticiasbahia360.com.br\/wp-content\/uploads\/2025\/05\/Carreta-vira-e-oleo-derramado-provoca-outros-acidentes-foto-ed-santos-acorda-cidade-300x225.jpg",300,225,true],"medium_large":["https:\/\/noticiasbahia360.com.br\/wp-content\/uploads\/2025\/05\/Carreta-vira-e-oleo-derramado-provoca-outros-acidentes-foto-ed-santos-acorda-cidade-768x576.jpg",640,480,true],"large":["https:\/\/noticiasbahia360.com.br\/wp-content\/uploads\/2025\/05\/Carreta-vira-e-oleo-derramado-provoca-outros-acidentes-foto-ed-santos-acorda-cidade-1024x768.jpg",640,480,true],"1536x1536":["https:\/\/noticiasbahia360.com.br\/wp-content\/uploads\/2025\/05\/Carreta-vira-e-oleo-derramado-provoca-outros-acidentes-foto-ed-santos-acorda-cidade.jpg",1200,900,false],"2048x2048":["https:\/\/noticiasbahia360.com.br\/wp-content\/uploads\/2025\/05\/Carreta-vira-e-oleo-derramado-provoca-outros-acidentes-foto-ed-santos-acorda-cidade.jpg",1200,900,false],"chromenews-featured":["https:\/\/noticiasbahia360.com.br\/wp-content\/uploads\/2025\/05\/Carreta-vira-e-oleo-derramado-provoca-outros-acidentes-foto-ed-santos-acorda-cidade-1024x768.jpg",1024,768,true],"chromenews-large":["https:\/\/noticiasbahia360.com.br\/wp-content\/uploads\/2025\/05\/Carreta-vira-e-oleo-derramado-provoca-outros-acidentes-foto-ed-santos-acorda-cidade-825x575.jpg",825,575,true],"chromenews-medium":["https:\/\/noticiasbahia360.com.br\/wp-content\/uploads\/2025\/05\/Carreta-vira-e-oleo-derramado-provoca-outros-acidentes-foto-ed-santos-acorda-cidade-590x410.jpg",590,410,true]},"author_info":{"display_name":"noticiasbahia360.com.br","author_link":"https:\/\/noticiasbahia360.com.br\/?author=1"},"category_info":"<a href=\"https:\/\/noticiasbahia360.com.br\/?cat=8\" rel=\"category\">Bahia<\/a> <a href=\"https:\/\/noticiasbahia360.com.br\/?cat=9\" rel=\"category\">Brasil<\/a> <a href=\"https:\/\/noticiasbahia360.com.br\/?cat=6\" rel=\"category\">Feira de Santana<\/a> <a href=\"https:\/\/noticiasbahia360.com.br\/?cat=57\" rel=\"category\">Mundo<\/a> <a href=\"https:\/\/noticiasbahia360.com.br\/?cat=56\" rel=\"category\">Pol\u00edcia<\/a> <a href=\"https:\/\/noticiasbahia360.com.br\/?cat=10\" rel=\"category\">Pol\u00edtica<\/a>","tag_info":"Pol\u00edtica","comment_count":"0","_links":{"self":[{"href":"https:\/\/noticiasbahia360.com.br\/index.php?rest_route=\/wp\/v2\/posts\/87532","targetHints":{"allow":["GET"]}}],"collection":[{"href":"https:\/\/noticiasbahia360.com.br\/index.php?rest_route=\/wp\/v2\/posts"}],"about":[{"href":"https:\/\/noticiasbahia360.com.br\/index.php?rest_route=\/wp\/v2\/types\/post"}],"author":[{"embeddable":true,"href":"https:\/\/noticiasbahia360.com.br\/index.php?rest_route=\/wp\/v2\/users\/1"}],"replies":[{"embeddable":true,"href":"https:\/\/noticiasbahia360.com.br\/index.php?rest_route=%2Fwp%2Fv2%2Fcomments&post=87532"}],"version-history":[{"count":0,"href":"https:\/\/noticiasbahia360.com.br\/index.php?rest_route=\/wp\/v2\/posts\/87532\/revisions"}],"wp:featuredmedia":[{"embeddable":true,"href":"https:\/\/noticiasbahia360.com.br\/index.php?rest_route=\/wp\/v2\/media\/87533"}],"wp:attachment":[{"href":"https:\/\/noticiasbahia360.com.br\/index.php?rest_route=%2Fwp%2Fv2%2Fmedia&parent=87532"}],"wp:term":[{"taxonomy":"category","embeddable":true,"href":"https:\/\/noticiasbahia360.com.br\/index.php?rest_route=%2Fwp%2Fv2%2Fcategories&post=87532"},{"taxonomy":"post_tag","embeddable":true,"href":"https:\/\/noticiasbahia360.com.br\/index.php?rest_route=%2Fwp%2Fv2%2Ftags&post=87532"}],"curies":[{"name":"wp","href":"https:\/\/api.w.org\/{rel}","templated":true}]}}