{"id":87541,"date":"2025-05-26T09:43:49","date_gmt":"2025-05-26T12:43:49","guid":{"rendered":"https:\/\/noticiasbahia360.com.br\/?p=87541"},"modified":"2025-05-26T09:43:49","modified_gmt":"2025-05-26T12:43:49","slug":"creatina-causa-queda-de-cabelo-a-verdade-cientifica-por-tras-do-mito","status":"publish","type":"post","link":"https:\/\/noticiasbahia360.com.br\/?p=87541","title":{"rendered":"Creatina causa queda de cabelo? A verdade cient\u00edfica por tr\u00e1s do mito"},"content":{"rendered":"<div>\n<div>\n<figure><img decoding=\"async\" src=\"http:\/\/noticiasbahia360.com.br\/wp-content\/uploads\/2025\/05\/eDkXRSaO-a-mao-de-uma-mulher-agarra-o-cabelo-que-faltava-na-escova-isolada-no-fundo-branco_483511-7.webp\" alt=\"queda de cabelo\"><figcaption>Foto: Tayhifi5\/Freepik<\/figcaption><\/figure>\n<\/div>\n<p>Com a crescente popularidade da <a href=\"https:\/\/www.acordacidade.com.br\/tag\/creatina\/\">creatina<\/a> como suplemento alimentar, especialmente entre praticantes de muscula\u00e7\u00e3o e esportes de alta performance, tamb\u00e9m surgiram d\u00favidas e mitos em torno de seus poss\u00edveis efeitos colaterais. Um dos questionamentos mais recorrentes \u00e9: \u201cCreatina causa queda de cabelo?\u201d A resposta, segundo especialistas e estudos cient\u00edficos, exige uma an\u00e1lise mais cuidadosa e livre de sensacionalismo.<\/p>\n<p>Para esclarecer essa quest\u00e3o de forma respons\u00e1vel, a farmac\u00eautica esteta, especialista em tricologia, CEO da Cabeloz e refer\u00eancia nacional em sa\u00fade capilar, Danielle Gitti, explica o que a ci\u00eancia realmente diz sobre o assunto e como interpretar corretamente os dados dispon\u00edveis.<\/p>\n<h2 class=\"wp-block-heading\" id=\"h-o-que-e-a-creatina-e-por-que-ela-e-tao-usada\">O que \u00e9 a creatina e por que ela \u00e9 t\u00e3o usada?<\/h2>\n<figure class=\"wp-block-image size-full is-resized\"><img fetchpriority=\"high\" data-dominant-color=\"a5b1bd\" data-has-transparency=\"false\" decoding=\"async\" width=\"640\" height=\"427\" sizes=\"(max-width: 640px) 100vw, 640px\" src=\"http:\/\/noticiasbahia360.com.br\/wp-content\/uploads\/2025\/05\/D4fVrsdl-creatina-foto-freepik-jpg.webp\" alt=\"creatin\" class=\"wp-image-457753 not-transparent\" style=\"--dominant-color: #a5b1bd; width:840px;height:auto\" srcset=\"https:\/\/uploads.acordacidade.com.br\/2024\/10\/D4fVrsdl-creatina-foto-freepik-300x200.webp 300w, https:\/\/uploads.acordacidade.com.br\/2024\/10\/D4fVrsdl-creatina-foto-freepik-150x100.webp 150w, http:\/\/noticiasbahia360.com.br\/wp-content\/uploads\/2025\/05\/D4fVrsdl-creatina-foto-freepik-jpg.webp 640w\"><figcaption class=\"wp-element-caption\">Creatin | Foto: Freepik<\/figcaption><\/figure>\n<p>A creatina \u00e9 um composto naturalmente produzido pelo corpo humano a partir de amino\u00e1cidos como arginina, glicina e metionina. Cerca de 95% da creatina do corpo \u00e9 armazenada nos m\u00fasculos, onde atua na produ\u00e7\u00e3o de energia, especialmente durante exerc\u00edcios de alta intensidade e curta dura\u00e7\u00e3o.<\/p>\n<p>\u201cA creatina \u00e9 um dos suplementos mais estudados do mundo, com efic\u00e1cia comprovada para aumento de for\u00e7a, ganho de massa magra e melhora do desempenho esportivo. No entanto, \u00e9 fundamental entender que o seu uso deve ser acompanhado e bem orientado\u201d, comenta Danielle.<\/p>\n<h2 class=\"wp-block-heading\" id=\"h-a-origem-do-mito-o-que-dizem-os-estudos\">A origem do mito: o que dizem os estudos?<\/h2>\n<p>A rela\u00e7\u00e3o entre creatina e queda de cabelo ganhou destaque em 2009, com a publica\u00e7\u00e3o de um estudo da Universidade de Stellenbosch, na \u00c1frica do Sul, que avaliou 20 jogadores de r\u00fagbi suplementando com creatina. O resultado mostrou um aumento nos n\u00edveis de DHT (dihidrotestosterona) \u2013 um horm\u00f4nio derivado da testosterona relacionado \u00e0 alopecia androgen\u00e9tica, tamb\u00e9m conhecida como calv\u00edcie heredit\u00e1ria.<\/p>\n<p>\u201c\u00c9 importante destacar que esse foi um \u00fanico estudo, com uma amostra muito pequena, e que n\u00e3o houve relato direto de queda de cabelo durante o experimento. O que se observou foi um leve aumento de DHT em alguns participantes \u2013 o que por si s\u00f3 n\u00e3o \u00e9 suficiente para afirmar que a creatina causa calv\u00edcie\u201d, explica Danielle Gitti.<\/p>\n<p>Desde ent\u00e3o, nenhum outro estudo cient\u00edfico de qualidade conseguiu replicar esse resultado ou demonstrar uma rela\u00e7\u00e3o direta entre creatina e perda capilar.<\/p>\n<h2 class=\"wp-block-heading\" id=\"h-a-creatina-causa-calvicie\">A creatina causa calv\u00edcie?<\/h2>\n<p>De acordo com a especialista, n\u00e3o h\u00e1 evid\u00eancia cient\u00edfica robusta de que a creatina cause calv\u00edcie em indiv\u00edduos saud\u00e1veis.<\/p>\n<p>\u201cA creatina n\u00e3o altera diretamente o ciclo capilar e tampouco danifica os fol\u00edculos pilosos. O que pode ocorrer, em indiv\u00edduos geneticamente predispostos \u00e0 calv\u00edcie androgen\u00e9tica, \u00e9 uma poss\u00edvel acelera\u00e7\u00e3o do processo, caso haja aumento significativo de DHT \u2014 mas mesmo isso \u00e9 algo ainda discut\u00edvel\u201d, afirma.<\/p>\n<p>Danielle refor\u00e7a que a alopecia androgen\u00e9tica \u00e9 uma condi\u00e7\u00e3o gen\u00e9tica, e que fatores como estresse, m\u00e1 alimenta\u00e7\u00e3o, doen\u00e7as autoimunes e uso de anabolizantes s\u00e3o muito mais impactantes para a sa\u00fade capilar do que a suplementa\u00e7\u00e3o de creatina.<\/p>\n<h2 class=\"wp-block-heading\" id=\"h-dados-atuais-e-consenso-cientifico\">Dados Atuais e Consenso Cient\u00edfico<\/h2>\n<p>Segundo a International Society of Sports Nutrition (ISSN), em um posicionamento oficial atualizado em 2023, \u201ca creatina \u00e9 segura, eficaz e n\u00e3o h\u00e1 evid\u00eancias de que cause queda de cabelo em pessoas saud\u00e1veis.\u201d<\/p>\n<p>A Revista Clinical Nutrition ESPEN (2024) tamb\u00e9m publicou uma revis\u00e3o sistem\u00e1tica que analisou os efeitos colaterais da creatina e concluiu que n\u00e3o h\u00e1 associa\u00e7\u00e3o estatisticamente significativa entre seu uso e altera\u00e7\u00f5es hormonais clinicamente relevantes.<\/p>\n<h2 class=\"wp-block-heading\" id=\"h-quando-a-queda-de-cabelo-deve-preocupar\">Quando a queda de cabelo deve preocupar?<\/h2>\n<p>Se voc\u00ea est\u00e1 tomando creatina e notou queda de cabelo, \u00e9 importante investigar outras causas:<\/p>\n<ul class=\"wp-block-list\">\n<li>Hist\u00f3rico familiar de calv\u00edcie?<\/li>\n<li>N\u00edveis hormonais desregulados?<\/li>\n<li>Fatores nutricionais ou defici\u00eancia de vitaminas?<\/li>\n<li>Estresse cr\u00f4nico ou uso de medicamentos?<\/li>\n<\/ul>\n<p>\u201cSempre recomendo uma abordagem integrativa. A queda de cabelo pode ser multifatorial, e muitas vezes culpamos o suplemento errado. Na Cabeloz, fazemos uma an\u00e1lise completa, desde exames laboratoriais at\u00e9 avalia\u00e7\u00e3o do couro cabeludo com equipamentos de alta precis\u00e3o, antes de qualquer diagn\u00f3stico\u201d, afirma Danielle.<\/p>\n<h2 class=\"wp-block-heading\" id=\"h-conclusao-pode-usar-creatina-com-tranquilidade\">Conclus\u00e3o: pode usar creatina com tranquilidade?<\/h2>\n<p>Sim \u2014 para a maioria das pessoas saud\u00e1veis, a creatina \u00e9 segura e n\u00e3o causa queda de cabelo. O mito surgiu de uma interpreta\u00e7\u00e3o apressada de um estudo isolado e nunca foi confirmado pela ci\u00eancia.<\/p>\n<figure class=\"wp-block-image size-large\"><img data-dominant-color=\"6f584c\" data-has-transparency=\"false\" style=\"--dominant-color: #6f584c;\" decoding=\"async\" width=\"1024\" height=\"748\" sizes=\"(max-width: 1024px) 100vw, 1024px\" src=\"http:\/\/noticiasbahia360.com.br\/wp-content\/uploads\/2025\/05\/dOCY3icR-creatina-1024x748-1.webp\" alt=\"creatina \" class=\"wp-image-558094 not-transparent\" srcset=\"https:\/\/uploads.acordacidade.com.br\/2025\/05\/dOCY3icR-creatina-300x219.webp 300w, http:\/\/noticiasbahia360.com.br\/wp-content\/uploads\/2025\/05\/dOCY3icR-creatina-1024x748-1.webp 1024w, https:\/\/uploads.acordacidade.com.br\/2025\/05\/dOCY3icR-creatina-768x561.webp 768w, https:\/\/uploads.acordacidade.com.br\/2025\/05\/dOCY3icR-creatina-150x110.webp 150w, https:\/\/uploads.acordacidade.com.br\/2025\/05\/dOCY3icR-creatina.webp 1200w\"><figcaption class=\"wp-element-caption\">Foto: Arquivo Pessoal <\/figcaption><\/figure>\n<p>\u201cMeu conselho \u00e9: se voc\u00ea usa creatina e est\u00e1 notando queda de cabelo, n\u00e3o se apavore. Procure um profissional capacitado para investigar as causas reais. E lembre-se: cuidar da sa\u00fade capilar \u00e9 t\u00e3o importante quanto cuidar do desempenho f\u00edsico\u201d, finaliza Danielle Gitti.<\/p>\n<p><strong>Dica da Especialista<\/strong><\/p>\n<p><strong>Se est\u00e1 come\u00e7ando a suplementar creatina e quer garantir que sua sa\u00fade capilar esteja protegida:<\/strong><\/p>\n<ul class=\"wp-block-list\">\n<li>Fa\u00e7a uma avalia\u00e7\u00e3o tric\u00f3logica completa<\/li>\n<li>Monitore seus n\u00edveis hormonais com exames peri\u00f3dicos<\/li>\n<li>Evite automedica\u00e7\u00e3o e suplementos em excesso<\/li>\n<li>Mantenha uma rotina de cuidados com couro cabeludo e fios, finaliza Dra Danielle Gitti.<\/li>\n<\/ul>\n<p><em>Siga o Acorda Cidade no<\/em><a href=\"https:\/\/news.google.com\/search?q=acorda%20cidade&amp;hl=pt-BR&amp;gl=BR&amp;ceid=BR%3Apt-419\"><strong><em>\u00a0Google Not\u00edcias<\/em><\/strong><\/a><em>\u00a0e receba os principais destaques do dia. Participe tamb\u00e9m dos nossos canais no\u00a0<\/em><a href=\"https:\/\/www.whatsapp.com\/channel\/0029Va6Rb4v3WHTNnsh8WI3N\"><strong><em>WhatsApp<\/em><\/strong><\/a><em>\u00a0e\u00a0<\/em><a href=\"https:\/\/www.youtube.com\/@acordacidadenoticias\/videos\"><strong>Youtube<\/strong><\/a><em>\u00a0e grupo de\u00a0<\/em><a href=\"https:\/\/t.me\/+sSz0khrgARA0ZmRh\"><strong><em>Telegram<\/em><\/strong><\/a><em>.<\/em><\/p>\n<\/div>\n","protected":false},"excerpt":{"rendered":"<div>\n<div>\n<figure><img decoding=\"async\" src=\"https:\/\/uploads.acordacidade.com.br\/2025\/05\/eDkXRSaO-a-mao-de-uma-mulher-agarra-o-cabelo-que-faltava-na-escova-isolada-no-fundo-branco_483511-7.webp\" alt=\"queda de cabelo\"><figcaption>Foto: Tayhifi5\/Freepik<\/figcaption><\/figure>\n<\/div>\n<p>A creatina \u00e9 um composto naturalmente produzido pelo corpo humano a partir de amino\u00e1cidos como arginina, glicina e metionina.<\/p><\/div>\n","protected":false},"author":1,"featured_media":87542,"comment_status":"closed","ping_status":"closed","sticky":false,"template":"","format":"gallery","meta":{"footnotes":""},"categories":[8,9,6,57,56,10],"tags":[],"class_list":["post-87541","post","type-post","status-publish","format-gallery","has-post-thumbnail","hentry","category-bahia","category-brasil","category-feira-de-santana","category-mundo","category-policia","category-politica","post_format-post-format-gallery"],"featured_image_urls":{"full":["https:\/\/noticiasbahia360.com.br\/wp-content\/uploads\/2025\/05\/eDkXRSaO-a-mao-de-uma-mulher-agarra-o-cabelo-que-faltava-na-escova-isolada-no-fundo-branco_483511-7.webp",1200,799,false],"thumbnail":["https:\/\/noticiasbahia360.com.br\/wp-content\/uploads\/2025\/05\/eDkXRSaO-a-mao-de-uma-mulher-agarra-o-cabelo-que-faltava-na-escova-isolada-no-fundo-branco_483511-7-150x150.webp",150,150,true],"medium":["https:\/\/noticiasbahia360.com.br\/wp-content\/uploads\/2025\/05\/eDkXRSaO-a-mao-de-uma-mulher-agarra-o-cabelo-que-faltava-na-escova-isolada-no-fundo-branco_483511-7-300x200.webp",300,200,true],"medium_large":["https:\/\/noticiasbahia360.com.br\/wp-content\/uploads\/2025\/05\/eDkXRSaO-a-mao-de-uma-mulher-agarra-o-cabelo-que-faltava-na-escova-isolada-no-fundo-branco_483511-7-768x511.webp",640,426,true],"large":["https:\/\/noticiasbahia360.com.br\/wp-content\/uploads\/2025\/05\/eDkXRSaO-a-mao-de-uma-mulher-agarra-o-cabelo-que-faltava-na-escova-isolada-no-fundo-branco_483511-7-1024x682.webp",640,426,true],"1536x1536":["https:\/\/noticiasbahia360.com.br\/wp-content\/uploads\/2025\/05\/eDkXRSaO-a-mao-de-uma-mulher-agarra-o-cabelo-que-faltava-na-escova-isolada-no-fundo-branco_483511-7.webp",1200,799,false],"2048x2048":["https:\/\/noticiasbahia360.com.br\/wp-content\/uploads\/2025\/05\/eDkXRSaO-a-mao-de-uma-mulher-agarra-o-cabelo-que-faltava-na-escova-isolada-no-fundo-branco_483511-7.webp",1200,799,false],"chromenews-featured":["https:\/\/noticiasbahia360.com.br\/wp-content\/uploads\/2025\/05\/eDkXRSaO-a-mao-de-uma-mulher-agarra-o-cabelo-que-faltava-na-escova-isolada-no-fundo-branco_483511-7-1024x682.webp",1024,682,true],"chromenews-large":["https:\/\/noticiasbahia360.com.br\/wp-content\/uploads\/2025\/05\/eDkXRSaO-a-mao-de-uma-mulher-agarra-o-cabelo-que-faltava-na-escova-isolada-no-fundo-branco_483511-7-825x575.webp",825,575,true],"chromenews-medium":["https:\/\/noticiasbahia360.com.br\/wp-content\/uploads\/2025\/05\/eDkXRSaO-a-mao-de-uma-mulher-agarra-o-cabelo-que-faltava-na-escova-isolada-no-fundo-branco_483511-7-590x410.webp",590,410,true]},"author_info":{"display_name":"noticiasbahia360.com.br","author_link":"https:\/\/noticiasbahia360.com.br\/?author=1"},"category_info":"<a href=\"https:\/\/noticiasbahia360.com.br\/?cat=8\" rel=\"category\">Bahia<\/a> <a href=\"https:\/\/noticiasbahia360.com.br\/?cat=9\" rel=\"category\">Brasil<\/a> <a href=\"https:\/\/noticiasbahia360.com.br\/?cat=6\" rel=\"category\">Feira de Santana<\/a> <a href=\"https:\/\/noticiasbahia360.com.br\/?cat=57\" rel=\"category\">Mundo<\/a> <a href=\"https:\/\/noticiasbahia360.com.br\/?cat=56\" rel=\"category\">Pol\u00edcia<\/a> <a href=\"https:\/\/noticiasbahia360.com.br\/?cat=10\" rel=\"category\">Pol\u00edtica<\/a>","tag_info":"Pol\u00edtica","comment_count":"0","_links":{"self":[{"href":"https:\/\/noticiasbahia360.com.br\/index.php?rest_route=\/wp\/v2\/posts\/87541","targetHints":{"allow":["GET"]}}],"collection":[{"href":"https:\/\/noticiasbahia360.com.br\/index.php?rest_route=\/wp\/v2\/posts"}],"about":[{"href":"https:\/\/noticiasbahia360.com.br\/index.php?rest_route=\/wp\/v2\/types\/post"}],"author":[{"embeddable":true,"href":"https:\/\/noticiasbahia360.com.br\/index.php?rest_route=\/wp\/v2\/users\/1"}],"replies":[{"embeddable":true,"href":"https:\/\/noticiasbahia360.com.br\/index.php?rest_route=%2Fwp%2Fv2%2Fcomments&post=87541"}],"version-history":[{"count":0,"href":"https:\/\/noticiasbahia360.com.br\/index.php?rest_route=\/wp\/v2\/posts\/87541\/revisions"}],"wp:featuredmedia":[{"embeddable":true,"href":"https:\/\/noticiasbahia360.com.br\/index.php?rest_route=\/wp\/v2\/media\/87542"}],"wp:attachment":[{"href":"https:\/\/noticiasbahia360.com.br\/index.php?rest_route=%2Fwp%2Fv2%2Fmedia&parent=87541"}],"wp:term":[{"taxonomy":"category","embeddable":true,"href":"https:\/\/noticiasbahia360.com.br\/index.php?rest_route=%2Fwp%2Fv2%2Fcategories&post=87541"},{"taxonomy":"post_tag","embeddable":true,"href":"https:\/\/noticiasbahia360.com.br\/index.php?rest_route=%2Fwp%2Fv2%2Ftags&post=87541"}],"curies":[{"name":"wp","href":"https:\/\/api.w.org\/{rel}","templated":true}]}}