{"id":87558,"date":"2025-05-26T10:38:44","date_gmt":"2025-05-26T13:38:44","guid":{"rendered":"https:\/\/noticiasbahia360.com.br\/?p=87558"},"modified":"2025-05-26T10:38:44","modified_gmt":"2025-05-26T13:38:44","slug":"operacao-lockdown-realiza-59-prisoes-de-integrantes-de-faccoes-interestaduais","status":"publish","type":"post","link":"https:\/\/noticiasbahia360.com.br\/?p=87558","title":{"rendered":"Opera\u00e7\u00e3o Lockdown realiza 59 pris\u00f5es de integrantes de fac\u00e7\u00f5es interestaduais"},"content":{"rendered":"<div>\n<div>\n<figure><img decoding=\"async\" src=\"http:\/\/noticiasbahia360.com.br\/wp-content\/uploads\/2025\/05\/YclHcSh1-Operacao-Lockdown-policia-penal-militar-seap.webp\" alt=\"Opera\u00e7\u00e3o Lockdown - fac\u00e7\u00f5es criminosas\"><figcaption>Foto: Ascom\/Seap<\/figcaption><\/figure>\n<\/div>\n<p>A <a href=\"http:\/\/noticiasbahia360.com.br\/wp-content\/uploads\/2025\/05\/YclHcSh1-Operacao-Lockdown-policia-penal-militar-seap.webp\">Opera\u00e7\u00e3o Lockdown<\/a> (SSP, Seap, PM, PC, DPT e PRF) chegou \u00e0 marca, na manh\u00e3 desta segunda-feira (26), de 59 integrantes de <a href=\"https:\/\/www.acordacidade.com.br\/tag\/faccoes-criminosas\/\">fac\u00e7\u00f5es<\/a> interestaduais capturados. Os grupos possuem envolvimento com tr\u00e1ficos de armas e drogas, homic\u00eddios, lavagem de dinheiro, roubo e corrup\u00e7\u00e3o de menores.<\/p>\n<figure class=\"wp-block-image size-large\"><img fetchpriority=\"high\" data-dominant-color=\"767e82\" data-has-transparency=\"false\" style=\"--dominant-color: #767e82;\" fetchpriority=\"high\" decoding=\"async\" width=\"1024\" height=\"713\" sizes=\"(max-width: 1024px) 100vw, 1024px\" src=\"http:\/\/noticiasbahia360.com.br\/wp-content\/uploads\/2025\/05\/PNOE6flX-Operacao-Lockdown-policia-penal-militar-seap-1024x713-1.webp\" alt=\"Opera\u00e7\u00e3o Lockdown - fac\u00e7\u00f5es criminosas\" class=\"wp-image-558150 not-transparent\" srcset=\"https:\/\/uploads.acordacidade.com.br\/2025\/05\/PNOE6flX-Operacao-Lockdown-policia-penal-militar-seap--300x209.webp 300w, http:\/\/noticiasbahia360.com.br\/wp-content\/uploads\/2025\/05\/PNOE6flX-Operacao-Lockdown-policia-penal-militar-seap-1024x713-1.webp 1024w, https:\/\/uploads.acordacidade.com.br\/2025\/05\/PNOE6flX-Operacao-Lockdown-policia-penal-militar-seap--768x535.webp 768w, https:\/\/uploads.acordacidade.com.br\/2025\/05\/PNOE6flX-Operacao-Lockdown-policia-penal-militar-seap--150x105.webp 150w, https:\/\/uploads.acordacidade.com.br\/2025\/05\/PNOE6flX-Operacao-Lockdown-policia-penal-militar-seap-.webp 1200w\"><figcaption class=\"wp-element-caption\">Foto: Ascom\/\/Seap <\/figcaption><\/figure>\n<p>Desdobramentos da a\u00e7\u00e3o integrada entre For\u00e7as Estaduais e Federais ser\u00e3o anunciados durante coletiva, \u00e0s 11h, no Centro de Opera\u00e7\u00f5es e Intelig\u00eancia (COI), no CAB.<\/p>\n<p>A opera\u00e7\u00e3o tem como objetivos intensificar o combate \u00e0s fac\u00e7\u00f5es interestaduais nas regi\u00f5es de divisa da Bahia, com fiscaliza\u00e7\u00e3o nas rodovias, cumprimentos de mandados e amplia\u00e7\u00e3o das revistas no sistema prisional.<\/p>\n<p><em>Siga o Acorda Cidade no<\/em><a href=\"https:\/\/news.google.com\/search?q=acorda%20cidade&amp;hl=pt-BR&amp;gl=BR&amp;ceid=BR%3Apt-419\"><strong><em>\u00a0Google Not\u00edcias<\/em><\/strong><\/a><em>\u00a0e receba os principais destaques do dia. Participe tamb\u00e9m dos nossos canais no\u00a0<\/em><a href=\"https:\/\/www.whatsapp.com\/channel\/0029Va6Rb4v3WHTNnsh8WI3N\"><strong><em>WhatsApp<\/em><\/strong><\/a><em>\u00a0e\u00a0<\/em><a href=\"https:\/\/www.youtube.com\/@acordacidadenoticias\/videos\"><strong>Youtube<\/strong><\/a><em>\u00a0e grupo de\u00a0<\/em><a href=\"https:\/\/t.me\/+sSz0khrgARA0ZmRh\"><strong><em>Telegram<\/em><\/strong><\/a><em>.<\/em><\/p>\n<\/div>\n","protected":false},"excerpt":{"rendered":"<div>\n<div>\n<figure><img decoding=\"async\" src=\"https:\/\/uploads.acordacidade.com.br\/2025\/05\/YclHcSh1-Operacao-Lockdown-policia-penal-militar-seap.webp\" alt=\"Opera\u00e7\u00e3o Lockdown - fac\u00e7\u00f5es criminosas\"><figcaption>Foto: Ascom\/Seap<\/figcaption><\/figure>\n<\/div>\n<p>Desdobramentos da a\u00e7\u00e3o integrada entre For\u00e7as Estaduais e Federais ser\u00e3o anunciados durante coletiva, \u00e0s 11h, no COI, no CAB.<\/p><\/div>\n","protected":false},"author":1,"featured_media":87559,"comment_status":"closed","ping_status":"closed","sticky":false,"template":"","format":"gallery","meta":{"footnotes":""},"categories":[8,9,6,57,56,10],"tags":[],"class_list":["post-87558","post","type-post","status-publish","format-gallery","has-post-thumbnail","hentry","category-bahia","category-brasil","category-feira-de-santana","category-mundo","category-policia","category-politica","post_format-post-format-gallery"],"featured_image_urls":{"full":["https:\/\/noticiasbahia360.com.br\/wp-content\/uploads\/2025\/05\/YclHcSh1-Operacao-Lockdown-policia-penal-militar-seap.webp",1200,836,false],"thumbnail":["https:\/\/noticiasbahia360.com.br\/wp-content\/uploads\/2025\/05\/YclHcSh1-Operacao-Lockdown-policia-penal-militar-seap-150x150.webp",150,150,true],"medium":["https:\/\/noticiasbahia360.com.br\/wp-content\/uploads\/2025\/05\/YclHcSh1-Operacao-Lockdown-policia-penal-militar-seap-300x209.webp",300,209,true],"medium_large":["https:\/\/noticiasbahia360.com.br\/wp-content\/uploads\/2025\/05\/YclHcSh1-Operacao-Lockdown-policia-penal-militar-seap-768x535.webp",640,446,true],"large":["https:\/\/noticiasbahia360.com.br\/wp-content\/uploads\/2025\/05\/YclHcSh1-Operacao-Lockdown-policia-penal-militar-seap-1024x713.webp",640,446,true],"1536x1536":["https:\/\/noticiasbahia360.com.br\/wp-content\/uploads\/2025\/05\/YclHcSh1-Operacao-Lockdown-policia-penal-militar-seap.webp",1200,836,false],"2048x2048":["https:\/\/noticiasbahia360.com.br\/wp-content\/uploads\/2025\/05\/YclHcSh1-Operacao-Lockdown-policia-penal-militar-seap.webp",1200,836,false],"chromenews-featured":["https:\/\/noticiasbahia360.com.br\/wp-content\/uploads\/2025\/05\/YclHcSh1-Operacao-Lockdown-policia-penal-militar-seap-1024x713.webp",1024,713,true],"chromenews-large":["https:\/\/noticiasbahia360.com.br\/wp-content\/uploads\/2025\/05\/YclHcSh1-Operacao-Lockdown-policia-penal-militar-seap-825x575.webp",825,575,true],"chromenews-medium":["https:\/\/noticiasbahia360.com.br\/wp-content\/uploads\/2025\/05\/YclHcSh1-Operacao-Lockdown-policia-penal-militar-seap-590x410.webp",590,410,true]},"author_info":{"display_name":"noticiasbahia360.com.br","author_link":"https:\/\/noticiasbahia360.com.br\/?author=1"},"category_info":"<a href=\"https:\/\/noticiasbahia360.com.br\/?cat=8\" rel=\"category\">Bahia<\/a> <a href=\"https:\/\/noticiasbahia360.com.br\/?cat=9\" rel=\"category\">Brasil<\/a> <a href=\"https:\/\/noticiasbahia360.com.br\/?cat=6\" rel=\"category\">Feira de Santana<\/a> <a href=\"https:\/\/noticiasbahia360.com.br\/?cat=57\" rel=\"category\">Mundo<\/a> <a href=\"https:\/\/noticiasbahia360.com.br\/?cat=56\" rel=\"category\">Pol\u00edcia<\/a> <a href=\"https:\/\/noticiasbahia360.com.br\/?cat=10\" rel=\"category\">Pol\u00edtica<\/a>","tag_info":"Pol\u00edtica","comment_count":"0","_links":{"self":[{"href":"https:\/\/noticiasbahia360.com.br\/index.php?rest_route=\/wp\/v2\/posts\/87558","targetHints":{"allow":["GET"]}}],"collection":[{"href":"https:\/\/noticiasbahia360.com.br\/index.php?rest_route=\/wp\/v2\/posts"}],"about":[{"href":"https:\/\/noticiasbahia360.com.br\/index.php?rest_route=\/wp\/v2\/types\/post"}],"author":[{"embeddable":true,"href":"https:\/\/noticiasbahia360.com.br\/index.php?rest_route=\/wp\/v2\/users\/1"}],"replies":[{"embeddable":true,"href":"https:\/\/noticiasbahia360.com.br\/index.php?rest_route=%2Fwp%2Fv2%2Fcomments&post=87558"}],"version-history":[{"count":0,"href":"https:\/\/noticiasbahia360.com.br\/index.php?rest_route=\/wp\/v2\/posts\/87558\/revisions"}],"wp:featuredmedia":[{"embeddable":true,"href":"https:\/\/noticiasbahia360.com.br\/index.php?rest_route=\/wp\/v2\/media\/87559"}],"wp:attachment":[{"href":"https:\/\/noticiasbahia360.com.br\/index.php?rest_route=%2Fwp%2Fv2%2Fmedia&parent=87558"}],"wp:term":[{"taxonomy":"category","embeddable":true,"href":"https:\/\/noticiasbahia360.com.br\/index.php?rest_route=%2Fwp%2Fv2%2Fcategories&post=87558"},{"taxonomy":"post_tag","embeddable":true,"href":"https:\/\/noticiasbahia360.com.br\/index.php?rest_route=%2Fwp%2Fv2%2Ftags&post=87558"}],"curies":[{"name":"wp","href":"https:\/\/api.w.org\/{rel}","templated":true}]}} 