{"id":87561,"date":"2025-05-26T10:58:56","date_gmt":"2025-05-26T13:58:56","guid":{"rendered":"https:\/\/noticiasbahia360.com.br\/?p=87561"},"modified":"2025-05-26T10:58:56","modified_gmt":"2025-05-26T13:58:56","slug":"gestante-da-a-luz-no-quartel-da-39a-cipm-em-salvador","status":"publish","type":"post","link":"https:\/\/noticiasbahia360.com.br\/?p=87561","title":{"rendered":"Gestante d\u00e1 \u00e0 luz no quartel da 39\u00aa CIPM em Salvador"},"content":{"rendered":"<div>\n<div>\n<figure><img decoding=\"async\" src=\"http:\/\/noticiasbahia360.com.br\/wp-content\/uploads\/2025\/05\/fB6HfAVZ-gestante-da-a-luz-em-quartel.webp\" alt=\"gestante d\u00e1 \u00e0 luz em quartel\"><figcaption>Foto: Ascom\/PM<\/figcaption><\/figure>\n<\/div>\n<p>Na madrugada desta segunda-feira (26), uma gestante deu \u00e0 luz a um menino na sede da 39\u00aa Companhia Independente de Pol\u00edcia Militar (CIPM), localizada no bairro da Boca do Rio, em <a href=\"https:\/\/www.acordacidade.com.br\/tag\/salvador-3\/\">Salvador<\/a>.<\/p>\n<p>Os policiais militares que estavam de servi\u00e7o na unidade foram surpreendidos pelo pedido de ajuda feito por uma gestante, que estava em trabalho de parto, por volta das 3h30. Vit\u00f3ria Barbosa dos Santos pediu apoio para se deslocar at\u00e9 uma unidade hospitalar diante das contra\u00e7\u00f5es que estava sentindo e prontamente foi acomodada nas instala\u00e7\u00f5es do quartel da 39\u00aa CIPM.<\/p>\n<p>Enquanto aguardava a chegada do Samu, que havia sido acionado para fazer a condu\u00e7\u00e3o segura e assistida diante do estado da parturiente, as contra\u00e7\u00f5es aumentaram e ela deu \u00e0 luz no interior do quartel da Pol\u00edcia Militar com o apoio dos policiais militares: subtenente Luiz Carlos, cabo Eduardo e dos soldados M\u00e1rio, Vaniel e Albert.<\/p>\n<p>Minutos ap\u00f3s o parto, a equipe do Samu chegou, procedeu o atendimento m\u00e9dico e a prepara\u00e7\u00e3o para a condu\u00e7\u00e3o da parturiente e do beb\u00ea at\u00e9 o hospital.<\/p>\n<figure class=\"wp-block-image size-large\"><img fetchpriority=\"high\" data-dominant-color=\"4e423e\" data-has-transparency=\"false\" style=\"--dominant-color: #4e423e;\" fetchpriority=\"high\" decoding=\"async\" width=\"1024\" height=\"665\" sizes=\"(max-width: 1024px) 100vw, 1024px\" src=\"http:\/\/noticiasbahia360.com.br\/wp-content\/uploads\/2025\/05\/7WUWA8gL-gestante-da-luz-emm-quartel-1024x665-1.webp\" alt=\"gestante d\u00e1 \u00e0 luz em quartel\" class=\"wp-image-558163 not-transparent\" srcset=\"https:\/\/uploads.acordacidade.com.br\/2025\/05\/7WUWA8gL-gestante-da-luz-emm-quartel--300x195.webp 300w, http:\/\/noticiasbahia360.com.br\/wp-content\/uploads\/2025\/05\/7WUWA8gL-gestante-da-luz-emm-quartel-1024x665-1.webp 1024w, https:\/\/uploads.acordacidade.com.br\/2025\/05\/7WUWA8gL-gestante-da-luz-emm-quartel--768x499.webp 768w, https:\/\/uploads.acordacidade.com.br\/2025\/05\/7WUWA8gL-gestante-da-luz-emm-quartel--150x97.webp 150w, https:\/\/uploads.acordacidade.com.br\/2025\/05\/7WUWA8gL-gestante-da-luz-emm-quartel-.webp 1200w\"><figcaption class=\"wp-element-caption\">Foto: Ascom\/PM<\/figcaption><\/figure>\n<p>O comandante da 39\u00aa CIPM, major Atan\u00e1sio, destacou a a\u00e7\u00e3o dos policiais no acolhimento de uma m\u00e3e que est\u00e1 em um contexto de vulnerabilidade social, enaltecendo que o \u201cservir e proteger\u201d resumem a ess\u00eancia da atividade policial militar.<\/p>\n<p>\u201cA necessidade levou a esta m\u00e3e buscar o suporte da Pol\u00edcia Militar para que pudesse trazer seu filho ao mundo. E para orgulho nosso, n\u00e3o s\u00f3 como comandante, mas como cidad\u00e3o, os policiais militares deram demonstra\u00e7\u00e3o de profissionalismo e de humanidade para prover, nas condi\u00e7\u00f5es dispon\u00edveis, o melhor para garantir a chegada de uma nova vida. Uma conduta extremamente louv\u00e1vel\u201d, revelou o major.<\/p>\n<p><em>Siga o Acorda Cidade no<\/em><a href=\"https:\/\/news.google.com\/search?q=acorda%20cidade&amp;hl=pt-BR&amp;gl=BR&amp;ceid=BR%3Apt-419\"><strong><em>\u00a0Google Not\u00edcias<\/em><\/strong><\/a><em>\u00a0e receba os principais destaques do dia. Participe tamb\u00e9m dos nossos canais no\u00a0<\/em><a href=\"https:\/\/www.whatsapp.com\/channel\/0029Va6Rb4v3WHTNnsh8WI3N\"><strong><em>WhatsApp<\/em><\/strong><\/a><em>\u00a0e\u00a0<\/em><a href=\"https:\/\/www.youtube.com\/@acordacidadenoticias\/videos\"><strong>Youtube<\/strong><\/a><em>\u00a0e grupo de\u00a0<\/em><a href=\"https:\/\/t.me\/+sSz0khrgARA0ZmRh\"><strong><em>Telegram<\/em><\/strong><\/a><em>.<\/em><\/p>\n<\/div>\n","protected":false},"excerpt":{"rendered":"<div>\n<div>\n<figure><img decoding=\"async\" src=\"https:\/\/uploads.acordacidade.com.br\/2025\/05\/fB6HfAVZ-gestante-da-a-luz-em-quartel.webp\" alt=\"gestante d\u00e1 \u00e0 luz em quartel\"><figcaption>Foto: Ascom\/PM<\/figcaption><\/figure>\n<\/div>\n<p>A gestante pediu apoio para se deslocar at\u00e9 uma unidade hospitalar diante das contra\u00e7\u00f5es e foi acomodada nas instala\u00e7\u00f5es do quartel.<\/p><\/div>\n","protected":false},"author":1,"featured_media":87562,"comment_status":"closed","ping_status":"closed","sticky":false,"template":"","format":"gallery","meta":{"footnotes":""},"categories":[8,9,6,57,56,10],"tags":[],"class_list":["post-87561","post","type-post","status-publish","format-gallery","has-post-thumbnail","hentry","category-bahia","category-brasil","category-feira-de-santana","category-mundo","category-policia","category-politica","post_format-post-format-gallery"],"featured_image_urls":{"full":["https:\/\/noticiasbahia360.com.br\/wp-content\/uploads\/2025\/05\/fB6HfAVZ-gestante-da-a-luz-em-quartel.webp",1200,779,false],"thumbnail":["https:\/\/noticiasbahia360.com.br\/wp-content\/uploads\/2025\/05\/fB6HfAVZ-gestante-da-a-luz-em-quartel-150x150.webp",150,150,true],"medium":["https:\/\/noticiasbahia360.com.br\/wp-content\/uploads\/2025\/05\/fB6HfAVZ-gestante-da-a-luz-em-quartel-300x195.webp",300,195,true],"medium_large":["https:\/\/noticiasbahia360.com.br\/wp-content\/uploads\/2025\/05\/fB6HfAVZ-gestante-da-a-luz-em-quartel-768x499.webp",640,416,true],"large":["https:\/\/noticiasbahia360.com.br\/wp-content\/uploads\/2025\/05\/fB6HfAVZ-gestante-da-a-luz-em-quartel-1024x665.webp",640,416,true],"1536x1536":["https:\/\/noticiasbahia360.com.br\/wp-content\/uploads\/2025\/05\/fB6HfAVZ-gestante-da-a-luz-em-quartel.webp",1200,779,false],"2048x2048":["https:\/\/noticiasbahia360.com.br\/wp-content\/uploads\/2025\/05\/fB6HfAVZ-gestante-da-a-luz-em-quartel.webp",1200,779,false],"chromenews-featured":["https:\/\/noticiasbahia360.com.br\/wp-content\/uploads\/2025\/05\/fB6HfAVZ-gestante-da-a-luz-em-quartel-1024x665.webp",1024,665,true],"chromenews-large":["https:\/\/noticiasbahia360.com.br\/wp-content\/uploads\/2025\/05\/fB6HfAVZ-gestante-da-a-luz-em-quartel-825x575.webp",825,575,true],"chromenews-medium":["https:\/\/noticiasbahia360.com.br\/wp-content\/uploads\/2025\/05\/fB6HfAVZ-gestante-da-a-luz-em-quartel-590x410.webp",590,410,true]},"author_info":{"display_name":"noticiasbahia360.com.br","author_link":"https:\/\/noticiasbahia360.com.br\/?author=1"},"category_info":"<a href=\"https:\/\/noticiasbahia360.com.br\/?cat=8\" rel=\"category\">Bahia<\/a> <a href=\"https:\/\/noticiasbahia360.com.br\/?cat=9\" rel=\"category\">Brasil<\/a> <a href=\"https:\/\/noticiasbahia360.com.br\/?cat=6\" rel=\"category\">Feira de Santana<\/a> <a href=\"https:\/\/noticiasbahia360.com.br\/?cat=57\" rel=\"category\">Mundo<\/a> <a href=\"https:\/\/noticiasbahia360.com.br\/?cat=56\" rel=\"category\">Pol\u00edcia<\/a> <a href=\"https:\/\/noticiasbahia360.com.br\/?cat=10\" rel=\"category\">Pol\u00edtica<\/a>","tag_info":"Pol\u00edtica","comment_count":"0","_links":{"self":[{"href":"https:\/\/noticiasbahia360.com.br\/index.php?rest_route=\/wp\/v2\/posts\/87561","targetHints":{"allow":["GET"]}}],"collection":[{"href":"https:\/\/noticiasbahia360.com.br\/index.php?rest_route=\/wp\/v2\/posts"}],"about":[{"href":"https:\/\/noticiasbahia360.com.br\/index.php?rest_route=\/wp\/v2\/types\/post"}],"author":[{"embeddable":true,"href":"https:\/\/noticiasbahia360.com.br\/index.php?rest_route=\/wp\/v2\/users\/1"}],"replies":[{"embeddable":true,"href":"https:\/\/noticiasbahia360.com.br\/index.php?rest_route=%2Fwp%2Fv2%2Fcomments&post=87561"}],"version-history":[{"count":0,"href":"https:\/\/noticiasbahia360.com.br\/index.php?rest_route=\/wp\/v2\/posts\/87561\/revisions"}],"wp:featuredmedia":[{"embeddable":true,"href":"https:\/\/noticiasbahia360.com.br\/index.php?rest_route=\/wp\/v2\/media\/87562"}],"wp:attachment":[{"href":"https:\/\/noticiasbahia360.com.br\/index.php?rest_route=%2Fwp%2Fv2%2Fmedia&parent=87561"}],"wp:term":[{"taxonomy":"category","embeddable":true,"href":"https:\/\/noticiasbahia360.com.br\/index.php?rest_route=%2Fwp%2Fv2%2Fcategories&post=87561"},{"taxonomy":"post_tag","embeddable":true,"href":"https:\/\/noticiasbahia360.com.br\/index.php?rest_route=%2Fwp%2Fv2%2Ftags&post=87561"}],"curies":[{"name":"wp","href":"https:\/\/api.w.org\/{rel}","templated":true}]}}