{"id":87564,"date":"2025-05-26T11:08:14","date_gmt":"2025-05-26T14:08:14","guid":{"rendered":"https:\/\/noticiasbahia360.com.br\/?p=87564"},"modified":"2025-05-26T11:08:14","modified_gmt":"2025-05-26T14:08:14","slug":"acusado-de-estuprar-a-neta-e-preso-em-caetanos-ele-estava-foragido-ha-tres-anos","status":"publish","type":"post","link":"https:\/\/noticiasbahia360.com.br\/?p=87564","title":{"rendered":"Acusado de estuprar a neta \u00e9 preso em Caetanos; ele estava foragido h\u00e1 tr\u00eas anos"},"content":{"rendered":"<div>\n<div>\n<figure><img decoding=\"async\" src=\"http:\/\/noticiasbahia360.com.br\/wp-content\/uploads\/2025\/05\/FCHgbroX-Avo-acusado-de-estuprar-neta.webp\" alt=\"Av\u00f4 acusado de estuprar neta\"><figcaption>Foto: Divulga\u00e7\u00e3o\/ Ascom- PCBA<\/figcaption><\/figure>\n<\/div>\n<p>Um homem de 59 anos foi preso no s\u00e1bado (24), no distrito de Caldeir\u00e3o, zona rural do munic\u00edpio de Caetanos, acusado de <a href=\"https:\/\/www.acordacidade.com.br\/tag\/estupro-de-vulneravel\/\">estuprar<\/a> a pr\u00f3pria neta. O crime foi investigado pela Delegacia Territorial de Caetanos e teve in\u00edcio em 2022, ap\u00f3s den\u00fancia encaminhada pelo Conselho Tutelar.<\/p>\n<p>De acordo com o inqu\u00e9rito, a v\u00edtima tinha 11 anos na \u00e9poca dos abusos. O crime foi confirmado por meio de laudo de constata\u00e7\u00e3o de conjun\u00e7\u00e3o carnal, realizado pelo Departamento de Pol\u00edcia T\u00e9cnica (DPT) de Vit\u00f3ria da Conquista. Com a conclus\u00e3o das investiga\u00e7\u00f5es, a Pol\u00edcia Civil representou pela pris\u00e3o preventiva do acusado, que foi deferida pela Justi\u00e7a da Comarca de Po\u00e7\u00f5es.<\/p>\n<p>Foragido h\u00e1 tr\u00eas anos, o homem chegou a residir em outros estados e, ao retornar \u00e0 Bahia, dormia e trabalhava em diferentes propriedades na zona rural para dificultar sua localiza\u00e7\u00e3o. Ele foi capturado ap\u00f3s den\u00fancias an\u00f4nimas e dilig\u00eancias de intelig\u00eancia da unidade policial.<\/p>\n<p>Ap\u00f3s exame de les\u00f5es corporais, o preso foi encaminhado ao Conjunto Penal de Vit\u00f3ria da Conquista, onde permanece custodiado \u00e0 disposi\u00e7\u00e3o da Justi\u00e7a. Informa\u00e7\u00f5es sobre a v\u00edtima n\u00e3o ser\u00e3o divulgadas, em respeito ao Estatuto da Crian\u00e7a e do Adolescente (ECA).<\/p>\n<p><em>Siga o Acorda Cidade no<\/em><a href=\"https:\/\/news.google.com\/search?q=acorda%20cidade&amp;hl=pt-BR&amp;gl=BR&amp;ceid=BR%3Apt-419\"><strong><em>\u00a0Google Not\u00edcias<\/em><\/strong><\/a><em>\u00a0e receba os principais destaques do dia. Participe tamb\u00e9m dos nossos canais no\u00a0<\/em><a href=\"https:\/\/www.whatsapp.com\/channel\/0029Va6Rb4v3WHTNnsh8WI3N\"><strong><em>WhatsApp<\/em><\/strong><\/a><em>\u00a0e\u00a0<\/em><a href=\"https:\/\/www.youtube.com\/@acordacidadenoticias\/videos\"><strong>Youtube<\/strong><\/a><em>\u00a0e grupo de\u00a0<\/em><a href=\"https:\/\/t.me\/+sSz0khrgARA0ZmRh\"><strong><em>Telegram<\/em><\/strong><\/a><em>.<\/em><\/p>\n<\/div>\n","protected":false},"excerpt":{"rendered":"<div>\n<div>\n<figure><img decoding=\"async\" src=\"https:\/\/uploads.acordacidade.com.br\/2025\/05\/FCHgbroX-Avo-acusado-de-estuprar-neta.webp\" alt=\"Av\u00f4 acusado de estuprar neta\"><figcaption>Foto: Divulga\u00e7\u00e3o\/ Ascom- PCBA<\/figcaption><\/figure>\n<\/div>\n<p>O homem se escondia em \u00e1reas rurais e chegou a morar em outros estados para evitar a pris\u00e3o.<\/p><\/div>\n","protected":false},"author":1,"featured_media":87565,"comment_status":"closed","ping_status":"closed","sticky":false,"template":"","format":"gallery","meta":{"footnotes":""},"categories":[8,9,6,57,56,10],"tags":[],"class_list":["post-87564","post","type-post","status-publish","format-gallery","has-post-thumbnail","hentry","category-bahia","category-brasil","category-feira-de-santana","category-mundo","category-policia","category-politica","post_format-post-format-gallery"],"featured_image_urls":{"full":["https:\/\/noticiasbahia360.com.br\/wp-content\/uploads\/2025\/05\/FCHgbroX-Avo-acusado-de-estuprar-neta.webp",1200,779,false],"thumbnail":["https:\/\/noticiasbahia360.com.br\/wp-content\/uploads\/2025\/05\/FCHgbroX-Avo-acusado-de-estuprar-neta-150x150.webp",150,150,true],"medium":["https:\/\/noticiasbahia360.com.br\/wp-content\/uploads\/2025\/05\/FCHgbroX-Avo-acusado-de-estuprar-neta-300x195.webp",300,195,true],"medium_large":["https:\/\/noticiasbahia360.com.br\/wp-content\/uploads\/2025\/05\/FCHgbroX-Avo-acusado-de-estuprar-neta-768x499.webp",640,416,true],"large":["https:\/\/noticiasbahia360.com.br\/wp-content\/uploads\/2025\/05\/FCHgbroX-Avo-acusado-de-estuprar-neta-1024x665.webp",640,416,true],"1536x1536":["https:\/\/noticiasbahia360.com.br\/wp-content\/uploads\/2025\/05\/FCHgbroX-Avo-acusado-de-estuprar-neta.webp",1200,779,false],"2048x2048":["https:\/\/noticiasbahia360.com.br\/wp-content\/uploads\/2025\/05\/FCHgbroX-Avo-acusado-de-estuprar-neta.webp",1200,779,false],"chromenews-featured":["https:\/\/noticiasbahia360.com.br\/wp-content\/uploads\/2025\/05\/FCHgbroX-Avo-acusado-de-estuprar-neta-1024x665.webp",1024,665,true],"chromenews-large":["https:\/\/noticiasbahia360.com.br\/wp-content\/uploads\/2025\/05\/FCHgbroX-Avo-acusado-de-estuprar-neta-825x575.webp",825,575,true],"chromenews-medium":["https:\/\/noticiasbahia360.com.br\/wp-content\/uploads\/2025\/05\/FCHgbroX-Avo-acusado-de-estuprar-neta-590x410.webp",590,410,true]},"author_info":{"display_name":"noticiasbahia360.com.br","author_link":"https:\/\/noticiasbahia360.com.br\/?author=1"},"category_info":"<a href=\"https:\/\/noticiasbahia360.com.br\/?cat=8\" rel=\"category\">Bahia<\/a> <a href=\"https:\/\/noticiasbahia360.com.br\/?cat=9\" rel=\"category\">Brasil<\/a> <a href=\"https:\/\/noticiasbahia360.com.br\/?cat=6\" rel=\"category\">Feira de Santana<\/a> <a href=\"https:\/\/noticiasbahia360.com.br\/?cat=57\" rel=\"category\">Mundo<\/a> <a href=\"https:\/\/noticiasbahia360.com.br\/?cat=56\" rel=\"category\">Pol\u00edcia<\/a> <a href=\"https:\/\/noticiasbahia360.com.br\/?cat=10\" rel=\"category\">Pol\u00edtica<\/a>","tag_info":"Pol\u00edtica","comment_count":"0","_links":{"self":[{"href":"https:\/\/noticiasbahia360.com.br\/index.php?rest_route=\/wp\/v2\/posts\/87564","targetHints":{"allow":["GET"]}}],"collection":[{"href":"https:\/\/noticiasbahia360.com.br\/index.php?rest_route=\/wp\/v2\/posts"}],"about":[{"href":"https:\/\/noticiasbahia360.com.br\/index.php?rest_route=\/wp\/v2\/types\/post"}],"author":[{"embeddable":true,"href":"https:\/\/noticiasbahia360.com.br\/index.php?rest_route=\/wp\/v2\/users\/1"}],"replies":[{"embeddable":true,"href":"https:\/\/noticiasbahia360.com.br\/index.php?rest_route=%2Fwp%2Fv2%2Fcomments&post=87564"}],"version-history":[{"count":0,"href":"https:\/\/noticiasbahia360.com.br\/index.php?rest_route=\/wp\/v2\/posts\/87564\/revisions"}],"wp:featuredmedia":[{"embeddable":true,"href":"https:\/\/noticiasbahia360.com.br\/index.php?rest_route=\/wp\/v2\/media\/87565"}],"wp:attachment":[{"href":"https:\/\/noticiasbahia360.com.br\/index.php?rest_route=%2Fwp%2Fv2%2Fmedia&parent=87564"}],"wp:term":[{"taxonomy":"category","embeddable":true,"href":"https:\/\/noticiasbahia360.com.br\/index.php?rest_route=%2Fwp%2Fv2%2Fcategories&post=87564"},{"taxonomy":"post_tag","embeddable":true,"href":"https:\/\/noticiasbahia360.com.br\/index.php?rest_route=%2Fwp%2Fv2%2Ftags&post=87564"}],"curies":[{"name":"wp","href":"https:\/\/api.w.org\/{rel}","templated":true}]}}