{"id":87566,"date":"2025-05-26T11:16:29","date_gmt":"2025-05-26T14:16:29","guid":{"rendered":"https:\/\/noticiasbahia360.com.br\/?p=87566"},"modified":"2025-05-26T11:16:29","modified_gmt":"2025-05-26T14:16:29","slug":"uefs-inscricoes-para-selecao-de-professor-de-ingles-e-matematica-terminam-nesta-segunda-26","status":"publish","type":"post","link":"https:\/\/noticiasbahia360.com.br\/?p=87566","title":{"rendered":"Uefs: inscri\u00e7\u00f5es para sele\u00e7\u00e3o de professor de Ingl\u00eas e Matem\u00e1tica terminam nesta segunda (26)"},"content":{"rendered":"<div>\n<div>\n<figure><img decoding=\"async\" src=\"http:\/\/noticiasbahia360.com.br\/wp-content\/uploads\/2025\/05\/uefs-1.jpeg\" alt=\"Uefs\"><figcaption>Foto: Ascom\/Uefs<\/figcaption><\/figure>\n<\/div>\n<p>As inscri\u00e7\u00f5es para a sele\u00e7\u00e3o de professores monitores das disciplinas de L\u00edngua Inglesa e Matem\u00e1tica da Universidade Estadual de Feira de Santana (Uefs) terminam nesta segunda-feira (26). O processo seletivo faz parte do Programa Universidade para Todos da institui\u00e7\u00e3o.<\/p>\n<div class=\"wp-block-group\">\n<div class=\"wp-block-group__inner-container is-layout-constrained wp-block-group-is-layout-constrained\">\n<h2 class=\"wp-block-heading\" id=\"h-podem-se-candidatar\">Podem se candidatar:<\/h2>\n<ul class=\"wp-block-list\">\n<li>Estudantes regularmente matriculados em cursos de gradua\u00e7\u00e3o ou p\u00f3s-gradua\u00e7\u00e3o da UEFS;<\/li>\n<li>Professores da rede b\u00e1sica de educa\u00e7\u00e3o municipal ou estadual;<\/li>\n<li>Servidores t\u00e9cnicos da pr\u00f3pria universidade.<\/li>\n<\/ul>\n<\/div>\n<\/div>\n<p>A remunera\u00e7\u00e3o prevista \u00e9 de R$ 30,00 por hora\/aula ministrada. Os interessados devem consultar atentamente o item 3 do edital, onde est\u00e3o detalhados os crit\u00e9rios de sele\u00e7\u00e3o e as atribui\u00e7\u00f5es do cargo.<\/p>\n<p>O edital completo e demais informa\u00e7\u00f5es est\u00e3o dispon\u00edveis no <a href=\"https:\/\/upt.uefs.br\/editais\" target=\"_blank\" rel=\"noreferrer noopener\">site do UPT UEFS<\/a>, na aba Editais. Acompanhe tamb\u00e9m as atualiza\u00e7\u00f5es do programa nas redes sociais @upt_uefs no Instagram<\/p>\n<p><em>Siga o Acorda Cidade no<\/em><a href=\"https:\/\/news.google.com\/search?q=acorda%20cidade&amp;hl=pt-BR&amp;gl=BR&amp;ceid=BR%3Apt-419\"><strong><em>\u00a0Google Not\u00edcias<\/em><\/strong><\/a><em>\u00a0e receba os principais destaques do dia. Participe tamb\u00e9m dos nossos canais no\u00a0<\/em><a href=\"https:\/\/www.whatsapp.com\/channel\/0029Va6Rb4v3WHTNnsh8WI3N\"><strong><em>WhatsApp<\/em><\/strong><\/a><em>\u00a0e\u00a0<\/em><a href=\"https:\/\/www.youtube.com\/@acordacidadenoticias\/videos\"><strong>YouTube<\/strong><\/a><em>\u00a0e do grupo no\u00a0<\/em><a href=\"https:\/\/t.me\/+sSz0khrgARA0ZmRh\"><strong><em>Telegram<\/em><\/strong><\/a><\/p>\n<\/div>\n","protected":false},"excerpt":{"rendered":"<div>\n<div>\n<figure><img decoding=\"async\" src=\"https:\/\/www.acordacidade.com.br\/wp-content\/uploads\/2024\/07\/uefs-1.jpeg\" alt=\"Uefs\"><figcaption>Foto: Ascom\/Uefs<\/figcaption><\/figure>\n<\/div>\n<p>Podem se candidatar, estudantes regularmente matriculados em cursos de gradua\u00e7\u00e3o ou p\u00f3s-gradua\u00e7\u00e3o da institui\u00e7\u00e3o.<\/p><\/div>\n","protected":false},"author":1,"featured_media":87567,"comment_status":"closed","ping_status":"closed","sticky":false,"template":"","format":"gallery","meta":{"footnotes":""},"categories":[8,9,6,57,56,10],"tags":[],"class_list":["post-87566","post","type-post","status-publish","format-gallery","has-post-thumbnail","hentry","category-bahia","category-brasil","category-feira-de-santana","category-mundo","category-policia","category-politica","post_format-post-format-gallery"],"featured_image_urls":{"full":["https:\/\/noticiasbahia360.com.br\/wp-content\/uploads\/2025\/05\/uefs-1.jpeg",640,427,false],"thumbnail":["https:\/\/noticiasbahia360.com.br\/wp-content\/uploads\/2025\/05\/uefs-1-150x150.jpeg",150,150,true],"medium":["https:\/\/noticiasbahia360.com.br\/wp-content\/uploads\/2025\/05\/uefs-1-300x200.jpeg",300,200,true],"medium_large":["https:\/\/noticiasbahia360.com.br\/wp-content\/uploads\/2025\/05\/uefs-1.jpeg",640,427,false],"large":["https:\/\/noticiasbahia360.com.br\/wp-content\/uploads\/2025\/05\/uefs-1.jpeg",640,427,false],"1536x1536":["https:\/\/noticiasbahia360.com.br\/wp-content\/uploads\/2025\/05\/uefs-1.jpeg",640,427,false],"2048x2048":["https:\/\/noticiasbahia360.com.br\/wp-content\/uploads\/2025\/05\/uefs-1.jpeg",640,427,false],"chromenews-featured":["https:\/\/noticiasbahia360.com.br\/wp-content\/uploads\/2025\/05\/uefs-1.jpeg",640,427,false],"chromenews-large":["https:\/\/noticiasbahia360.com.br\/wp-content\/uploads\/2025\/05\/uefs-1.jpeg",640,427,false],"chromenews-medium":["https:\/\/noticiasbahia360.com.br\/wp-content\/uploads\/2025\/05\/uefs-1-590x410.jpeg",590,410,true]},"author_info":{"display_name":"noticiasbahia360.com.br","author_link":"https:\/\/noticiasbahia360.com.br\/?author=1"},"category_info":"<a href=\"https:\/\/noticiasbahia360.com.br\/?cat=8\" rel=\"category\">Bahia<\/a> <a href=\"https:\/\/noticiasbahia360.com.br\/?cat=9\" rel=\"category\">Brasil<\/a> <a href=\"https:\/\/noticiasbahia360.com.br\/?cat=6\" rel=\"category\">Feira de Santana<\/a> <a href=\"https:\/\/noticiasbahia360.com.br\/?cat=57\" rel=\"category\">Mundo<\/a> <a href=\"https:\/\/noticiasbahia360.com.br\/?cat=56\" rel=\"category\">Pol\u00edcia<\/a> <a href=\"https:\/\/noticiasbahia360.com.br\/?cat=10\" rel=\"category\">Pol\u00edtica<\/a>","tag_info":"Pol\u00edtica","comment_count":"0","_links":{"self":[{"href":"https:\/\/noticiasbahia360.com.br\/index.php?rest_route=\/wp\/v2\/posts\/87566","targetHints":{"allow":["GET"]}}],"collection":[{"href":"https:\/\/noticiasbahia360.com.br\/index.php?rest_route=\/wp\/v2\/posts"}],"about":[{"href":"https:\/\/noticiasbahia360.com.br\/index.php?rest_route=\/wp\/v2\/types\/post"}],"author":[{"embeddable":true,"href":"https:\/\/noticiasbahia360.com.br\/index.php?rest_route=\/wp\/v2\/users\/1"}],"replies":[{"embeddable":true,"href":"https:\/\/noticiasbahia360.com.br\/index.php?rest_route=%2Fwp%2Fv2%2Fcomments&post=87566"}],"version-history":[{"count":0,"href":"https:\/\/noticiasbahia360.com.br\/index.php?rest_route=\/wp\/v2\/posts\/87566\/revisions"}],"wp:featuredmedia":[{"embeddable":true,"href":"https:\/\/noticiasbahia360.com.br\/index.php?rest_route=\/wp\/v2\/media\/87567"}],"wp:attachment":[{"href":"https:\/\/noticiasbahia360.com.br\/index.php?rest_route=%2Fwp%2Fv2%2Fmedia&parent=87566"}],"wp:term":[{"taxonomy":"category","embeddable":true,"href":"https:\/\/noticiasbahia360.com.br\/index.php?rest_route=%2Fwp%2Fv2%2Fcategories&post=87566"},{"taxonomy":"post_tag","embeddable":true,"href":"https:\/\/noticiasbahia360.com.br\/index.php?rest_route=%2Fwp%2Fv2%2Ftags&post=87566"}],"curies":[{"name":"wp","href":"https:\/\/api.w.org\/{rel}","templated":true}]}}