{"id":87568,"date":"2025-05-26T11:16:30","date_gmt":"2025-05-26T14:16:30","guid":{"rendered":"https:\/\/noticiasbahia360.com.br\/?p=87568"},"modified":"2025-05-26T11:16:30","modified_gmt":"2025-05-26T14:16:30","slug":"preso-suspeito-de-tentar-matar-ex-companheira-com-pedrada-em-anguera","status":"publish","type":"post","link":"https:\/\/noticiasbahia360.com.br\/?p=87568","title":{"rendered":"Preso suspeito de tentar matar ex-companheira com pedrada em Anguera"},"content":{"rendered":"<div>\n<div>\n<figure><img decoding=\"async\" src=\"http:\/\/noticiasbahia360.com.br\/wp-content\/uploads\/2025\/05\/delegacia_anguera_aldomatos_acordacidade.jpeg\" alt=\"DT de Anguera\"><figcaption>Foto: Aldo Matos\/Acorda Cidade<\/figcaption><\/figure>\n<\/div>\n<p>Um homem de 28 anos foi preso na manh\u00e3 desta segunda-feira (26), pela Pol\u00edcia Civil da Bahia, por meio da Delegacia Territorial de Anguera e com apoio da Delegacia Territorial de <a href=\"https:\/\/www.acordacidade.com.br\/tag\/santo-estevao-2\/\">Santo Est\u00eav\u00e3o<\/a>. Ele \u00e9 investigado por tentativa de feminic\u00eddio praticada contra sua ex-companheira, no munic\u00edpio de Anguera.<\/p>\n<p>De acordo com a <a href=\"https:\/\/www.acordacidade.com.br\/tag\/policia-civil-2\/\">Pol\u00edcia Civil<\/a>, a pris\u00e3o foi decretada pela Justi\u00e7a ap\u00f3s representa\u00e7\u00e3o da autoridade policial local.<\/p>\n<p>Ainda de acordo com a Pol\u00edcia Civil, no dia 16 de abril de 2025, o agressor utilizou uma pedra de grande porte para golpear o rosto da v\u00edtima, causando les\u00f5es graves.<\/p>\n<p>Segundo boletim m\u00e9dico a v\u00edtima precisar\u00e1 passar por cirurgia reconstitutiva da face. O crime foi motivado por ci\u00fames, pois o agressor n\u00e3o aceitava que a v\u00edtima estivesse em um novo relacionamento.<\/p>\n<p>As investiga\u00e7\u00f5es tamb\u00e9m revelaram que o agressor j\u00e1 possui extensa ficha criminal, com registros por tr\u00e1fico de drogas, porte ilegal de arma de fogo, amea\u00e7a e les\u00e3o corporal em contexto de viol\u00eancia dom\u00e9stica.<\/p>\n<p>Ap\u00f3s dilig\u00eancias realizadas pela equipe da DT Anguera, com apoio operacional da DT Santo Est\u00eav\u00e3o, o suspeito foi localizado e preso. Ele foi conduzido ao Complexo Policial do Sobradinho, sede da 1\u00aa Coordenadoria Regional de Pol\u00edcia do Interior (Coorpin), onde permanece custodiado \u00e0 disposi\u00e7\u00e3o da Justi\u00e7a.<\/p>\n<p><em>Siga o Acorda Cidade no<\/em><a href=\"https:\/\/news.google.com\/search?q=acorda%20cidade&amp;hl=pt-BR&amp;gl=BR&amp;ceid=BR%3Apt-419\"><strong><em>\u00a0Google Not\u00edcias<\/em><\/strong><\/a><em>\u00a0e receba os principais destaques do dia. Participe tamb\u00e9m dos nossos canais no\u00a0<\/em><a href=\"https:\/\/www.whatsapp.com\/channel\/0029Va6Rb4v3WHTNnsh8WI3N\"><strong><em>WhatsApp<\/em><\/strong><\/a><em>\u00a0e\u00a0<\/em><a href=\"https:\/\/www.youtube.com\/@acordacidadenoticias\/videos\"><strong>YouTube<\/strong><\/a><em>\u00a0e grupo de\u00a0<\/em><a href=\"https:\/\/t.me\/+sSz0khrgARA0ZmRh\"><strong><em>Telegram<\/em><\/strong><\/a><em>.<\/em><\/p>\n<\/div>\n","protected":false},"excerpt":{"rendered":"<div>\n<div>\n<figure><img decoding=\"async\" src=\"https:\/\/uploads.acordacidade.com.br\/wp-content\/uploads\/2022\/08\/30160336\/delegacia_anguera_aldomatos_acordacidade.jpeg\" alt=\"DT de Anguera\"><figcaption>Foto: Aldo Matos\/Acorda Cidade<\/figcaption><\/figure>\n<\/div>\n<p>Segundo boletim m\u00e9dico a v\u00edtima precisar\u00e1 passar por cirurgia reconstitutiva da face. O crime foi motivado por ci\u00fames.<\/p><\/div>\n","protected":false},"author":1,"featured_media":87569,"comment_status":"closed","ping_status":"closed","sticky":false,"template":"","format":"gallery","meta":{"footnotes":""},"categories":[8,9,6,57,56,10],"tags":[],"class_list":["post-87568","post","type-post","status-publish","format-gallery","has-post-thumbnail","hentry","category-bahia","category-brasil","category-feira-de-santana","category-mundo","category-policia","category-politica","post_format-post-format-gallery"],"featured_image_urls":{"full":["https:\/\/noticiasbahia360.com.br\/wp-content\/uploads\/2025\/05\/delegacia_anguera_aldomatos_acordacidade.jpeg",640,360,false],"thumbnail":["https:\/\/noticiasbahia360.com.br\/wp-content\/uploads\/2025\/05\/delegacia_anguera_aldomatos_acordacidade-150x150.jpeg",150,150,true],"medium":["https:\/\/noticiasbahia360.com.br\/wp-content\/uploads\/2025\/05\/delegacia_anguera_aldomatos_acordacidade-300x169.jpeg",300,169,true],"medium_large":["https:\/\/noticiasbahia360.com.br\/wp-content\/uploads\/2025\/05\/delegacia_anguera_aldomatos_acordacidade.jpeg",640,360,false],"large":["https:\/\/noticiasbahia360.com.br\/wp-content\/uploads\/2025\/05\/delegacia_anguera_aldomatos_acordacidade.jpeg",640,360,false],"1536x1536":["https:\/\/noticiasbahia360.com.br\/wp-content\/uploads\/2025\/05\/delegacia_anguera_aldomatos_acordacidade.jpeg",640,360,false],"2048x2048":["https:\/\/noticiasbahia360.com.br\/wp-content\/uploads\/2025\/05\/delegacia_anguera_aldomatos_acordacidade.jpeg",640,360,false],"chromenews-featured":["https:\/\/noticiasbahia360.com.br\/wp-content\/uploads\/2025\/05\/delegacia_anguera_aldomatos_acordacidade.jpeg",640,360,false],"chromenews-large":["https:\/\/noticiasbahia360.com.br\/wp-content\/uploads\/2025\/05\/delegacia_anguera_aldomatos_acordacidade.jpeg",640,360,false],"chromenews-medium":["https:\/\/noticiasbahia360.com.br\/wp-content\/uploads\/2025\/05\/delegacia_anguera_aldomatos_acordacidade-590x360.jpeg",590,360,true]},"author_info":{"display_name":"noticiasbahia360.com.br","author_link":"https:\/\/noticiasbahia360.com.br\/?author=1"},"category_info":"<a href=\"https:\/\/noticiasbahia360.com.br\/?cat=8\" rel=\"category\">Bahia<\/a> <a href=\"https:\/\/noticiasbahia360.com.br\/?cat=9\" rel=\"category\">Brasil<\/a> <a href=\"https:\/\/noticiasbahia360.com.br\/?cat=6\" rel=\"category\">Feira de Santana<\/a> <a href=\"https:\/\/noticiasbahia360.com.br\/?cat=57\" rel=\"category\">Mundo<\/a> <a href=\"https:\/\/noticiasbahia360.com.br\/?cat=56\" rel=\"category\">Pol\u00edcia<\/a> <a href=\"https:\/\/noticiasbahia360.com.br\/?cat=10\" rel=\"category\">Pol\u00edtica<\/a>","tag_info":"Pol\u00edtica","comment_count":"0","_links":{"self":[{"href":"https:\/\/noticiasbahia360.com.br\/index.php?rest_route=\/wp\/v2\/posts\/87568","targetHints":{"allow":["GET"]}}],"collection":[{"href":"https:\/\/noticiasbahia360.com.br\/index.php?rest_route=\/wp\/v2\/posts"}],"about":[{"href":"https:\/\/noticiasbahia360.com.br\/index.php?rest_route=\/wp\/v2\/types\/post"}],"author":[{"embeddable":true,"href":"https:\/\/noticiasbahia360.com.br\/index.php?rest_route=\/wp\/v2\/users\/1"}],"replies":[{"embeddable":true,"href":"https:\/\/noticiasbahia360.com.br\/index.php?rest_route=%2Fwp%2Fv2%2Fcomments&post=87568"}],"version-history":[{"count":0,"href":"https:\/\/noticiasbahia360.com.br\/index.php?rest_route=\/wp\/v2\/posts\/87568\/revisions"}],"wp:featuredmedia":[{"embeddable":true,"href":"https:\/\/noticiasbahia360.com.br\/index.php?rest_route=\/wp\/v2\/media\/87569"}],"wp:attachment":[{"href":"https:\/\/noticiasbahia360.com.br\/index.php?rest_route=%2Fwp%2Fv2%2Fmedia&parent=87568"}],"wp:term":[{"taxonomy":"category","embeddable":true,"href":"https:\/\/noticiasbahia360.com.br\/index.php?rest_route=%2Fwp%2Fv2%2Fcategories&post=87568"},{"taxonomy":"post_tag","embeddable":true,"href":"https:\/\/noticiasbahia360.com.br\/index.php?rest_route=%2Fwp%2Fv2%2Ftags&post=87568"}],"curies":[{"name":"wp","href":"https:\/\/api.w.org\/{rel}","templated":true}]}} 