{"id":87570,"date":"2025-05-26T11:27:08","date_gmt":"2025-05-26T14:27:08","guid":{"rendered":"https:\/\/noticiasbahia360.com.br\/?p=87570"},"modified":"2025-05-26T11:27:08","modified_gmt":"2025-05-26T14:27:08","slug":"festival-pedrao-de-itaparica-2025-celebra-cultura-e-tradicao-popular-entre-27-e-29-de-junho","status":"publish","type":"post","link":"https:\/\/noticiasbahia360.com.br\/?p=87570","title":{"rendered":"Festival Pedr\u00e3o de Itaparica 2025 celebra cultura e tradi\u00e7\u00e3o popular entre 27 e 29 de junho"},"content":{"rendered":"<div>\n<div>\n<figure><img decoding=\"async\" src=\"http:\/\/noticiasbahia360.com.br\/wp-content\/uploads\/2025\/05\/hKk0Onsq-PEDRAO_Coletiva.webp\" alt=\"Festival Pedr\u00e3o -\"><figcaption>Foto: Divulga\u00e7\u00e3o<\/figcaption><\/figure>\n<\/div>\n<p>Com as chaves do c\u00e9u, S\u00e3o Pedro abre os port\u00f5es da alegria e d\u00e1 in\u00edcio ao clima de festa<strong>\u00a0<\/strong>em Itaparica. <strong>A cidade j\u00e1 se prepara para receber, entre os dias 27 e 29 de junho, mais uma edi\u00e7\u00e3o do seu festejo mais animado: o <a href=\"https:\/\/www.acordacidade.com.br\/tag\/itaparica\/\">Festival Pedr\u00e3o 2025<\/a><\/strong>, que chega ao quarto ano, consolidando-se no calend\u00e1rio cultural da Bahia como uma das festas juninas mais aguardadas do estado.<\/p>\n<p>As novidades sobre o S\u00e3o Pedro de Itaparica e as primeiras atra\u00e7\u00f5es confirmadas foram apresentadas durante a coletiva realizada pela prefeitura na \u00faltima sexta-feira (23), reunindo autoridades, imprensa e representantes da comunidade. Durante tr\u00eas dias de festa, moradores e visitantes contar\u00e3o com uma programa\u00e7\u00e3o especial, repleta de atra\u00e7\u00f5es musicais, comidas t\u00edpicas e decora\u00e7\u00e3o tem\u00e1tica, em uma celebra\u00e7\u00e3o que une cultura, tradi\u00e7\u00e3o e divers\u00e3o.\u00a0<\/p>\n<p>O palco do Campo Formoso, no cora\u00e7\u00e3o do Centro Hist\u00f3rico, ser\u00e1 o principal ponto de encontro do evento. Na sexta-feira, 27 de junho, o p\u00fablico vai curtir muito forr\u00f3 e piseiro com os cantores Ra\u00ed Saia Rodada e Jo\u00e3o Gomes. Para a segunda noite de festejos (28), s\u00e1bado, as atra\u00e7\u00f5es confirmadas s\u00e3o o forrozeiro Adelm\u00e1rio Coelho e a banda Dois Amores.\u00a0<\/p>\n<figure class=\"wp-block-image size-large\"><img fetchpriority=\"high\" data-dominant-color=\"9d9595\" data-has-transparency=\"false\" style=\"--dominant-color: #9d9595;\" decoding=\"async\" width=\"1024\" height=\"588\" sizes=\"(max-width: 1024px) 100vw, 1024px\" src=\"http:\/\/noticiasbahia360.com.br\/wp-content\/uploads\/2025\/05\/ST693OlA-JOAO-GOMES-1024x588-1.webp\" alt=\"Festival Pedr\u00e3o -\" class=\"wp-image-558181 not-transparent\" srcset=\"https:\/\/uploads.acordacidade.com.br\/2025\/05\/ST693OlA-JOAO-GOMES-300x172.webp 300w, http:\/\/noticiasbahia360.com.br\/wp-content\/uploads\/2025\/05\/ST693OlA-JOAO-GOMES-1024x588-1.webp 1024w, https:\/\/uploads.acordacidade.com.br\/2025\/05\/ST693OlA-JOAO-GOMES-768x441.webp 768w, https:\/\/uploads.acordacidade.com.br\/2025\/05\/ST693OlA-JOAO-GOMES-150x86.webp 150w, https:\/\/uploads.acordacidade.com.br\/2025\/05\/ST693OlA-JOAO-GOMES.webp 1200w\"><figcaption class=\"wp-element-caption\">Foto: Divulga\u00e7\u00e3o<\/figcaption><\/figure>\n<figure class=\"wp-block-image size-large\"><img data-dominant-color=\"68625f\" data-has-transparency=\"false\" style=\"--dominant-color: #68625f;\" decoding=\"async\" width=\"1024\" height=\"685\" sizes=\"(max-width: 1024px) 100vw, 1024px\" src=\"http:\/\/noticiasbahia360.com.br\/wp-content\/uploads\/2025\/05\/AxM0LZW0-ADELMARIO-COELHO-1024x685-1.webp\" alt=\"Festival Pedr\u00e3o - ADELM\u00c1RIO COELHO\" class=\"wp-image-558180 not-transparent\" srcset=\"https:\/\/uploads.acordacidade.com.br\/2025\/05\/AxM0LZW0-ADELMARIO-COELHO-300x201.webp 300w, http:\/\/noticiasbahia360.com.br\/wp-content\/uploads\/2025\/05\/AxM0LZW0-ADELMARIO-COELHO-1024x685-1.webp 1024w, https:\/\/uploads.acordacidade.com.br\/2025\/05\/AxM0LZW0-ADELMARIO-COELHO-768x514.webp 768w, https:\/\/uploads.acordacidade.com.br\/2025\/05\/AxM0LZW0-ADELMARIO-COELHO-150x100.webp 150w, https:\/\/uploads.acordacidade.com.br\/2025\/05\/AxM0LZW0-ADELMARIO-COELHO.webp 1200w\"><figcaption class=\"wp-element-caption\">Foto: Divulga\u00e7\u00e3o<\/figcaption><\/figure>\n<p>J\u00e1 a \u00faltima noite do Pedr\u00e3o de Itaparica (29), no domingo, fica sob o comando do forr\u00f3 pop e rom\u00e2ntico do cantor Nattan e de Bell Marques, \u00fanico artista a se apresentar em todas as edi\u00e7\u00f5es do S\u00e3o Pedro de Itaparica. Outras atra\u00e7\u00f5es ainda ser\u00e3o confirmadas, al\u00e9m de artistas locais.\u00a0<\/p>\n<figure class=\"wp-block-image size-large\"><img data-dominant-color=\"b4aba7\" data-has-transparency=\"false\" style=\"--dominant-color: #b4aba7;\" decoding=\"async\" width=\"1024\" height=\"632\" sizes=\"(max-width: 1024px) 100vw, 1024px\" src=\"http:\/\/noticiasbahia360.com.br\/wp-content\/uploads\/2025\/05\/reMMxsWA-NATTAN-1024x632-1.webp\" alt=\"Festival Pedr\u00e3o - NATTAN\" class=\"wp-image-558182 not-transparent\" srcset=\"https:\/\/uploads.acordacidade.com.br\/2025\/05\/reMMxsWA-NATTAN-300x185.webp 300w, http:\/\/noticiasbahia360.com.br\/wp-content\/uploads\/2025\/05\/reMMxsWA-NATTAN-1024x632-1.webp 1024w, https:\/\/uploads.acordacidade.com.br\/2025\/05\/reMMxsWA-NATTAN-768x474.webp 768w, https:\/\/uploads.acordacidade.com.br\/2025\/05\/reMMxsWA-NATTAN-150x93.webp 150w, https:\/\/uploads.acordacidade.com.br\/2025\/05\/reMMxsWA-NATTAN.webp 1200w\"><figcaption class=\"wp-element-caption\">Foto: Divulga\u00e7\u00e3o<\/figcaption><\/figure>\n<figure class=\"wp-block-image size-large\"><img loading=\"lazy\" data-dominant-color=\"ccc7bf\" data-has-transparency=\"false\" style=\"--dominant-color: #ccc7bf;\" decoding=\"async\" width=\"1024\" height=\"754\" sizes=\"(max-width: 1024px) 100vw, 1024px\" src=\"http:\/\/noticiasbahia360.com.br\/wp-content\/uploads\/2025\/05\/WJsSwjt1-BELL-MARQUES-1024x754-1.webp\" alt=\"Festival Pedr\u00e3o - BELL MARQUES\" class=\"wp-image-558183 not-transparent\" srcset=\"https:\/\/uploads.acordacidade.com.br\/2025\/05\/WJsSwjt1-BELL-MARQUES-300x221.webp 300w, http:\/\/noticiasbahia360.com.br\/wp-content\/uploads\/2025\/05\/WJsSwjt1-BELL-MARQUES-1024x754-1.webp 1024w, https:\/\/uploads.acordacidade.com.br\/2025\/05\/WJsSwjt1-BELL-MARQUES-768x566.webp 768w, https:\/\/uploads.acordacidade.com.br\/2025\/05\/WJsSwjt1-BELL-MARQUES-150x111.webp 150w, https:\/\/uploads.acordacidade.com.br\/2025\/05\/WJsSwjt1-BELL-MARQUES.webp 1200w\"><figcaption class=\"wp-element-caption\">Foto: Divulga\u00e7\u00e3o<\/figcaption><\/figure>\n<p>A festa presta homenagem a S\u00e3o Pedro, padroeiro dos pescadores e tradicionalmente celebrado no encerramento dos festejos juninos. Para al\u00e9m da devo\u00e7\u00e3o religiosa, o Pedr\u00e3o de Itaparica valoriza a cultura popular e a tradi\u00e7\u00e3o nordestina e fortalece o turismo local, movimentando a economia e reafirmando a cultura e tradi\u00e7\u00e3o da cidade.<\/p>\n<p>Para o prefeito de Itaparica, Zezinho Oliveira, o Pedr\u00e3o de Itaparica tem superado as expectativas a cada edi\u00e7\u00e3o, sempre em busca de atra\u00e7\u00f5es diversificadas que agradem a todos os gostos e p\u00fablicos. Segundo o gestor municipal, a edi\u00e7\u00e3o de 2025 promete entrar para a hist\u00f3ria da cidade.<\/p>\n<p>\u201cO Festival Pedr\u00e3o Itaparica j\u00e1 faz parte da alma itaparicana. \u00c9 o quarto ano consecutivo da festa que re\u00fane fam\u00edlias inteiras, jovens, moradores e turistas, movimenta o com\u00e9rcio local e valoriza os artistas da terra. Para quem ama m\u00fasica, dan\u00e7a, gastronomia t\u00edpica e o calor humano das festas nordestinas, o Pedr\u00e3o de Itaparica \u00e9 um verdadeiro encontro da cultura e tradi\u00e7\u00e3o popular\u201d, destaca o prefeito Zezinho Oliveira<\/p>\n<p>O Festival Pedr\u00e3o de Itaparica 2025 \u00e9 realizado pela prefeitura de Itaparica em parceria com Governo do Estado, atrav\u00e9s das Superintend\u00eancia de Fomento ao Turismo (Sufotur).\u00a0<\/p>\n<h2 class=\"wp-block-heading\" id=\"h-estrutura\">Estrutura<\/h2>\n<p>Al\u00e9m das atra\u00e7\u00f5es musicais, o Festival Pedr\u00e3o de Itaparica 2025 contar\u00e1 com uma estrutura especialmente planejada para receber o p\u00fablico com conforto e seguran\u00e7a. O espa\u00e7o vai dispor de \u00e1reas de alimenta\u00e7\u00e3o, banheiros qu\u00edmicos, postos de atendimento m\u00e9dico e seguran\u00e7a refor\u00e7ada, garantindo uma festa tranquila e acolhedora para todos.<\/p>\n<p>E como n\u00e3o pode faltar em um verdadeiro S\u00e3o Jo\u00e3o, a gastronomia t\u00edpica tamb\u00e9m ser\u00e1 um dos destaques do evento. As barracas juninas prometem dar um sabor especial \u00e0 festa, oferecendo del\u00edcias como milho, pamonha, canjica, quent\u00e3o, licor e muito mais. Tudo isso em meio a uma decora\u00e7\u00e3o tradicional com bandeirolas, bal\u00f5es e o clima contagiante do forr\u00f3.<\/p>\n<p><em>Siga o Acorda Cidade no<\/em><a href=\"https:\/\/news.google.com\/search?q=acorda%20cidade&amp;hl=pt-BR&amp;gl=BR&amp;ceid=BR%3Apt-419\"><strong><em>\u00a0Google Not\u00edcias<\/em><\/strong><\/a><em>\u00a0e receba os principais destaques do dia. Participe tamb\u00e9m dos nossos canais no\u00a0<\/em><a href=\"https:\/\/www.whatsapp.com\/channel\/0029Va6Rb4v3WHTNnsh8WI3N\"><strong><em>WhatsApp<\/em><\/strong><\/a><em>\u00a0e\u00a0<\/em><a href=\"https:\/\/www.youtube.com\/@acordacidadenoticias\/videos\"><strong>Youtube<\/strong><\/a><em>\u00a0e grupo de\u00a0<\/em><a href=\"https:\/\/t.me\/+sSz0khrgARA0ZmRh\"><strong><em>Telegram<\/em><\/strong><\/a><em>.<\/em><\/p>\n<\/div>\n","protected":false},"excerpt":{"rendered":"<div>\n<div>\n<figure><img decoding=\"async\" src=\"https:\/\/uploads.acordacidade.com.br\/2025\/05\/hKk0Onsq-PEDRAO_Coletiva.webp\" alt=\"Festival Pedr\u00e3o -\"><figcaption>Foto: Divulga\u00e7\u00e3o<\/figcaption><\/figure>\n<\/div>\n<p>Em sua 4\u00aa edi\u00e7\u00e3o, o evento promete agitar o p\u00fablico com atra\u00e7\u00f5es de peso, como os cantores Bell Marques, Jo\u00e3o Gomes, Nattan, Adelm\u00e1rio Coelho, Ra\u00ed Saia Rodada e a banda Dois Amores.<\/p><\/div>\n","protected":false},"author":1,"featured_media":87571,"comment_status":"closed","ping_status":"closed","sticky":false,"template":"","format":"gallery","meta":{"footnotes":""},"categories":[8,9,6,57,56,10],"tags":[],"class_list":["post-87570","post","type-post","status-publish","format-gallery","has-post-thumbnail","hentry","category-bahia","category-brasil","category-feira-de-santana","category-mundo","category-policia","category-politica","post_format-post-format-gallery"],"featured_image_urls":{"full":["https:\/\/noticiasbahia360.com.br\/wp-content\/uploads\/2025\/05\/hKk0Onsq-PEDRAO_Coletiva.webp",1200,836,false],"thumbnail":["https:\/\/noticiasbahia360.com.br\/wp-content\/uploads\/2025\/05\/hKk0Onsq-PEDRAO_Coletiva-150x150.webp",150,150,true],"medium":["https:\/\/noticiasbahia360.com.br\/wp-content\/uploads\/2025\/05\/hKk0Onsq-PEDRAO_Coletiva-300x209.webp",300,209,true],"medium_large":["https:\/\/noticiasbahia360.com.br\/wp-content\/uploads\/2025\/05\/hKk0Onsq-PEDRAO_Coletiva-768x535.webp",640,446,true],"large":["https:\/\/noticiasbahia360.com.br\/wp-content\/uploads\/2025\/05\/hKk0Onsq-PEDRAO_Coletiva-1024x713.webp",640,446,true],"1536x1536":["https:\/\/noticiasbahia360.com.br\/wp-content\/uploads\/2025\/05\/hKk0Onsq-PEDRAO_Coletiva.webp",1200,836,false],"2048x2048":["https:\/\/noticiasbahia360.com.br\/wp-content\/uploads\/2025\/05\/hKk0Onsq-PEDRAO_Coletiva.webp",1200,836,false],"chromenews-featured":["https:\/\/noticiasbahia360.com.br\/wp-content\/uploads\/2025\/05\/hKk0Onsq-PEDRAO_Coletiva-1024x713.webp",1024,713,true],"chromenews-large":["https:\/\/noticiasbahia360.com.br\/wp-content\/uploads\/2025\/05\/hKk0Onsq-PEDRAO_Coletiva-825x575.webp",825,575,true],"chromenews-medium":["https:\/\/noticiasbahia360.com.br\/wp-content\/uploads\/2025\/05\/hKk0Onsq-PEDRAO_Coletiva-590x410.webp",590,410,true]},"author_info":{"display_name":"noticiasbahia360.com.br","author_link":"https:\/\/noticiasbahia360.com.br\/?author=1"},"category_info":"<a href=\"https:\/\/noticiasbahia360.com.br\/?cat=8\" rel=\"category\">Bahia<\/a> <a href=\"https:\/\/noticiasbahia360.com.br\/?cat=9\" rel=\"category\">Brasil<\/a> <a href=\"https:\/\/noticiasbahia360.com.br\/?cat=6\" rel=\"category\">Feira de Santana<\/a> <a href=\"https:\/\/noticiasbahia360.com.br\/?cat=57\" rel=\"category\">Mundo<\/a> <a href=\"https:\/\/noticiasbahia360.com.br\/?cat=56\" rel=\"category\">Pol\u00edcia<\/a> <a href=\"https:\/\/noticiasbahia360.com.br\/?cat=10\" rel=\"category\">Pol\u00edtica<\/a>","tag_info":"Pol\u00edtica","comment_count":"0","_links":{"self":[{"href":"https:\/\/noticiasbahia360.com.br\/index.php?rest_route=\/wp\/v2\/posts\/87570","targetHints":{"allow":["GET"]}}],"collection":[{"href":"https:\/\/noticiasbahia360.com.br\/index.php?rest_route=\/wp\/v2\/posts"}],"about":[{"href":"https:\/\/noticiasbahia360.com.br\/index.php?rest_route=\/wp\/v2\/types\/post"}],"author":[{"embeddable":true,"href":"https:\/\/noticiasbahia360.com.br\/index.php?rest_route=\/wp\/v2\/users\/1"}],"replies":[{"embeddable":true,"href":"https:\/\/noticiasbahia360.com.br\/index.php?rest_route=%2Fwp%2Fv2%2Fcomments&post=87570"}],"version-history":[{"count":0,"href":"https:\/\/noticiasbahia360.com.br\/index.php?rest_route=\/wp\/v2\/posts\/87570\/revisions"}],"wp:featuredmedia":[{"embeddable":true,"href":"https:\/\/noticiasbahia360.com.br\/index.php?rest_route=\/wp\/v2\/media\/87571"}],"wp:attachment":[{"href":"https:\/\/noticiasbahia360.com.br\/index.php?rest_route=%2Fwp%2Fv2%2Fmedia&parent=87570"}],"wp:term":[{"taxonomy":"category","embeddable":true,"href":"https:\/\/noticiasbahia360.com.br\/index.php?rest_route=%2Fwp%2Fv2%2Fcategories&post=87570"},{"taxonomy":"post_tag","embeddable":true,"href":"https:\/\/noticiasbahia360.com.br\/index.php?rest_route=%2Fwp%2Fv2%2Ftags&post=87570"}],"curies":[{"name":"wp","href":"https:\/\/api.w.org\/{rel}","templated":true}]}} 