{"id":87576,"date":"2025-05-26T11:27:21","date_gmt":"2025-05-26T14:27:21","guid":{"rendered":"https:\/\/noticiasbahia360.com.br\/?p=87576"},"modified":"2025-05-26T11:27:21","modified_gmt":"2025-05-26T14:27:21","slug":"direito-imobiliario-na-oab-feira-evento-discutira-regularizacao-imobiliaria-urbana","status":"publish","type":"post","link":"https:\/\/noticiasbahia360.com.br\/?p=87576","title":{"rendered":"Direito Imobili\u00e1rio na OAB Feira: evento discutir\u00e1 regulariza\u00e7\u00e3o imobili\u00e1ria urbana"},"content":{"rendered":"<div>\n<div>\n<figure><img decoding=\"async\" src=\"http:\/\/noticiasbahia360.com.br\/wp-content\/uploads\/2025\/05\/OAB-Feira-de-Santana-ft-Ney-Silva-acorda-cidade.jpg\" alt=\"OAB - direito imobili\u00e1rio\"><figcaption>Foto: Ney Silva\/Acorda Cidade<\/figcaption><\/figure>\n<\/div>\n<p>Estudante de Direito e\/ou advogado que atua no mercado imobili\u00e1rio, h\u00e1 um convite da Comiss\u00e3o de Direito <a href=\"https:\/\/www.acordacidade.com.br\/tag\/mercado-imobiliario\/\">Imobili\u00e1rio<\/a> da OAB Subse\u00e7\u00e3o Feira de Santana para voc\u00ea: haver\u00e1 uma palestra na sede da institui\u00e7\u00e3o, na pr\u00f3xima ter\u00e7a-feira (27), das 14h \u00e0s 18h, para discutir \u201cAdjudica\u00e7\u00e3o Compuls\u00f3ria Extrajudicial e os Desafios na Regulariza\u00e7\u00e3o Imobili\u00e1ria Urbana\u201d.<br \/>\u2800<br \/>O evento foi pensado com o intuito de aprofundar os conhecimentos pr\u00e1ticos e te\u00f3ricos para os participantes sobre um dos temas mais relevantes do Direito Imobili\u00e1rio atual. \u201cHaver\u00e1 palestrantes altamente experientes e atuantes na \u00e1rea, compartilhando viv\u00eancias reais e os principais desafios enfrentados no dia a dia da regulariza\u00e7\u00e3o de im\u00f3veis\u201d, explica Graziela Marques, advogada e palestrante do evento.<\/p>\n<p>A mesa ser\u00e1 composta pela presidente da Comiss\u00e3o de Direito Imobili\u00e1rio, Ma\u00edra a Macedo, e pelo vice, Ygor Uzeda, que ser\u00e3o mediadores do evento; e pela Oficiala Substituta do Cart\u00f3rio de Registro do 2\u00ba Of\u00edcio de Im\u00f3veis de Feira de Santana, Aline Maia Santos, e a advogada Graziela Ribeiro Marques, ambas palestrantes.<\/p>\n<figure class=\"wp-block-image size-large\"><img fetchpriority=\"high\" data-dominant-color=\"585074\" data-has-transparency=\"false\" style=\"--dominant-color: #585074;\" fetchpriority=\"high\" decoding=\"async\" width=\"1024\" height=\"574\" sizes=\"(max-width: 1024px) 100vw, 1024px\" src=\"http:\/\/noticiasbahia360.com.br\/wp-content\/uploads\/2025\/05\/2A3VeMzl-evento-da-oab-direito-Imobiliario-1024x574-1.webp\" alt=\"Evento da OAB - Direito Imobili\u00e1rio \" class=\"wp-image-558190 not-transparent\" srcset=\"https:\/\/uploads.acordacidade.com.br\/2025\/05\/2A3VeMzl-evento-da-oab-direito-Imobiliario-300x168.webp 300w, http:\/\/noticiasbahia360.com.br\/wp-content\/uploads\/2025\/05\/2A3VeMzl-evento-da-oab-direito-Imobiliario-1024x574-1.webp 1024w, https:\/\/uploads.acordacidade.com.br\/2025\/05\/2A3VeMzl-evento-da-oab-direito-Imobiliario-768x431.webp 768w, https:\/\/uploads.acordacidade.com.br\/2025\/05\/2A3VeMzl-evento-da-oab-direito-Imobiliario-150x84.webp 150w, https:\/\/uploads.acordacidade.com.br\/2025\/05\/2A3VeMzl-evento-da-oab-direito-Imobiliario.webp 1200w\"><figcaption class=\"wp-element-caption\">Foto: Divulga\u00e7\u00e3o<\/figcaption><\/figure>\n<p>\u201cEssa ser\u00e1 uma excelente oportunidade de agregar valor \u00e0 sua forma\u00e7\u00e3o, ampliar sua vis\u00e3o pr\u00e1tica e fazer networking qualificado\u201d, acrescenta Graziela Marques. O evento \u00e9 gratuito e os interessados n\u00e3o precisam se inscrever. Mais informa\u00e7\u00f5es no Instagram da @comissaodireitoimobiliariofsa.<\/p>\n<p><em>Siga o Acorda Cidade no<\/em><a href=\"https:\/\/news.google.com\/search?q=acorda%20cidade&amp;hl=pt-BR&amp;gl=BR&amp;ceid=BR%3Apt-419\"><strong><em>\u00a0Google Not\u00edcias<\/em><\/strong><\/a><em>\u00a0e receba os principais destaques do dia. Participe tamb\u00e9m dos nossos canais no\u00a0<\/em><a href=\"https:\/\/www.whatsapp.com\/channel\/0029Va6Rb4v3WHTNnsh8WI3N\"><strong><em>WhatsApp<\/em><\/strong><\/a><em>\u00a0e\u00a0<\/em><a href=\"https:\/\/www.youtube.com\/@acordacidadenoticias\/videos\"><strong>Youtube<\/strong><\/a><em>\u00a0e grupo de\u00a0<\/em><a href=\"https:\/\/t.me\/+sSz0khrgARA0ZmRh\"><strong><em>Telegram<\/em><\/strong><\/a><em>.<\/em><\/p>\n<\/div>\n","protected":false},"excerpt":{"rendered":"<div>\n<div>\n<figure><img decoding=\"async\" src=\"https:\/\/www.acordacidade.com.br\/wp-content\/uploads\/2024\/07\/OAB-Feira-de-Santana-ft-Ney-Silva-acorda-cidade.jpg\" alt=\"OAB - direito imobili\u00e1rio\"><figcaption>Foto: Ney Silva\/Acorda Cidade<\/figcaption><\/figure>\n<\/div>\n<p>A mesa ser\u00e1 composta pela presidente da Comiss\u00e3o de Direito Imobili\u00e1rio, Ma\u00edra Macedo, e pelo vice, Ygor Uzeda, que ser\u00e3o mediadores.<\/p><\/div>\n","protected":false},"author":1,"featured_media":87577,"comment_status":"closed","ping_status":"closed","sticky":false,"template":"","format":"gallery","meta":{"footnotes":""},"categories":[8,9,6,57,56,10],"tags":[],"class_list":["post-87576","post","type-post","status-publish","format-gallery","has-post-thumbnail","hentry","category-bahia","category-brasil","category-feira-de-santana","category-mundo","category-policia","category-politica","post_format-post-format-gallery"],"featured_image_urls":{"full":["https:\/\/noticiasbahia360.com.br\/wp-content\/uploads\/2025\/05\/OAB-Feira-de-Santana-ft-Ney-Silva-acorda-cidade.jpg",640,480,false],"thumbnail":["https:\/\/noticiasbahia360.com.br\/wp-content\/uploads\/2025\/05\/OAB-Feira-de-Santana-ft-Ney-Silva-acorda-cidade-150x150.jpg",150,150,true],"medium":["https:\/\/noticiasbahia360.com.br\/wp-content\/uploads\/2025\/05\/OAB-Feira-de-Santana-ft-Ney-Silva-acorda-cidade-300x225.jpg",300,225,true],"medium_large":["https:\/\/noticiasbahia360.com.br\/wp-content\/uploads\/2025\/05\/OAB-Feira-de-Santana-ft-Ney-Silva-acorda-cidade.jpg",640,480,false],"large":["https:\/\/noticiasbahia360.com.br\/wp-content\/uploads\/2025\/05\/OAB-Feira-de-Santana-ft-Ney-Silva-acorda-cidade.jpg",640,480,false],"1536x1536":["https:\/\/noticiasbahia360.com.br\/wp-content\/uploads\/2025\/05\/OAB-Feira-de-Santana-ft-Ney-Silva-acorda-cidade.jpg",640,480,false],"2048x2048":["https:\/\/noticiasbahia360.com.br\/wp-content\/uploads\/2025\/05\/OAB-Feira-de-Santana-ft-Ney-Silva-acorda-cidade.jpg",640,480,false],"chromenews-featured":["https:\/\/noticiasbahia360.com.br\/wp-content\/uploads\/2025\/05\/OAB-Feira-de-Santana-ft-Ney-Silva-acorda-cidade.jpg",640,480,false],"chromenews-large":["https:\/\/noticiasbahia360.com.br\/wp-content\/uploads\/2025\/05\/OAB-Feira-de-Santana-ft-Ney-Silva-acorda-cidade.jpg",640,480,false],"chromenews-medium":["https:\/\/noticiasbahia360.com.br\/wp-content\/uploads\/2025\/05\/OAB-Feira-de-Santana-ft-Ney-Silva-acorda-cidade-590x410.jpg",590,410,true]},"author_info":{"display_name":"noticiasbahia360.com.br","author_link":"https:\/\/noticiasbahia360.com.br\/?author=1"},"category_info":"<a href=\"https:\/\/noticiasbahia360.com.br\/?cat=8\" rel=\"category\">Bahia<\/a> <a href=\"https:\/\/noticiasbahia360.com.br\/?cat=9\" rel=\"category\">Brasil<\/a> <a href=\"https:\/\/noticiasbahia360.com.br\/?cat=6\" rel=\"category\">Feira de Santana<\/a> <a href=\"https:\/\/noticiasbahia360.com.br\/?cat=57\" rel=\"category\">Mundo<\/a> <a href=\"https:\/\/noticiasbahia360.com.br\/?cat=56\" rel=\"category\">Pol\u00edcia<\/a> <a href=\"https:\/\/noticiasbahia360.com.br\/?cat=10\" rel=\"category\">Pol\u00edtica<\/a>","tag_info":"Pol\u00edtica","comment_count":"0","_links":{"self":[{"href":"https:\/\/noticiasbahia360.com.br\/index.php?rest_route=\/wp\/v2\/posts\/87576","targetHints":{"allow":["GET"]}}],"collection":[{"href":"https:\/\/noticiasbahia360.com.br\/index.php?rest_route=\/wp\/v2\/posts"}],"about":[{"href":"https:\/\/noticiasbahia360.com.br\/index.php?rest_route=\/wp\/v2\/types\/post"}],"author":[{"embeddable":true,"href":"https:\/\/noticiasbahia360.com.br\/index.php?rest_route=\/wp\/v2\/users\/1"}],"replies":[{"embeddable":true,"href":"https:\/\/noticiasbahia360.com.br\/index.php?rest_route=%2Fwp%2Fv2%2Fcomments&post=87576"}],"version-history":[{"count":0,"href":"https:\/\/noticiasbahia360.com.br\/index.php?rest_route=\/wp\/v2\/posts\/87576\/revisions"}],"wp:featuredmedia":[{"embeddable":true,"href":"https:\/\/noticiasbahia360.com.br\/index.php?rest_route=\/wp\/v2\/media\/87577"}],"wp:attachment":[{"href":"https:\/\/noticiasbahia360.com.br\/index.php?rest_route=%2Fwp%2Fv2%2Fmedia&parent=87576"}],"wp:term":[{"taxonomy":"category","embeddable":true,"href":"https:\/\/noticiasbahia360.com.br\/index.php?rest_route=%2Fwp%2Fv2%2Fcategories&post=87576"},{"taxonomy":"post_tag","embeddable":true,"href":"https:\/\/noticiasbahia360.com.br\/index.php?rest_route=%2Fwp%2Fv2%2Ftags&post=87576"}],"curies":[{"name":"wp","href":"https:\/\/api.w.org\/{rel}","templated":true}]}}