{"id":87579,"date":"2025-05-26T11:40:15","date_gmt":"2025-05-26T14:40:15","guid":{"rendered":"https:\/\/noticiasbahia360.com.br\/?p=87579"},"modified":"2025-05-26T11:40:15","modified_gmt":"2025-05-26T14:40:15","slug":"marcos-heynna-apresenta-show-dias-29-e-31-de-maio-do-lado-de-ca","status":"publish","type":"post","link":"https:\/\/noticiasbahia360.com.br\/?p=87579","title":{"rendered":"Marcos Heynna apresenta show dias 29 e 31 de maio: \u201cDo Lado de C\u00e1\u201d"},"content":{"rendered":"<div>\n<div>\n<figure><img decoding=\"async\" src=\"http:\/\/noticiasbahia360.com.br\/wp-content\/uploads\/2025\/05\/nlDxmiJk-Marcos-Heynna-cantor.webp\" alt=\"Marcos Heynna - cantor\"><figcaption>Foto: Divulga\u00e7\u00e3o<\/figcaption><\/figure>\n<\/div>\n<p>O cantor e compositor feirense, Marcos Heynna, apresenta nesta \u00faltima semana de maio o espet\u00e1culo intitulado \u201cDo Lado de C\u00e1\u201d. Ser\u00e3o duas apresenta\u00e7\u00f5es: a primeira na quinta-feira, 29 de maio, na Fratello, localizada no bairro da Gra\u00e7a, em <a href=\"https:\/\/www.acordacidade.com.br\/tag\/salvador-3\/\">Salvador<\/a>; e a segunda no s\u00e1bado, 31 de maio, na conceituada Cidade da Cultura, em Feira de Santana.<\/p>\n<p>O show \u201cDo Lado de C\u00e1\u201d recebe esse nome por ser tamb\u00e9m o t\u00edtulo da m\u00fasica de trabalho atual do artista, dispon\u00edvel nas principais plataformas de streaming, como Spotify, Deezer, YouTube Music, entre outras. No repert\u00f3rio, Heynna traz uma sele\u00e7\u00e3o de composi\u00e7\u00f5es autorais, al\u00e9m de cl\u00e1ssicos da m\u00fasica baiana, com arranjos especialmente criados para a ocasi\u00e3o.<\/p>\n<p>Ap\u00f3s um per\u00edodo afastado dos bares e casas norturnas, Marcos Heynna promete embalar o p\u00fablico com seu repert\u00f3rio vibrante e irreverente. \u201cJ\u00e1 estava com saudade de muita gente que acompanha meu trabalho, mesmo de longe. Essa \u00e9 uma oportunidade de reencontros\u201d, afirma.<\/p>\n<p><strong>Servi\u00e7o:<\/strong><\/p>\n<p>29 de maio (quinta-feira): show \u00e0s 19h na Fratello, Rua da Paz, bairro da Gra\u00e7a, Salvador.<\/p>\n<p>31 de maio (s\u00e1bado): show \u00e0s 21h na Cidade da Cultura, Rua H, n\u00ba 170, Jo\u00e3o Paulo II, Feira de Santana.<\/p>\n<p><em>Siga o Acorda Cidade no<\/em><a href=\"https:\/\/news.google.com\/search?q=acorda%20cidade&amp;hl=pt-BR&amp;gl=BR&amp;ceid=BR%3Apt-419\"><strong><em>\u00a0Google Not\u00edcias<\/em><\/strong><\/a><em>\u00a0e receba os principais destaques do dia. Participe tamb\u00e9m dos nossos canais no\u00a0<\/em><a href=\"https:\/\/www.whatsapp.com\/channel\/0029Va6Rb4v3WHTNnsh8WI3N\"><strong><em>WhatsApp<\/em><\/strong><\/a><em>\u00a0e\u00a0<\/em><a href=\"https:\/\/www.youtube.com\/@acordacidadenoticias\/videos\"><strong>Youtube<\/strong><\/a><em>\u00a0e grupo de\u00a0<\/em><a href=\"https:\/\/t.me\/+sSz0khrgARA0ZmRh\"><strong><em>Telegram<\/em><\/strong><\/a><em>.<\/em><\/p>\n<\/div>\n","protected":false},"excerpt":{"rendered":"<div>\n<div>\n<figure><img decoding=\"async\" src=\"https:\/\/uploads.acordacidade.com.br\/2025\/05\/nlDxmiJk-Marcos-Heynna-cantor.webp\" alt=\"Marcos Heynna - cantor\"><figcaption>Foto: Divulga\u00e7\u00e3o<\/figcaption><\/figure>\n<\/div>\n<p>No repert\u00f3rio, Heynna traz uma sele\u00e7\u00e3o de composi\u00e7\u00f5es autorais, al\u00e9m de cl\u00e1ssicos da m\u00fasica baiana, com arranjos especialmente criados para a ocasi\u00e3o.<\/p><\/div>\n","protected":false},"author":1,"featured_media":87580,"comment_status":"closed","ping_status":"closed","sticky":false,"template":"","format":"gallery","meta":{"footnotes":""},"categories":[8,9,6,57,56,10],"tags":[],"class_list":["post-87579","post","type-post","status-publish","format-gallery","has-post-thumbnail","hentry","category-bahia","category-brasil","category-feira-de-santana","category-mundo","category-policia","category-politica","post_format-post-format-gallery"],"featured_image_urls":{"full":["https:\/\/noticiasbahia360.com.br\/wp-content\/uploads\/2025\/05\/nlDxmiJk-Marcos-Heynna-cantor.webp",1200,775,false],"thumbnail":["https:\/\/noticiasbahia360.com.br\/wp-content\/uploads\/2025\/05\/nlDxmiJk-Marcos-Heynna-cantor-150x150.webp",150,150,true],"medium":["https:\/\/noticiasbahia360.com.br\/wp-content\/uploads\/2025\/05\/nlDxmiJk-Marcos-Heynna-cantor-300x194.webp",300,194,true],"medium_large":["https:\/\/noticiasbahia360.com.br\/wp-content\/uploads\/2025\/05\/nlDxmiJk-Marcos-Heynna-cantor-768x496.webp",640,413,true],"large":["https:\/\/noticiasbahia360.com.br\/wp-content\/uploads\/2025\/05\/nlDxmiJk-Marcos-Heynna-cantor-1024x661.webp",640,413,true],"1536x1536":["https:\/\/noticiasbahia360.com.br\/wp-content\/uploads\/2025\/05\/nlDxmiJk-Marcos-Heynna-cantor.webp",1200,775,false],"2048x2048":["https:\/\/noticiasbahia360.com.br\/wp-content\/uploads\/2025\/05\/nlDxmiJk-Marcos-Heynna-cantor.webp",1200,775,false],"chromenews-featured":["https:\/\/noticiasbahia360.com.br\/wp-content\/uploads\/2025\/05\/nlDxmiJk-Marcos-Heynna-cantor-1024x661.webp",1024,661,true],"chromenews-large":["https:\/\/noticiasbahia360.com.br\/wp-content\/uploads\/2025\/05\/nlDxmiJk-Marcos-Heynna-cantor-825x575.webp",825,575,true],"chromenews-medium":["https:\/\/noticiasbahia360.com.br\/wp-content\/uploads\/2025\/05\/nlDxmiJk-Marcos-Heynna-cantor-590x410.webp",590,410,true]},"author_info":{"display_name":"noticiasbahia360.com.br","author_link":"https:\/\/noticiasbahia360.com.br\/?author=1"},"category_info":"<a href=\"https:\/\/noticiasbahia360.com.br\/?cat=8\" rel=\"category\">Bahia<\/a> <a href=\"https:\/\/noticiasbahia360.com.br\/?cat=9\" rel=\"category\">Brasil<\/a> <a href=\"https:\/\/noticiasbahia360.com.br\/?cat=6\" rel=\"category\">Feira de Santana<\/a> <a href=\"https:\/\/noticiasbahia360.com.br\/?cat=57\" rel=\"category\">Mundo<\/a> <a href=\"https:\/\/noticiasbahia360.com.br\/?cat=56\" rel=\"category\">Pol\u00edcia<\/a> <a href=\"https:\/\/noticiasbahia360.com.br\/?cat=10\" rel=\"category\">Pol\u00edtica<\/a>","tag_info":"Pol\u00edtica","comment_count":"0","_links":{"self":[{"href":"https:\/\/noticiasbahia360.com.br\/index.php?rest_route=\/wp\/v2\/posts\/87579","targetHints":{"allow":["GET"]}}],"collection":[{"href":"https:\/\/noticiasbahia360.com.br\/index.php?rest_route=\/wp\/v2\/posts"}],"about":[{"href":"https:\/\/noticiasbahia360.com.br\/index.php?rest_route=\/wp\/v2\/types\/post"}],"author":[{"embeddable":true,"href":"https:\/\/noticiasbahia360.com.br\/index.php?rest_route=\/wp\/v2\/users\/1"}],"replies":[{"embeddable":true,"href":"https:\/\/noticiasbahia360.com.br\/index.php?rest_route=%2Fwp%2Fv2%2Fcomments&post=87579"}],"version-history":[{"count":0,"href":"https:\/\/noticiasbahia360.com.br\/index.php?rest_route=\/wp\/v2\/posts\/87579\/revisions"}],"wp:featuredmedia":[{"embeddable":true,"href":"https:\/\/noticiasbahia360.com.br\/index.php?rest_route=\/wp\/v2\/media\/87580"}],"wp:attachment":[{"href":"https:\/\/noticiasbahia360.com.br\/index.php?rest_route=%2Fwp%2Fv2%2Fmedia&parent=87579"}],"wp:term":[{"taxonomy":"category","embeddable":true,"href":"https:\/\/noticiasbahia360.com.br\/index.php?rest_route=%2Fwp%2Fv2%2Fcategories&post=87579"},{"taxonomy":"post_tag","embeddable":true,"href":"https:\/\/noticiasbahia360.com.br\/index.php?rest_route=%2Fwp%2Fv2%2Ftags&post=87579"}],"curies":[{"name":"wp","href":"https:\/\/api.w.org\/{rel}","templated":true}]}}