{"id":87581,"date":"2025-05-26T11:50:33","date_gmt":"2025-05-26T14:50:33","guid":{"rendered":"https:\/\/noticiasbahia360.com.br\/?p=87581"},"modified":"2025-05-26T11:50:33","modified_gmt":"2025-05-26T14:50:33","slug":"minha-casa-minha-vida-lista-de-inscritos-sera-divulgada-nesta-segunda-feira-26","status":"publish","type":"post","link":"https:\/\/noticiasbahia360.com.br\/?p=87581","title":{"rendered":"Minha Casa, Minha Vida: lista de inscritos ser\u00e1 divulgada nesta segunda-feira (26)"},"content":{"rendered":"<div>\n<div>\n<figure><img decoding=\"async\" src=\"http:\/\/noticiasbahia360.com.br\/wp-content\/uploads\/2025\/05\/Minha-casa-minha-vida-foto-vinicius-gomes-pmfs.jpg\" alt=\"Unidades do Minha Casa Minha Vida\"><figcaption>Foto: Vinicius Gomes\/PMFS<\/figcaption><\/figure>\n<\/div>\n<p>A Prefeitura de Feira de Santana, por meio da <a href=\"https:\/\/uploads.acordacidade.com.br\/wp-content\/uploads\/2023\/07\/17150902\/Secretaria-de-habitacao.jpg\">Secretaria Municipal de Habita\u00e7\u00e3o (Sehab), <\/a>divulga nesta segunda-feira (26) a lista de inscritos no Programa Minha, Casa Minha Vida 2025. Ao todo, foram contabilizadas 42.850 inscri\u00e7\u00f5es no munic\u00edpio.<\/p>\n<p>A partir dessa etapa, ser\u00e1 realizada a an\u00e1lise dos crit\u00e9rios de prioridade para forma\u00e7\u00e3o da lista de pr\u00e9-selecionados. Esses candidatos ser\u00e3o convocados conforme o andamento das obras dos empreendimentos habitacionais, come\u00e7ando pelo residencial que se encontra em est\u00e1gio mais avan\u00e7ado.<\/p>\n<h2 class=\"wp-block-heading\" id=\"h-criterios-de-prioridade-do-minha-casa-minha-vida\">Crit\u00e9rios de prioridade do Minha Casa, Minha Vida<\/h2>\n<p>A sele\u00e7\u00e3o das fam\u00edlias ocorre atrav\u00e9s de um sistema eletr\u00f4nico desenvolvido exclusivamente para o programa. Cada candidato recebe uma pontua\u00e7\u00e3o com base nos crit\u00e9rios de hierarquiza\u00e7\u00e3o definidos pela Portaria n\u00ba 738\/2024, atualizada pela Portaria n\u00ba 1.395\/2024, al\u00e9m da Lei Federal n\u00ba 14.620\/2023.<\/p>\n<p><strong>Os crit\u00e9rios s\u00e3o:<\/strong><\/p>\n<ul class=\"wp-block-list\">\n<li>Mulher respons\u00e1vel pela unidade familiar;<\/li>\n<li>Pessoa negra na composi\u00e7\u00e3o familiar;<\/li>\n<li>Pessoa com defici\u00eancia na composi\u00e7\u00e3o familiar;<\/li>\n<li>Idoso na composi\u00e7\u00e3o familiar;<\/li>\n<li>Crian\u00e7a ou adolescente na composi\u00e7\u00e3o familiar;<\/li>\n<li>Pessoa com c\u00e2ncer ou doen\u00e7a rara, cr\u00f4nica e degenerativa (com laudo m\u00e9dico);<\/li>\n<li>Mulheres v\u00edtimas de viol\u00eancia dom\u00e9stica e familiar (com registro no Minist\u00e9rio P\u00fablico);<\/li>\n<li>Integrantes de povos ind\u00edgenas e quilombolas (declarados no Cad\u00danico);<\/li>\n<li>Residentes em \u00e1reas de risco, como deslizamentos, inunda\u00e7\u00f5es e outros processos geol\u00f3gicos;<\/li>\n<li>Benefici\u00e1rio que teve contrato distratado ou rescindido de forma involunt\u00e1ria;<\/li>\n<li>Pessoas em situa\u00e7\u00e3o de rua ou com trajet\u00f3ria de rua (atestada pelo poder p\u00fablico).<\/li>\n<\/ul>\n<h2 class=\"wp-block-heading\" id=\"h-proximas-etapas\">Pr\u00f3ximas etapas<\/h2>\n<p>De acordo com a Sehab, a expectativa \u00e9 que, j\u00e1 na primeira semana de junho, seja publicada a convoca\u00e7\u00e3o dos primeiros pr\u00e9-selecionados para a entrega dos documentos.<\/p>\n<p>A convoca\u00e7\u00e3o seguir\u00e1 de forma escalonada, obedecendo ao andamento das obras de cada residencial. Dessa forma, os inscritos n\u00e3o ser\u00e3o chamados todos de uma \u00fanica vez, haver\u00e1 uma chamada espec\u00edfica para cada empreendimento.<\/p>\n<p><em>Siga o Acorda Cidade no<\/em><a href=\"https:\/\/news.google.com\/search?q=acorda%20cidade&amp;hl=pt-BR&amp;gl=BR&amp;ceid=BR%3Apt-419\"><strong><em>\u00a0Google Not\u00edcias<\/em><\/strong><\/a><em>\u00a0e receba os principais destaques do dia. Participe tamb\u00e9m dos nossos canais no\u00a0<\/em><a href=\"https:\/\/www.whatsapp.com\/channel\/0029Va6Rb4v3WHTNnsh8WI3N\"><strong><em>WhatsApp<\/em><\/strong><\/a><em>\u00a0e\u00a0<\/em><a href=\"https:\/\/www.youtube.com\/@acordacidadenoticias\/videos\"><strong>YouTube<\/strong><\/a><em>\u00a0e grupo de\u00a0<\/em><a href=\"https:\/\/t.me\/+sSz0khrgARA0ZmRh\"><strong><em>Telegram<\/em><\/strong><\/a><em>.<\/em><\/p>\n<\/div>\n","protected":false},"excerpt":{"rendered":"<div>\n<div>\n<figure><img decoding=\"async\" src=\"https:\/\/uploads.acordacidade.com.br\/2025\/05\/Minha-casa-minha-vida-foto-vinicius-gomes-pmfs.jpg\" alt=\"Unidades do Minha Casa Minha Vida\"><figcaption>Foto: Vinicius Gomes\/PMFS<\/figcaption><\/figure>\n<\/div>\n<p>Depois ser\u00e1 realizada a an\u00e1lise dos crit\u00e9rios de prioridade para forma\u00e7\u00e3o da lista de pr\u00e9-selecionados do Minha Casa, Minha Vida<\/p><\/div>\n","protected":false},"author":1,"featured_media":87582,"comment_status":"closed","ping_status":"closed","sticky":false,"template":"","format":"gallery","meta":{"footnotes":""},"categories":[8,9,6,57,56,10],"tags":[],"class_list":["post-87581","post","type-post","status-publish","format-gallery","has-post-thumbnail","hentry","category-bahia","category-brasil","category-feira-de-santana","category-mundo","category-policia","category-politica","post_format-post-format-gallery"],"featured_image_urls":{"full":["https:\/\/noticiasbahia360.com.br\/wp-content\/uploads\/2025\/05\/Minha-casa-minha-vida-foto-vinicius-gomes-pmfs.jpg",1200,799,false],"thumbnail":["https:\/\/noticiasbahia360.com.br\/wp-content\/uploads\/2025\/05\/Minha-casa-minha-vida-foto-vinicius-gomes-pmfs-150x150.jpg",150,150,true],"medium":["https:\/\/noticiasbahia360.com.br\/wp-content\/uploads\/2025\/05\/Minha-casa-minha-vida-foto-vinicius-gomes-pmfs-300x200.jpg",300,200,true],"medium_large":["https:\/\/noticiasbahia360.com.br\/wp-content\/uploads\/2025\/05\/Minha-casa-minha-vida-foto-vinicius-gomes-pmfs-768x511.jpg",640,426,true],"large":["https:\/\/noticiasbahia360.com.br\/wp-content\/uploads\/2025\/05\/Minha-casa-minha-vida-foto-vinicius-gomes-pmfs-1024x682.jpg",640,426,true],"1536x1536":["https:\/\/noticiasbahia360.com.br\/wp-content\/uploads\/2025\/05\/Minha-casa-minha-vida-foto-vinicius-gomes-pmfs.jpg",1200,799,false],"2048x2048":["https:\/\/noticiasbahia360.com.br\/wp-content\/uploads\/2025\/05\/Minha-casa-minha-vida-foto-vinicius-gomes-pmfs.jpg",1200,799,false],"chromenews-featured":["https:\/\/noticiasbahia360.com.br\/wp-content\/uploads\/2025\/05\/Minha-casa-minha-vida-foto-vinicius-gomes-pmfs-1024x682.jpg",1024,682,true],"chromenews-large":["https:\/\/noticiasbahia360.com.br\/wp-content\/uploads\/2025\/05\/Minha-casa-minha-vida-foto-vinicius-gomes-pmfs-825x575.jpg",825,575,true],"chromenews-medium":["https:\/\/noticiasbahia360.com.br\/wp-content\/uploads\/2025\/05\/Minha-casa-minha-vida-foto-vinicius-gomes-pmfs-590x410.jpg",590,410,true]},"author_info":{"display_name":"noticiasbahia360.com.br","author_link":"https:\/\/noticiasbahia360.com.br\/?author=1"},"category_info":"<a href=\"https:\/\/noticiasbahia360.com.br\/?cat=8\" rel=\"category\">Bahia<\/a> <a href=\"https:\/\/noticiasbahia360.com.br\/?cat=9\" rel=\"category\">Brasil<\/a> <a href=\"https:\/\/noticiasbahia360.com.br\/?cat=6\" rel=\"category\">Feira de Santana<\/a> <a href=\"https:\/\/noticiasbahia360.com.br\/?cat=57\" rel=\"category\">Mundo<\/a> <a href=\"https:\/\/noticiasbahia360.com.br\/?cat=56\" rel=\"category\">Pol\u00edcia<\/a> <a href=\"https:\/\/noticiasbahia360.com.br\/?cat=10\" rel=\"category\">Pol\u00edtica<\/a>","tag_info":"Pol\u00edtica","comment_count":"0","_links":{"self":[{"href":"https:\/\/noticiasbahia360.com.br\/index.php?rest_route=\/wp\/v2\/posts\/87581","targetHints":{"allow":["GET"]}}],"collection":[{"href":"https:\/\/noticiasbahia360.com.br\/index.php?rest_route=\/wp\/v2\/posts"}],"about":[{"href":"https:\/\/noticiasbahia360.com.br\/index.php?rest_route=\/wp\/v2\/types\/post"}],"author":[{"embeddable":true,"href":"https:\/\/noticiasbahia360.com.br\/index.php?rest_route=\/wp\/v2\/users\/1"}],"replies":[{"embeddable":true,"href":"https:\/\/noticiasbahia360.com.br\/index.php?rest_route=%2Fwp%2Fv2%2Fcomments&post=87581"}],"version-history":[{"count":0,"href":"https:\/\/noticiasbahia360.com.br\/index.php?rest_route=\/wp\/v2\/posts\/87581\/revisions"}],"wp:featuredmedia":[{"embeddable":true,"href":"https:\/\/noticiasbahia360.com.br\/index.php?rest_route=\/wp\/v2\/media\/87582"}],"wp:attachment":[{"href":"https:\/\/noticiasbahia360.com.br\/index.php?rest_route=%2Fwp%2Fv2%2Fmedia&parent=87581"}],"wp:term":[{"taxonomy":"category","embeddable":true,"href":"https:\/\/noticiasbahia360.com.br\/index.php?rest_route=%2Fwp%2Fv2%2Fcategories&post=87581"},{"taxonomy":"post_tag","embeddable":true,"href":"https:\/\/noticiasbahia360.com.br\/index.php?rest_route=%2Fwp%2Fv2%2Ftags&post=87581"}],"curies":[{"name":"wp","href":"https:\/\/api.w.org\/{rel}","templated":true}]}}