{"id":87583,"date":"2025-05-26T12:16:10","date_gmt":"2025-05-26T15:16:10","guid":{"rendered":"https:\/\/noticiasbahia360.com.br\/?p=87583"},"modified":"2025-05-26T12:16:10","modified_gmt":"2025-05-26T15:16:10","slug":"coronel-reage-a-lancamento-de-chapa-petista-ao-senado-tem-direito-de-indicar-nao-sou-pt-sou-psd","status":"publish","type":"post","link":"https:\/\/noticiasbahia360.com.br\/?p=87583","title":{"rendered":"Coronel reage a \u201clan\u00e7amento\u201d de chapa petista ao Senado: \u201cTem direito de indicar, n\u00e3o sou PT, sou PSD\u201d"},"content":{"rendered":"<div>\n<div>\n<figure><img decoding=\"async\" src=\"http:\/\/noticiasbahia360.com.br\/wp-content\/uploads\/2025\/05\/angelo-coronel-.jpg\" alt=\"angelo coronel\"><figcaption>Foto: Foto: Reprodu\u00e7\u00e3o \/ Redes Sociais<br \/>\n<\/figcaption><\/figure>\n<\/div>\n<p>O senador Angelo Coronel (PSD) comentou, em declara\u00e7\u00e3o exclusiva ao Bahia Not\u00edcias, o \u201clan\u00e7amento\u201d da chapa do grupo governista para as elei\u00e7\u00f5es de 2026, anunciada pelo senador Jaques Wagner (PT) e pelo ministro da Casa Civil, Rui Costa (PT). O desenho da futura composi\u00e7\u00e3o inclui o nome do governador Jer\u00f4nimo Rodrigues (PT), em busca da reelei\u00e7\u00e3o, fechando uma chapa \u201cpuro-sangue\u201d com tr\u00eas candidatos do PT.<\/p>\n<p>\u201cBoa chapa. Cada partido tem o direito de indicar seus nomes para concorrer a qualquer cargo. Eu n\u00e3o sou PT, sou PSD\u201d, disse ao ser questionado pelo Bahia Not\u00edcias.<\/p>\n<p>A fala do senador ocorre ap\u00f3s a sinaliza\u00e7\u00e3o de que o Partido dos Trabalhadores pretende concentrar as principais candidaturas da chapa de 2026, descartando a reelei\u00e7\u00e3o de Coronel dentro do grupo liderado pelo PT na Bahia.<\/p>\n<p>A movimenta\u00e7\u00e3o do PT para consolidar uma chapa pr\u00f3pria tem repercutido no meio pol\u00edtico e pode influenciar na composi\u00e7\u00e3o de alian\u00e7as para o pr\u00f3ximo pleito estadual. At\u00e9 o momento, o senador Angelo Coronel n\u00e3o indicou se pretende disputar a reelei\u00e7\u00e3o por outro grupo ou apresentar candidatura independente.<\/p>\n<p>Nesta segunda, apesar de declara\u00e7\u00f5es frequentes sobre a \u201cantecipa\u00e7\u00e3o\u201d do processo eleitoral de 2026, Wagner e Rui decidiram lan\u00e7ar a chapa governista para o pleito do pr\u00f3ximo ano. Os dois petistas cravaram seus nomes para a disputa ao lado de Jer\u00f4nimo Rodrigues (PT) e se colocam como pr\u00e9-candidatos ao Senado.<\/p>\n<p>Em entrevista concedida a um programa da r\u00e1dio Metr\u00f3pole, os dois alinharam o discurso para completar os espa\u00e7os da majorit\u00e1ria.<\/p>\n<p>O posicionamento foi feito ap\u00f3s movimenta\u00e7\u00f5es na \u00faltima semana indicarem que um eventual \u201csacr\u00edfico\u201d na forma\u00e7\u00e3o da chapa majorit\u00e1ria pode vir de Jaques Wagner para garantir unidade com o PSD na Bahia.<\/p>\n<p>Diversos interlocutores de Wagner e do presidente do PSD na Bahia relataram que, de fato, existe um tensionamento claro sobre a rela\u00e7\u00e3o partid\u00e1ria visando a indica\u00e7\u00e3o dos dois nomes a concorrer ao Senado. Em contato com o Bahia Not\u00edcias, alguns destes interlocutores apontaram que Wagner teria chegado a questionar a Otto Alencar: \u201cEu terei que me sacrificar para manter a unidade?\u201d.<\/p>\n<p>Em resposta ao que foi veiculado no Bahia Not\u00edcias, Wagner afirmou na \u00faltima sexta-feira que o di\u00e1logo sobre a composi\u00e7\u00e3o da base aliada para a disputa ao Senado est\u00e1 em curso, mas destacou que, no momento, n\u00e3o pretende abrir m\u00e3o da sua reelei\u00e7\u00e3o.<\/p>\n<p>\u201cA unidade vai ser constru\u00edda sem essa necessidade. Eu acho que as pessoas t\u00eam que aguardar um pouco\u201d, afirmou. Ele ressaltou ainda que mencionou a hip\u00f3tese apenas como uma possibilidade.<\/p>\n<p>Fonte: <a href=\"https:\/\/www.bahianoticias.com.br\/noticia\/305041-coronel-reage-a-lancamento-de-chapa-petista-ao-senado-tem-direito-de-indicar-nao-sou-pt-sou-psd?googlenews=false\" target=\"_blank\" rel=\"noreferrer noopener\">Bahia Not\u00edcias<\/a>, site parceiro do Acorda Cidade<\/p>\n<p><em>Siga o Acorda Cidade no<\/em><a href=\"https:\/\/news.google.com\/search?q=acorda%20cidade&amp;hl=pt-BR&amp;gl=BR&amp;ceid=BR%3Apt-419\"><strong><em>\u00a0Google Not\u00edcias<\/em><\/strong><\/a><em>\u00a0e receba os principais destaques do dia. Participe tamb\u00e9m dos nossos canais no\u00a0<\/em><a href=\"https:\/\/whatsapp.com\/channel\/0029Va6Rb4v3WHTNnsh8WI3N\"><strong><em>WhatsApp<\/em><\/strong><\/a><em>\u00a0e\u00a0<\/em><a href=\"https:\/\/www.youtube.com\/@acordacidadenoticias\/videos\"><strong>YouTube<\/strong><\/a><em>\u00a0e do grupo no\u00a0<\/em><a href=\"https:\/\/t.me\/+sSz0khrgARA0ZmRh\"><strong><em>Telegram<\/em><\/strong><\/a><em>.<\/em><\/p>\n<\/div>\n","protected":false},"excerpt":{"rendered":"<div>\n<div>\n<figure><img decoding=\"async\" src=\"https:\/\/uploads.acordacidade.com.br\/2025\/05\/angelo-coronel-.jpg\" alt=\"angelo coronel\"><figcaption>Foto: Foto: Reprodu\u00e7\u00e3o \/ Redes Sociais<br \/>\n<\/figcaption><\/figure>\n<\/div>\n<p>A fala do senador ocorre ap\u00f3s a sinaliza\u00e7\u00e3o de que o Partido dos Trabalhadores pretende concentrar as principais candidaturas da chapa de 2026<\/p><\/div>\n","protected":false},"author":1,"featured_media":87584,"comment_status":"closed","ping_status":"closed","sticky":false,"template":"","format":"gallery","meta":{"footnotes":""},"categories":[8,9,6,57,56,10],"tags":[],"class_list":["post-87583","post","type-post","status-publish","format-gallery","has-post-thumbnail","hentry","category-bahia","category-brasil","category-feira-de-santana","category-mundo","category-policia","category-politica","post_format-post-format-gallery"],"featured_image_urls":{"full":["https:\/\/noticiasbahia360.com.br\/wp-content\/uploads\/2025\/05\/angelo-coronel-.jpg",1200,630,false],"thumbnail":["https:\/\/noticiasbahia360.com.br\/wp-content\/uploads\/2025\/05\/angelo-coronel--150x150.jpg",150,150,true],"medium":["https:\/\/noticiasbahia360.com.br\/wp-content\/uploads\/2025\/05\/angelo-coronel--300x158.jpg",300,158,true],"medium_large":["https:\/\/noticiasbahia360.com.br\/wp-content\/uploads\/2025\/05\/angelo-coronel--768x403.jpg",640,336,true],"large":["https:\/\/noticiasbahia360.com.br\/wp-content\/uploads\/2025\/05\/angelo-coronel--1024x538.jpg",640,336,true],"1536x1536":["https:\/\/noticiasbahia360.com.br\/wp-content\/uploads\/2025\/05\/angelo-coronel-.jpg",1200,630,false],"2048x2048":["https:\/\/noticiasbahia360.com.br\/wp-content\/uploads\/2025\/05\/angelo-coronel-.jpg",1200,630,false],"chromenews-featured":["https:\/\/noticiasbahia360.com.br\/wp-content\/uploads\/2025\/05\/angelo-coronel--1024x538.jpg",1024,538,true],"chromenews-large":["https:\/\/noticiasbahia360.com.br\/wp-content\/uploads\/2025\/05\/angelo-coronel--825x575.jpg",825,575,true],"chromenews-medium":["https:\/\/noticiasbahia360.com.br\/wp-content\/uploads\/2025\/05\/angelo-coronel--590x410.jpg",590,410,true]},"author_info":{"display_name":"noticiasbahia360.com.br","author_link":"https:\/\/noticiasbahia360.com.br\/?author=1"},"category_info":"<a href=\"https:\/\/noticiasbahia360.com.br\/?cat=8\" rel=\"category\">Bahia<\/a> <a href=\"https:\/\/noticiasbahia360.com.br\/?cat=9\" rel=\"category\">Brasil<\/a> <a href=\"https:\/\/noticiasbahia360.com.br\/?cat=6\" rel=\"category\">Feira de Santana<\/a> <a href=\"https:\/\/noticiasbahia360.com.br\/?cat=57\" rel=\"category\">Mundo<\/a> <a href=\"https:\/\/noticiasbahia360.com.br\/?cat=56\" rel=\"category\">Pol\u00edcia<\/a> <a href=\"https:\/\/noticiasbahia360.com.br\/?cat=10\" rel=\"category\">Pol\u00edtica<\/a>","tag_info":"Pol\u00edtica","comment_count":"0","_links":{"self":[{"href":"https:\/\/noticiasbahia360.com.br\/index.php?rest_route=\/wp\/v2\/posts\/87583","targetHints":{"allow":["GET"]}}],"collection":[{"href":"https:\/\/noticiasbahia360.com.br\/index.php?rest_route=\/wp\/v2\/posts"}],"about":[{"href":"https:\/\/noticiasbahia360.com.br\/index.php?rest_route=\/wp\/v2\/types\/post"}],"author":[{"embeddable":true,"href":"https:\/\/noticiasbahia360.com.br\/index.php?rest_route=\/wp\/v2\/users\/1"}],"replies":[{"embeddable":true,"href":"https:\/\/noticiasbahia360.com.br\/index.php?rest_route=%2Fwp%2Fv2%2Fcomments&post=87583"}],"version-history":[{"count":0,"href":"https:\/\/noticiasbahia360.com.br\/index.php?rest_route=\/wp\/v2\/posts\/87583\/revisions"}],"wp:featuredmedia":[{"embeddable":true,"href":"https:\/\/noticiasbahia360.com.br\/index.php?rest_route=\/wp\/v2\/media\/87584"}],"wp:attachment":[{"href":"https:\/\/noticiasbahia360.com.br\/index.php?rest_route=%2Fwp%2Fv2%2Fmedia&parent=87583"}],"wp:term":[{"taxonomy":"category","embeddable":true,"href":"https:\/\/noticiasbahia360.com.br\/index.php?rest_route=%2Fwp%2Fv2%2Fcategories&post=87583"},{"taxonomy":"post_tag","embeddable":true,"href":"https:\/\/noticiasbahia360.com.br\/index.php?rest_route=%2Fwp%2Fv2%2Ftags&post=87583"}],"curies":[{"name":"wp","href":"https:\/\/api.w.org\/{rel}","templated":true}]}}