{"id":87585,"date":"2025-05-26T12:26:16","date_gmt":"2025-05-26T15:26:16","guid":{"rendered":"https:\/\/noticiasbahia360.com.br\/?p=87585"},"modified":"2025-05-26T12:26:16","modified_gmt":"2025-05-26T15:26:16","slug":"abastecimento-de-agua-ocorre-com-volume-reduzido-em-feira-de-santana-e-regiao-nesta-segunda-feira-26","status":"publish","type":"post","link":"https:\/\/noticiasbahia360.com.br\/?p=87585","title":{"rendered":"Abastecimento de \u00e1gua ocorre com volume reduzido em Feira de Santana e regi\u00e3o nesta segunda-feira (26)"},"content":{"rendered":"<div>\n<div>\n<figure><img decoding=\"async\" src=\"http:\/\/noticiasbahia360.com.br\/wp-content\/uploads\/2025\/05\/torneira-falta-de-agua-foto-freepik-.jpg\" alt=\"Faltar \u00e1gua abastecimento\"><figcaption>Foto: Freepik<\/figcaption><\/figure>\n<\/div>\n<p>O volume de \u00e1gua distribu\u00eddo para Feira de Santana, Concei\u00e7\u00e3o da Feira, S\u00e3o Gon\u00e7alo dos Campos, Santa B\u00e1rbara, Tanquinho e Santan\u00f3polis est\u00e1 reduzido nesta segunda-feira (26) devido \u00e0 necessidade de corre\u00e7\u00e3o emergencial de um vazamento em rede na Esta\u00e7\u00e3o de Tratamento de \u00c1gua, identificado hoje. O sistema est\u00e1 operando com 40% da capacidade, o que pode resultar em interrup\u00e7\u00e3o tempor\u00e1ria do <a href=\"https:\/\/www.acordacidade.com.br\/tag\/abastecimento\/\">abastecimento<\/a> em \u00e1reas mais altas e afastadas das sedes municipais e dos centros de reserva\u00e7\u00e3o. Nas demais localidades, o fornecimento de \u00e1gua dever\u00e1 ocorrer com volume inferior ao habitual.<\/p>\n<p>A previs\u00e3o \u00e9 que o reparo seja conclu\u00eddo ainda hoje, no in\u00edcio da noite. Ap\u00f3s a conclus\u00e3o, o sistema retomar\u00e1 a opera\u00e7\u00e3o com vaz\u00e3o plena e o abastecimento ser\u00e1 restabelecido de forma gradativa, \u00e0 medida que a \u00e1gua alcance a press\u00e3o adequada para alcan\u00e7ar todos os im\u00f3veis afetados.<\/p>\n<p>At\u00e9 a completa normaliza\u00e7\u00e3o do servi\u00e7o, a <a href=\"https:\/\/www.acordacidade.com.br\/tag\/embasa\/\">Embasa<\/a> orienta a popula\u00e7\u00e3o a fazer uso econ\u00f4mico da \u00e1gua armazenada nos reservat\u00f3rios domiciliares, evitando usos que possam ser adiados.<\/p>\n<p><em>Siga o Acorda Cidade no<\/em><a href=\"https:\/\/news.google.com\/search?q=acorda%20cidade&amp;hl=pt-BR&amp;gl=BR&amp;ceid=BR%3Apt-419\"><strong><em>\u00a0Google Not\u00edcias<\/em><\/strong><\/a><em>\u00a0e receba os principais destaques do dia. Participe tamb\u00e9m dos nossos canais no\u00a0<\/em><a href=\"https:\/\/www.whatsapp.com\/channel\/0029Va6Rb4v3WHTNnsh8WI3N\"><strong><em>WhatsApp<\/em><\/strong><\/a><em>\u00a0e\u00a0<\/em><a href=\"https:\/\/www.youtube.com\/@acordacidadenoticias\/videos\"><strong>Youtube<\/strong><\/a><em>\u00a0e grupo de\u00a0<\/em><a href=\"https:\/\/t.me\/+sSz0khrgARA0ZmRh\"><strong><em>Telegram<\/em><\/strong><\/a><em>.<\/em><\/p>\n<\/div>\n","protected":false},"excerpt":{"rendered":"<div>\n<div>\n<figure><img decoding=\"async\" src=\"https:\/\/uploads.acordacidade.com.br\/2025\/03\/torneira-falta-de-agua-foto-freepik-.jpg\" alt=\"Faltar \u00e1gua abastecimento\"><figcaption>Foto: Freepik<\/figcaption><\/figure>\n<\/div>\n<p>Ap\u00f3s a conclus\u00e3o, o sistema retomar\u00e1 a opera\u00e7\u00e3o com vaz\u00e3o plena e o abastecimento ser\u00e1 restabelecido de forma gradativa.<\/p><\/div>\n","protected":false},"author":1,"featured_media":87586,"comment_status":"closed","ping_status":"closed","sticky":false,"template":"","format":"gallery","meta":{"footnotes":""},"categories":[8,9,6,57,56,10],"tags":[],"class_list":["post-87585","post","type-post","status-publish","format-gallery","has-post-thumbnail","hentry","category-bahia","category-brasil","category-feira-de-santana","category-mundo","category-policia","category-politica","post_format-post-format-gallery"],"featured_image_urls":{"full":["https:\/\/noticiasbahia360.com.br\/wp-content\/uploads\/2025\/05\/torneira-falta-de-agua-foto-freepik-.jpg",640,427,false],"thumbnail":["https:\/\/noticiasbahia360.com.br\/wp-content\/uploads\/2025\/05\/torneira-falta-de-agua-foto-freepik--150x150.jpg",150,150,true],"medium":["https:\/\/noticiasbahia360.com.br\/wp-content\/uploads\/2025\/05\/torneira-falta-de-agua-foto-freepik--300x200.jpg",300,200,true],"medium_large":["https:\/\/noticiasbahia360.com.br\/wp-content\/uploads\/2025\/05\/torneira-falta-de-agua-foto-freepik-.jpg",640,427,false],"large":["https:\/\/noticiasbahia360.com.br\/wp-content\/uploads\/2025\/05\/torneira-falta-de-agua-foto-freepik-.jpg",640,427,false],"1536x1536":["https:\/\/noticiasbahia360.com.br\/wp-content\/uploads\/2025\/05\/torneira-falta-de-agua-foto-freepik-.jpg",640,427,false],"2048x2048":["https:\/\/noticiasbahia360.com.br\/wp-content\/uploads\/2025\/05\/torneira-falta-de-agua-foto-freepik-.jpg",640,427,false],"chromenews-featured":["https:\/\/noticiasbahia360.com.br\/wp-content\/uploads\/2025\/05\/torneira-falta-de-agua-foto-freepik-.jpg",640,427,false],"chromenews-large":["https:\/\/noticiasbahia360.com.br\/wp-content\/uploads\/2025\/05\/torneira-falta-de-agua-foto-freepik-.jpg",640,427,false],"chromenews-medium":["https:\/\/noticiasbahia360.com.br\/wp-content\/uploads\/2025\/05\/torneira-falta-de-agua-foto-freepik--590x410.jpg",590,410,true]},"author_info":{"display_name":"noticiasbahia360.com.br","author_link":"https:\/\/noticiasbahia360.com.br\/?author=1"},"category_info":"<a href=\"https:\/\/noticiasbahia360.com.br\/?cat=8\" rel=\"category\">Bahia<\/a> <a href=\"https:\/\/noticiasbahia360.com.br\/?cat=9\" rel=\"category\">Brasil<\/a> <a href=\"https:\/\/noticiasbahia360.com.br\/?cat=6\" rel=\"category\">Feira de Santana<\/a> <a href=\"https:\/\/noticiasbahia360.com.br\/?cat=57\" rel=\"category\">Mundo<\/a> <a href=\"https:\/\/noticiasbahia360.com.br\/?cat=56\" rel=\"category\">Pol\u00edcia<\/a> <a href=\"https:\/\/noticiasbahia360.com.br\/?cat=10\" rel=\"category\">Pol\u00edtica<\/a>","tag_info":"Pol\u00edtica","comment_count":"0","_links":{"self":[{"href":"https:\/\/noticiasbahia360.com.br\/index.php?rest_route=\/wp\/v2\/posts\/87585","targetHints":{"allow":["GET"]}}],"collection":[{"href":"https:\/\/noticiasbahia360.com.br\/index.php?rest_route=\/wp\/v2\/posts"}],"about":[{"href":"https:\/\/noticiasbahia360.com.br\/index.php?rest_route=\/wp\/v2\/types\/post"}],"author":[{"embeddable":true,"href":"https:\/\/noticiasbahia360.com.br\/index.php?rest_route=\/wp\/v2\/users\/1"}],"replies":[{"embeddable":true,"href":"https:\/\/noticiasbahia360.com.br\/index.php?rest_route=%2Fwp%2Fv2%2Fcomments&post=87585"}],"version-history":[{"count":0,"href":"https:\/\/noticiasbahia360.com.br\/index.php?rest_route=\/wp\/v2\/posts\/87585\/revisions"}],"wp:featuredmedia":[{"embeddable":true,"href":"https:\/\/noticiasbahia360.com.br\/index.php?rest_route=\/wp\/v2\/media\/87586"}],"wp:attachment":[{"href":"https:\/\/noticiasbahia360.com.br\/index.php?rest_route=%2Fwp%2Fv2%2Fmedia&parent=87585"}],"wp:term":[{"taxonomy":"category","embeddable":true,"href":"https:\/\/noticiasbahia360.com.br\/index.php?rest_route=%2Fwp%2Fv2%2Fcategories&post=87585"},{"taxonomy":"post_tag","embeddable":true,"href":"https:\/\/noticiasbahia360.com.br\/index.php?rest_route=%2Fwp%2Fv2%2Ftags&post=87585"}],"curies":[{"name":"wp","href":"https:\/\/api.w.org\/{rel}","templated":true}]}}