{"id":87587,"date":"2025-05-26T14:35:39","date_gmt":"2025-05-26T17:35:39","guid":{"rendered":"https:\/\/noticiasbahia360.com.br\/?p=87587"},"modified":"2025-05-26T14:35:39","modified_gmt":"2025-05-26T17:35:39","slug":"homem-morre-apos-s10-capotar-na-br-116-em-jaguaquara","status":"publish","type":"post","link":"https:\/\/noticiasbahia360.com.br\/?p=87587","title":{"rendered":"Homem morre ap\u00f3s S10 capotar na BR-116 em Jaguaquara"},"content":{"rendered":"<div>\n<div>\n<figure><img decoding=\"async\" src=\"http:\/\/noticiasbahia360.com.br\/wp-content\/uploads\/2025\/05\/homem-morre-br-116-foto-reproducao.png\" alt=\"acidente BR-116\"><figcaption>Foto: Reprodu\u00e7\u00e3o \/ Blog do Marcos Frahm <\/figcaption><\/figure>\n<\/div>\n<p>Um homem morreu ap\u00f3s um acidente de tr\u00e2nsito na BR-116. O fato ocorreu na manh\u00e3 desta segunda-feira (26) em um trecho da rodovia que pertence ao munic\u00edpio de Jaguaquara, no Vale do Jiquiri\u00e7\u00e1.<\/p>\n<p>Segundo o Blog do Marcos Frahm, parceiro do Acorda Cidade, o condutor da caminhonete modelo Chevrolet S10 de cor branca perdeu o controle da dire\u00e7\u00e3o e o ve\u00edculo acabou capotando \u00e0s margens da rodovia. O carro tinha tr\u00eas ocupantes no momento do acidente e um deles faleceu no local.<\/p>\n<p>Ainda segundo o Blog, a v\u00edtima ficou presa entre as ferragens e os outros dois ocupantes n\u00e3o sofreram les\u00f5es graves. O Corpo de Bombeiros e o Servi\u00e7o de Atendimento M\u00f3vel de Urg\u00eancia (<a href=\"https:\/\/www.acordacidade.com.br\/tag\/samu\/\">Samu<\/a>) foram acionados para retirar o homem das ferragens.<\/p>\n<p><em>Siga o Acorda Cidade no<\/em><a href=\"https:\/\/news.google.com\/search?q=acorda%20cidade&amp;hl=pt-BR&amp;gl=BR&amp;ceid=BR%3Apt-419\"><strong><em>\u00a0Google Not\u00edcias<\/em><\/strong><\/a><em>\u00a0e receba os principais destaques do dia. Participe tamb\u00e9m dos nossos canais no\u00a0<\/em><a href=\"https:\/\/www.whatsapp.com\/channel\/0029Va6Rb4v3WHTNnsh8WI3N\"><strong><em>WhatsApp<\/em><\/strong><\/a><em>\u00a0e\u00a0<\/em><a href=\"https:\/\/www.youtube.com\/@acordacidadenoticias\/videos\"><strong>YouTube<\/strong><\/a><em>\u00a0e do grupo no\u00a0<\/em><a href=\"https:\/\/t.me\/+sSz0khrgARA0ZmRh\"><strong><em>Telegram<\/em><\/strong><\/a><\/p>\n<\/div>\n","protected":false},"excerpt":{"rendered":"<div>\n<div>\n<figure><img decoding=\"async\" src=\"https:\/\/uploads.acordacidade.com.br\/2025\/05\/homem-morre-br-116-foto-reproducao.png\" alt=\"acidente BR-116\"><figcaption>Foto: Reprodu\u00e7\u00e3o \/ Blog do Marcos Frahm <\/figcaption><\/figure>\n<\/div>\n<p>A v\u00edtima ficou presa entre as ferragens e os outros dois ocupantes do ve\u00edculo n\u00e3o sofreram les\u00f5es graves.<\/p><\/div>\n","protected":false},"author":1,"featured_media":87588,"comment_status":"closed","ping_status":"closed","sticky":false,"template":"","format":"gallery","meta":{"footnotes":""},"categories":[8,9,6,57,56,10],"tags":[],"class_list":["post-87587","post","type-post","status-publish","format-gallery","has-post-thumbnail","hentry","category-bahia","category-brasil","category-feira-de-santana","category-mundo","category-policia","category-politica","post_format-post-format-gallery"],"featured_image_urls":{"full":["https:\/\/noticiasbahia360.com.br\/wp-content\/uploads\/2025\/05\/homem-morre-br-116-foto-reproducao.png",1200,672,false],"thumbnail":["https:\/\/noticiasbahia360.com.br\/wp-content\/uploads\/2025\/05\/homem-morre-br-116-foto-reproducao-150x150.png",150,150,true],"medium":["https:\/\/noticiasbahia360.com.br\/wp-content\/uploads\/2025\/05\/homem-morre-br-116-foto-reproducao-300x168.png",300,168,true],"medium_large":["https:\/\/noticiasbahia360.com.br\/wp-content\/uploads\/2025\/05\/homem-morre-br-116-foto-reproducao-768x430.png",640,358,true],"large":["https:\/\/noticiasbahia360.com.br\/wp-content\/uploads\/2025\/05\/homem-morre-br-116-foto-reproducao-1024x573.png",640,358,true],"1536x1536":["https:\/\/noticiasbahia360.com.br\/wp-content\/uploads\/2025\/05\/homem-morre-br-116-foto-reproducao.png",1200,672,false],"2048x2048":["https:\/\/noticiasbahia360.com.br\/wp-content\/uploads\/2025\/05\/homem-morre-br-116-foto-reproducao.png",1200,672,false],"chromenews-featured":["https:\/\/noticiasbahia360.com.br\/wp-content\/uploads\/2025\/05\/homem-morre-br-116-foto-reproducao-1024x573.png",1024,573,true],"chromenews-large":["https:\/\/noticiasbahia360.com.br\/wp-content\/uploads\/2025\/05\/homem-morre-br-116-foto-reproducao-825x575.png",825,575,true],"chromenews-medium":["https:\/\/noticiasbahia360.com.br\/wp-content\/uploads\/2025\/05\/homem-morre-br-116-foto-reproducao-590x410.png",590,410,true]},"author_info":{"display_name":"noticiasbahia360.com.br","author_link":"https:\/\/noticiasbahia360.com.br\/?author=1"},"category_info":"<a href=\"https:\/\/noticiasbahia360.com.br\/?cat=8\" rel=\"category\">Bahia<\/a> <a href=\"https:\/\/noticiasbahia360.com.br\/?cat=9\" rel=\"category\">Brasil<\/a> <a href=\"https:\/\/noticiasbahia360.com.br\/?cat=6\" rel=\"category\">Feira de Santana<\/a> <a href=\"https:\/\/noticiasbahia360.com.br\/?cat=57\" rel=\"category\">Mundo<\/a> <a href=\"https:\/\/noticiasbahia360.com.br\/?cat=56\" rel=\"category\">Pol\u00edcia<\/a> <a href=\"https:\/\/noticiasbahia360.com.br\/?cat=10\" rel=\"category\">Pol\u00edtica<\/a>","tag_info":"Pol\u00edtica","comment_count":"0","_links":{"self":[{"href":"https:\/\/noticiasbahia360.com.br\/index.php?rest_route=\/wp\/v2\/posts\/87587","targetHints":{"allow":["GET"]}}],"collection":[{"href":"https:\/\/noticiasbahia360.com.br\/index.php?rest_route=\/wp\/v2\/posts"}],"about":[{"href":"https:\/\/noticiasbahia360.com.br\/index.php?rest_route=\/wp\/v2\/types\/post"}],"author":[{"embeddable":true,"href":"https:\/\/noticiasbahia360.com.br\/index.php?rest_route=\/wp\/v2\/users\/1"}],"replies":[{"embeddable":true,"href":"https:\/\/noticiasbahia360.com.br\/index.php?rest_route=%2Fwp%2Fv2%2Fcomments&post=87587"}],"version-history":[{"count":0,"href":"https:\/\/noticiasbahia360.com.br\/index.php?rest_route=\/wp\/v2\/posts\/87587\/revisions"}],"wp:featuredmedia":[{"embeddable":true,"href":"https:\/\/noticiasbahia360.com.br\/index.php?rest_route=\/wp\/v2\/media\/87588"}],"wp:attachment":[{"href":"https:\/\/noticiasbahia360.com.br\/index.php?rest_route=%2Fwp%2Fv2%2Fmedia&parent=87587"}],"wp:term":[{"taxonomy":"category","embeddable":true,"href":"https:\/\/noticiasbahia360.com.br\/index.php?rest_route=%2Fwp%2Fv2%2Fcategories&post=87587"},{"taxonomy":"post_tag","embeddable":true,"href":"https:\/\/noticiasbahia360.com.br\/index.php?rest_route=%2Fwp%2Fv2%2Ftags&post=87587"}],"curies":[{"name":"wp","href":"https:\/\/api.w.org\/{rel}","templated":true}]}}