{"id":87589,"date":"2025-05-26T14:50:02","date_gmt":"2025-05-26T17:50:02","guid":{"rendered":"https:\/\/noticiasbahia360.com.br\/?p=87589"},"modified":"2025-05-26T14:50:02","modified_gmt":"2025-05-26T17:50:02","slug":"assembleia-legislativa-realiza-audiencia-publica-sobre-concessao-das-brs-324-e-116-nesta-terca-27","status":"publish","type":"post","link":"https:\/\/noticiasbahia360.com.br\/?p=87589","title":{"rendered":"Assembleia Legislativa realiza audi\u00eancia p\u00fablica sobre concess\u00e3o das BRs 324 e 116 nesta ter\u00e7a (27)"},"content":{"rendered":"<div>\n<div>\n<figure><img decoding=\"async\" src=\"http:\/\/noticiasbahia360.com.br\/wp-content\/uploads\/2025\/05\/robinsonalmeida_assessoria.jpeg\" alt=\"Deputado Robinson Almeida\"><figcaption>Foto: Divulga\u00e7\u00e3o<\/figcaption><\/figure>\n<\/div>\n<p>A Assembleia Legislativa da Bahia (AL-BA) promove, nesta ter\u00e7a-feira (27), uma audi\u00eancia p\u00fablica para discutir os impactos da proposta de concess\u00e3o das rodovias federais BR-324 e BR-116 depois da sa\u00edda da Via Bahia no \u00faltimo dia 17. A atividade \u00e9 proposta pelo deputado estadual Robinson Almeida (PT), presidente da Comiss\u00e3o de Constitui\u00e7\u00e3o e Justi\u00e7a da Casa, e ser\u00e1 realizado \u00e0s 9h, nas salas das comiss\u00f5es.<\/p>\n<p>A iniciativa tem como objetivo abrir espa\u00e7o para que a sociedade civil, especialistas, autoridades e cidad\u00e3os interessados possam debater os termos do projeto apresentado pela Ag\u00eancia Nacional de Transportes Terrestres (ANTT), respons\u00e1vel por conduzir o processo para a nova concess\u00e3o, batizado de Rota 2 de Julho.<\/p>\n<p>\u201cA concess\u00e3o das BRs 324 e 116 ter\u00e1 impactos diretos na mobilidade, na economia e na vida de milh\u00f5es de baianos. \u00c9 fundamental que esse debate ocorra com transpar\u00eancia, ouvindo a popula\u00e7\u00e3o, os trabalhadores e os setores produtivos\u201d, destacou o deputado Robinson Almeida.<\/p>\n<p>As BRs 324 e 116 s\u00e3o duas das mais importantes vias de liga\u00e7\u00e3o entre Salvador e o interior do estado, al\u00e9m de desempenharem papel estrat\u00e9gico no escoamento da produ\u00e7\u00e3o regional e no transporte de passageiros. A proposta da ANTT prev\u00ea a requalifica\u00e7\u00e3o das estradas, mas tamb\u00e9m inclui a instala\u00e7\u00e3o de novos ped\u00e1gios, o que tem gerado cr\u00edticas e preocupa\u00e7\u00f5es entre usu\u00e1rios e representantes do setor de transporte.<\/p>\n<p>\u201cA audi\u00eancia p\u00fablica busca reunir contribui\u00e7\u00f5es para o aprimoramento do projeto, assegurando que os interesses da popula\u00e7\u00e3o baiana sejam respeitados no processo de concess\u00e3o\u201d, destaca Robinson Almeida, para quem o novo processo n\u00e3o pode repetir os mesmos erros da concess\u00e3o \u00e0 Via Bahia.<\/p>\n<p><em>Siga o Acorda Cidade no<\/em><a href=\"https:\/\/news.google.com\/search?q=acorda%20cidade&amp;hl=pt-BR&amp;gl=BR&amp;ceid=BR%3Apt-419\"><strong><em>\u00a0Google Not\u00edcias<\/em><\/strong><\/a><em>\u00a0e receba os principais destaques do dia. Participe tamb\u00e9m dos nossos canais no\u00a0<\/em><a href=\"https:\/\/www.whatsapp.com\/channel\/0029Va6Rb4v3WHTNnsh8WI3N\"><strong><em>WhatsApp<\/em><\/strong><\/a><em>\u00a0e\u00a0<\/em><a href=\"https:\/\/www.youtube.com\/@acordacidadenoticias\/videos\"><strong>YouTube<\/strong><\/a><em>\u00a0e do grupo no\u00a0<\/em><a href=\"https:\/\/t.me\/+sSz0khrgARA0ZmRh\"><strong><em>Telegram<\/em><\/strong><\/a><\/p>\n<\/div>\n","protected":false},"excerpt":{"rendered":"<div>\n<div>\n<figure><img decoding=\"async\" src=\"https:\/\/uploads.acordacidade.com.br\/wp-content\/uploads\/2023\/03\/02082901\/robinsonalmeida_assessoria.jpeg\" alt=\"Deputado Robinson Almeida\"><figcaption>Foto: Divulga\u00e7\u00e3o<\/figcaption><\/figure>\n<\/div>\n<p>A atividade \u00e9 proposta pelo deputado estadual Robinson Almeida (PT), presidente da Comiss\u00e3o de Constitui\u00e7\u00e3o e Justi\u00e7a da Casa.<\/p><\/div>\n","protected":false},"author":1,"featured_media":87590,"comment_status":"closed","ping_status":"closed","sticky":false,"template":"","format":"gallery","meta":{"footnotes":""},"categories":[8,9,6,57,56,10],"tags":[],"class_list":["post-87589","post","type-post","status-publish","format-gallery","has-post-thumbnail","hentry","category-bahia","category-brasil","category-feira-de-santana","category-mundo","category-policia","category-politica","post_format-post-format-gallery"],"featured_image_urls":{"full":["https:\/\/noticiasbahia360.com.br\/wp-content\/uploads\/2025\/05\/robinsonalmeida_assessoria.jpeg",640,433,false],"thumbnail":["https:\/\/noticiasbahia360.com.br\/wp-content\/uploads\/2025\/05\/robinsonalmeida_assessoria-150x150.jpeg",150,150,true],"medium":["https:\/\/noticiasbahia360.com.br\/wp-content\/uploads\/2025\/05\/robinsonalmeida_assessoria-300x203.jpeg",300,203,true],"medium_large":["https:\/\/noticiasbahia360.com.br\/wp-content\/uploads\/2025\/05\/robinsonalmeida_assessoria.jpeg",640,433,false],"large":["https:\/\/noticiasbahia360.com.br\/wp-content\/uploads\/2025\/05\/robinsonalmeida_assessoria.jpeg",640,433,false],"1536x1536":["https:\/\/noticiasbahia360.com.br\/wp-content\/uploads\/2025\/05\/robinsonalmeida_assessoria.jpeg",640,433,false],"2048x2048":["https:\/\/noticiasbahia360.com.br\/wp-content\/uploads\/2025\/05\/robinsonalmeida_assessoria.jpeg",640,433,false],"chromenews-featured":["https:\/\/noticiasbahia360.com.br\/wp-content\/uploads\/2025\/05\/robinsonalmeida_assessoria.jpeg",640,433,false],"chromenews-large":["https:\/\/noticiasbahia360.com.br\/wp-content\/uploads\/2025\/05\/robinsonalmeida_assessoria.jpeg",640,433,false],"chromenews-medium":["https:\/\/noticiasbahia360.com.br\/wp-content\/uploads\/2025\/05\/robinsonalmeida_assessoria-590x410.jpeg",590,410,true]},"author_info":{"display_name":"noticiasbahia360.com.br","author_link":"https:\/\/noticiasbahia360.com.br\/?author=1"},"category_info":"<a href=\"https:\/\/noticiasbahia360.com.br\/?cat=8\" rel=\"category\">Bahia<\/a> <a href=\"https:\/\/noticiasbahia360.com.br\/?cat=9\" rel=\"category\">Brasil<\/a> <a href=\"https:\/\/noticiasbahia360.com.br\/?cat=6\" rel=\"category\">Feira de Santana<\/a> <a href=\"https:\/\/noticiasbahia360.com.br\/?cat=57\" rel=\"category\">Mundo<\/a> <a href=\"https:\/\/noticiasbahia360.com.br\/?cat=56\" rel=\"category\">Pol\u00edcia<\/a> <a href=\"https:\/\/noticiasbahia360.com.br\/?cat=10\" rel=\"category\">Pol\u00edtica<\/a>","tag_info":"Pol\u00edtica","comment_count":"0","_links":{"self":[{"href":"https:\/\/noticiasbahia360.com.br\/index.php?rest_route=\/wp\/v2\/posts\/87589","targetHints":{"allow":["GET"]}}],"collection":[{"href":"https:\/\/noticiasbahia360.com.br\/index.php?rest_route=\/wp\/v2\/posts"}],"about":[{"href":"https:\/\/noticiasbahia360.com.br\/index.php?rest_route=\/wp\/v2\/types\/post"}],"author":[{"embeddable":true,"href":"https:\/\/noticiasbahia360.com.br\/index.php?rest_route=\/wp\/v2\/users\/1"}],"replies":[{"embeddable":true,"href":"https:\/\/noticiasbahia360.com.br\/index.php?rest_route=%2Fwp%2Fv2%2Fcomments&post=87589"}],"version-history":[{"count":0,"href":"https:\/\/noticiasbahia360.com.br\/index.php?rest_route=\/wp\/v2\/posts\/87589\/revisions"}],"wp:featuredmedia":[{"embeddable":true,"href":"https:\/\/noticiasbahia360.com.br\/index.php?rest_route=\/wp\/v2\/media\/87590"}],"wp:attachment":[{"href":"https:\/\/noticiasbahia360.com.br\/index.php?rest_route=%2Fwp%2Fv2%2Fmedia&parent=87589"}],"wp:term":[{"taxonomy":"category","embeddable":true,"href":"https:\/\/noticiasbahia360.com.br\/index.php?rest_route=%2Fwp%2Fv2%2Fcategories&post=87589"},{"taxonomy":"post_tag","embeddable":true,"href":"https:\/\/noticiasbahia360.com.br\/index.php?rest_route=%2Fwp%2Fv2%2Ftags&post=87589"}],"curies":[{"name":"wp","href":"https:\/\/api.w.org\/{rel}","templated":true}]}} 