{"id":87593,"date":"2025-05-26T15:51:11","date_gmt":"2025-05-26T18:51:11","guid":{"rendered":"https:\/\/noticiasbahia360.com.br\/?p=87593"},"modified":"2025-05-26T15:51:11","modified_gmt":"2025-05-26T18:51:11","slug":"falta-de-agua-prejudica-comercio-de-flores-na-rua-olimpio-vital","status":"publish","type":"post","link":"https:\/\/noticiasbahia360.com.br\/?p=87593","title":{"rendered":"Falta de \u00e1gua prejudica com\u00e9rcio de Flores na rua Ol\u00edmpio Vital"},"content":{"rendered":"<div>\n<div>\n<figure><img decoding=\"async\" src=\"http:\/\/noticiasbahia360.com.br\/wp-content\/uploads\/2025\/05\/olimpiovital_foto_neysilva_acordacidade.jpeg\" alt=\"Rua Ol\u00edmpio Vital\"><figcaption>Foto: Ney Silva<\/figcaption><\/figure>\n<\/div>\n<p>Nos \u00faltimos dias, a escassez de \u00e1gua da Embasa na rua Ol\u00edmpio Vital, centro de <a href=\"https:\/\/www.acordacidade.com.br\/tag\/feira-de-santana\/\">Feira de Santana<\/a>, vem prejudicando os comerciantes que trabalham com plantas e flores, o problema j\u00e1 acontece h\u00e1 uma semana.<\/p>\n<p> Maria Jos\u00e9 Santos Soares, conhecida como Mara Flores, \u00e9 comerciante h\u00e1 mais de 30 anos no local. Segundo ela, os \u00faltimos dias foram dif\u00edceis, pois a falta de \u00e1gua acarreta em preju\u00edzos. \u201cEst\u00e1 tendo preju\u00edzo, n\u00e9, porque flores \u00e9 um produto que ele n\u00e3o consegue sobreviver sem a \u00e1gua. Faz oito dias que n\u00e3o cai um pingo de \u00e1gua na torneira. Aqui no meu box mesmo, nem uma gota. Usamos a \u00e1gua da chuva quando tem, ou ent\u00e3o quando a gente consegue pagar a um menino para poder carregar um balde de \u00e1gua, pra poder fazer alguma coisa assim, para botar nas flores\u201d explicou Mara.<\/p>\n<figure class=\"wp-block-image size-large\"><img fetchpriority=\"high\" data-dominant-color=\"7e6e69\" data-has-transparency=\"false\" style=\"--dominant-color: #7e6e69;\" fetchpriority=\"high\" decoding=\"async\" width=\"1024\" height=\"768\" sizes=\"(max-width: 1024px) 100vw, 1024px\" src=\"http:\/\/noticiasbahia360.com.br\/wp-content\/uploads\/2025\/05\/GDbV4xcO-mariajose_comerciante_olimpiovital_foto_neysilva_acordacidade-1024x768-1.webp\" alt=\"Maria Jos\u00e9, comerciante da rua Ol\u00edmpio Vital\" class=\"wp-image-558301 not-transparent\" srcset=\"https:\/\/uploads.acordacidade.com.br\/2025\/05\/GDbV4xcO-mariajose_comerciante_olimpiovital_foto_neysilva_acordacidade-300x225.webp 300w, http:\/\/noticiasbahia360.com.br\/wp-content\/uploads\/2025\/05\/GDbV4xcO-mariajose_comerciante_olimpiovital_foto_neysilva_acordacidade-1024x768-1.webp 1024w, https:\/\/uploads.acordacidade.com.br\/2025\/05\/GDbV4xcO-mariajose_comerciante_olimpiovital_foto_neysilva_acordacidade-768x576.webp 768w, https:\/\/uploads.acordacidade.com.br\/2025\/05\/GDbV4xcO-mariajose_comerciante_olimpiovital_foto_neysilva_acordacidade-150x113.webp 150w, https:\/\/uploads.acordacidade.com.br\/2025\/05\/GDbV4xcO-mariajose_comerciante_olimpiovital_foto_neysilva_acordacidade.webp 1200w\"><figcaption class=\"wp-element-caption\">Foto: Ney Silva<\/figcaption><\/figure>\n<p>Os comerciantes relataram que j\u00e1 acionaram a Embasa para buscar solu\u00e7\u00e3o para o problema, mas at\u00e9 o momento nada foi resolvido. Ainda de acordo com Maria Jos\u00e9, nenhum t\u00e9cnico foi ao local durante estes dias. \u201cNo meu caso mesmo, eu tenho um tonel ali que est\u00e1 sem \u00e1gua. Nem sei como vai ser a situa\u00e7\u00e3o, viu, porque a gente, na verdade, n\u00e3o podemos parar, precisamos, n\u00e9, porque temos que trabalhar, a\u00ed est\u00e1 dependendo da Embasa, a Embasa tem que ver isso a\u00ed o mais r\u00e1pido poss\u00edvel.\u201d<\/p>\n<p>Dona Nancy Silva, \u00e9 outra comerciante que vende diversos tipos de planta. Ela j\u00e1 est\u00e1 tendo preju\u00edzo no caixa por conta dessa situa\u00e7\u00e3o. \u201cJ\u00e1 tem mais de oito dias que n\u00e3o cai \u00e1gua aqui. As plantas est\u00e3o sentindo, est\u00e3o morrendo. At\u00e9 as rosas que a gente coloca na geladeira est\u00e3o precisando de \u00e1gua.\u201d<\/p>\n<figure class=\"wp-block-image size-large\"><img data-dominant-color=\"736367\" data-has-transparency=\"false\" style=\"--dominant-color: #736367;\" decoding=\"async\" width=\"1024\" height=\"768\" sizes=\"(max-width: 1024px) 100vw, 1024px\" src=\"http:\/\/noticiasbahia360.com.br\/wp-content\/uploads\/2025\/05\/z0UFSqJr-nancy_comerciante_olimpiovital_foto_neysilva_acordacidade-1024x768-1.webp\" alt=\"Nancy, comerciante da rua Ol\u00edmpio Vital\" class=\"wp-image-558303 not-transparent\" srcset=\"https:\/\/uploads.acordacidade.com.br\/2025\/05\/z0UFSqJr-nancy_comerciante_olimpiovital_foto_neysilva_acordacidade-300x225.webp 300w, http:\/\/noticiasbahia360.com.br\/wp-content\/uploads\/2025\/05\/z0UFSqJr-nancy_comerciante_olimpiovital_foto_neysilva_acordacidade-1024x768-1.webp 1024w, https:\/\/uploads.acordacidade.com.br\/2025\/05\/z0UFSqJr-nancy_comerciante_olimpiovital_foto_neysilva_acordacidade-768x576.webp 768w, https:\/\/uploads.acordacidade.com.br\/2025\/05\/z0UFSqJr-nancy_comerciante_olimpiovital_foto_neysilva_acordacidade-150x113.webp 150w, https:\/\/uploads.acordacidade.com.br\/2025\/05\/z0UFSqJr-nancy_comerciante_olimpiovital_foto_neysilva_acordacidade.webp 1200w\"><figcaption class=\"wp-element-caption\">Foto: Ney Silva<\/figcaption><\/figure>\n<p>Al\u00e9m de ter um custo n\u00e3o esperado com a compra de \u00e1gua mineral, no box de Nancy algumas plantas que custavam em torno de R$50,00 n\u00e3o resistiram.\u00a0\u201cA gente comprou \u00e1gua mineral para molhar umas plantinhas, para n\u00e3o deixar as bichinhas morrer. Quando chove a gente pega da pingueira. Mas as plantas precisam de muita \u00e1gua, porque sen\u00e3o n\u00e3o suporta.\u201d <\/p>\n<p>Simone Silva, presidente da Associa\u00e7\u00e3o dos Floristas da Ol\u00edmpio Vital conversou com a reportagem do Acorda Cidade. \u201cA gente tem aqui 16 boxes, mais a \u00e1gua que precisa pro banheiro fica 17. N\u00f3s estamos sem \u00e1gua h\u00e1 uma semana. A \u00e1gua est\u00e1 chegando fraquinha, n\u00e3o est\u00e1 nem subindo para os tanques. E a gente precisa de \u00e1gua para colocar nas mercadorias que s\u00e3o flores naturais, para molhar as plantas.\u201d<\/p>\n<figure class=\"wp-block-image size-large\"><img data-dominant-color=\"877374\" data-has-transparency=\"false\" style=\"--dominant-color: #877374;\" decoding=\"async\" width=\"1024\" height=\"768\" sizes=\"(max-width: 1024px) 100vw, 1024px\" src=\"http:\/\/noticiasbahia360.com.br\/wp-content\/uploads\/2025\/05\/oVZyn21q-simone_comerciante_olimpiovital_foto_neysilva_acordacidade-1024x768-1.webp\" alt=\"Simone, presidente da Associa\u00e7\u00e3o dos Comerciantes da rua Ol\u00edmpio Vital\" class=\"wp-image-558302 not-transparent\" srcset=\"https:\/\/uploads.acordacidade.com.br\/2025\/05\/oVZyn21q-simone_comerciante_olimpiovital_foto_neysilva_acordacidade-300x225.webp 300w, http:\/\/noticiasbahia360.com.br\/wp-content\/uploads\/2025\/05\/oVZyn21q-simone_comerciante_olimpiovital_foto_neysilva_acordacidade-1024x768-1.webp 1024w, https:\/\/uploads.acordacidade.com.br\/2025\/05\/oVZyn21q-simone_comerciante_olimpiovital_foto_neysilva_acordacidade-768x576.webp 768w, https:\/\/uploads.acordacidade.com.br\/2025\/05\/oVZyn21q-simone_comerciante_olimpiovital_foto_neysilva_acordacidade-150x113.webp 150w, https:\/\/uploads.acordacidade.com.br\/2025\/05\/oVZyn21q-simone_comerciante_olimpiovital_foto_neysilva_acordacidade.webp 1200w\"><figcaption class=\"wp-element-caption\">Foto: Ney Silva<\/figcaption><\/figure>\n<p>Segundo Simone o preju\u00edzo n\u00e3o foi maior por conta da chuva nos \u00faltimos dias, que apesar de pouca foi utilizada para amenizar a situa\u00e7\u00e3o. \u201cAlgumas plantas j\u00e1 est\u00e3o morrendo, no s\u00e1bado a gente pegou um pouco de \u00e1gua de chuva. A gente tem que colocar os baldes aqui na frente, aparando \u00e1gua de chuva. Desde a semana passada que a gente j\u00e1 falou que estava sem \u00e1gua e n\u00e3o tivemos resposta nenhuma. A \u00e1gua que a gente tinha j\u00e1 acabou, os tanques secaram.\u201d declarou Simone.<\/p>\n<p><em>O Acorda Cidade entrou em contato com a Embasa para solicitar posicionamento sobre a situa\u00e7\u00e3o e estamos aguardando retorno.<\/em><\/p>\n<p><em>Siga o Acorda Cidade no<\/em><a href=\"https:\/\/news.google.com\/search?q=acorda%20cidade&amp;hl=pt-BR&amp;gl=BR&amp;ceid=BR%3Apt-419\"><strong><em> Google Not\u00edcias<\/em><\/strong><\/a><em> e receba os principais destaques do dia. Participe tamb\u00e9m dos nossos canais no <\/em><a href=\"https:\/\/whatsapp.com\/channel\/0029Va6Rb4v3WHTNnsh8WI3N\"><strong><em>WhatsApp<\/em><\/strong><\/a><em> e <\/em><a href=\"https:\/\/www.youtube.com\/@acordacidadenoticias\/videos\"><strong>Youtube<\/strong><\/a><em> e grupo de <\/em><a href=\"https:\/\/t.me\/+sSz0khrgARA0ZmRh\"><strong><em>Telegram<\/em><\/strong><\/a><em>.<\/em><\/p>\n<\/p>\n<\/div>\n","protected":false},"excerpt":{"rendered":"<div>\n<div>\n<figure><img decoding=\"async\" src=\"https:\/\/uploads.acordacidade.com.br\/2025\/05\/olimpiovital_foto_neysilva_acordacidade.jpeg\" alt=\"Rua Ol\u00edmpio Vital\"><figcaption>Foto: Ney Silva<\/figcaption><\/figure>\n<\/div>\n<p>O problema come\u00e7ou h\u00e1 uma semana atr\u00e1s.<\/p><\/div>\n","protected":false},"author":1,"featured_media":87594,"comment_status":"closed","ping_status":"closed","sticky":false,"template":"","format":"gallery","meta":{"footnotes":""},"categories":[8,9,6,57,56,10],"tags":[],"class_list":["post-87593","post","type-post","status-publish","format-gallery","has-post-thumbnail","hentry","category-bahia","category-brasil","category-feira-de-santana","category-mundo","category-policia","category-politica","post_format-post-format-gallery"],"featured_image_urls":{"full":["https:\/\/noticiasbahia360.com.br\/wp-content\/uploads\/2025\/05\/olimpiovital_foto_neysilva_acordacidade.jpeg",1541,1156,false],"thumbnail":["https:\/\/noticiasbahia360.com.br\/wp-content\/uploads\/2025\/05\/olimpiovital_foto_neysilva_acordacidade-150x150.jpeg",150,150,true],"medium":["https:\/\/noticiasbahia360.com.br\/wp-content\/uploads\/2025\/05\/olimpiovital_foto_neysilva_acordacidade-300x225.jpeg",300,225,true],"medium_large":["https:\/\/noticiasbahia360.com.br\/wp-content\/uploads\/2025\/05\/olimpiovital_foto_neysilva_acordacidade-768x576.jpeg",640,480,true],"large":["https:\/\/noticiasbahia360.com.br\/wp-content\/uploads\/2025\/05\/olimpiovital_foto_neysilva_acordacidade-1024x768.jpeg",640,480,true],"1536x1536":["https:\/\/noticiasbahia360.com.br\/wp-content\/uploads\/2025\/05\/olimpiovital_foto_neysilva_acordacidade-1536x1152.jpeg",1536,1152,true],"2048x2048":["https:\/\/noticiasbahia360.com.br\/wp-content\/uploads\/2025\/05\/olimpiovital_foto_neysilva_acordacidade.jpeg",1541,1156,false],"chromenews-featured":["https:\/\/noticiasbahia360.com.br\/wp-content\/uploads\/2025\/05\/olimpiovital_foto_neysilva_acordacidade-1024x768.jpeg",1024,768,true],"chromenews-large":["https:\/\/noticiasbahia360.com.br\/wp-content\/uploads\/2025\/05\/olimpiovital_foto_neysilva_acordacidade-825x575.jpeg",825,575,true],"chromenews-medium":["https:\/\/noticiasbahia360.com.br\/wp-content\/uploads\/2025\/05\/olimpiovital_foto_neysilva_acordacidade-590x410.jpeg",590,410,true]},"author_info":{"display_name":"noticiasbahia360.com.br","author_link":"https:\/\/noticiasbahia360.com.br\/?author=1"},"category_info":"<a href=\"https:\/\/noticiasbahia360.com.br\/?cat=8\" rel=\"category\">Bahia<\/a> <a href=\"https:\/\/noticiasbahia360.com.br\/?cat=9\" rel=\"category\">Brasil<\/a> <a href=\"https:\/\/noticiasbahia360.com.br\/?cat=6\" rel=\"category\">Feira de Santana<\/a> <a href=\"https:\/\/noticiasbahia360.com.br\/?cat=57\" rel=\"category\">Mundo<\/a> <a href=\"https:\/\/noticiasbahia360.com.br\/?cat=56\" rel=\"category\">Pol\u00edcia<\/a> <a href=\"https:\/\/noticiasbahia360.com.br\/?cat=10\" rel=\"category\">Pol\u00edtica<\/a>","tag_info":"Pol\u00edtica","comment_count":"0","_links":{"self":[{"href":"https:\/\/noticiasbahia360.com.br\/index.php?rest_route=\/wp\/v2\/posts\/87593","targetHints":{"allow":["GET"]}}],"collection":[{"href":"https:\/\/noticiasbahia360.com.br\/index.php?rest_route=\/wp\/v2\/posts"}],"about":[{"href":"https:\/\/noticiasbahia360.com.br\/index.php?rest_route=\/wp\/v2\/types\/post"}],"author":[{"embeddable":true,"href":"https:\/\/noticiasbahia360.com.br\/index.php?rest_route=\/wp\/v2\/users\/1"}],"replies":[{"embeddable":true,"href":"https:\/\/noticiasbahia360.com.br\/index.php?rest_route=%2Fwp%2Fv2%2Fcomments&post=87593"}],"version-history":[{"count":0,"href":"https:\/\/noticiasbahia360.com.br\/index.php?rest_route=\/wp\/v2\/posts\/87593\/revisions"}],"wp:featuredmedia":[{"embeddable":true,"href":"https:\/\/noticiasbahia360.com.br\/index.php?rest_route=\/wp\/v2\/media\/87594"}],"wp:attachment":[{"href":"https:\/\/noticiasbahia360.com.br\/index.php?rest_route=%2Fwp%2Fv2%2Fmedia&parent=87593"}],"wp:term":[{"taxonomy":"category","embeddable":true,"href":"https:\/\/noticiasbahia360.com.br\/index.php?rest_route=%2Fwp%2Fv2%2Fcategories&post=87593"},{"taxonomy":"post_tag","embeddable":true,"href":"https:\/\/noticiasbahia360.com.br\/index.php?rest_route=%2Fwp%2Fv2%2Ftags&post=87593"}],"curies":[{"name":"wp","href":"https:\/\/api.w.org\/{rel}","templated":true}]}}