{"id":87598,"date":"2025-05-26T15:51:23","date_gmt":"2025-05-26T18:51:23","guid":{"rendered":"https:\/\/noticiasbahia360.com.br\/?p=87598"},"modified":"2025-05-26T15:51:23","modified_gmt":"2025-05-26T18:51:23","slug":"aapc-vai-ate-a-camara-municipal-apresentar-demandas-da-instituicao","status":"publish","type":"post","link":"https:\/\/noticiasbahia360.com.br\/?p=87598","title":{"rendered":"AAPC vai at\u00e9 a C\u00e2mara Municipal apresentar demandas da institui\u00e7\u00e3o"},"content":{"rendered":"<div>\n<div>\n<figure><img decoding=\"async\" src=\"http:\/\/noticiasbahia360.com.br\/wp-content\/uploads\/2025\/05\/aapc_neysilva_acordacidade-4.jpeg\" alt=\"AAPC de Feira de Santana\"><figcaption>Foto: Ney Silva\/Acorda Cidade<\/figcaption><\/figure>\n<\/div>\n<p>A Associa\u00e7\u00e3o de Apoio \u00e0 Pessoa com C\u00e2ncer (AAPC) vai at\u00e9 a <a href=\"https:\/\/www.acordacidade.com.br\/tag\/camara-municipal\/\">C\u00e2mara Municipal<\/a> de <a href=\"https:\/\/www.acordacidade.com.br\/feira-de-santana\/\">Feira de Santana<\/a> em prol da efetiva\u00e7\u00e3o de demandas em benef\u00edcio da institui\u00e7\u00e3o.<\/p>\n<p>A visita estava agendada para ser realizada nesta ter\u00e7a (27), por\u00e9m com a <a href=\"https:\/\/www.acordacidade.com.br\/policia\/exonerada-da-deam-clecia-vasconcelos-vai-assumir-dai-em-feira-de-santana-decisao-gera-revolta\/\">manifesta\u00e7\u00e3o que vai ser acontecer contra a sa\u00edda da delegada Cl\u00e9cia Vasconcelos da Delegacia Especializada no Atendimento \u00e0 Mulher (Deam)<\/a>, a data foi alterada para a pr\u00f3xima quarta (28), a partir das 8h30.<\/p>\n<h2 class=\"wp-block-heading\" id=\"h-trabalho-da-aapc\">Trabalho da AAPC<\/h2>\n<p>A institui\u00e7\u00e3o desenvolve um trabalho volunt\u00e1rio com pessoas em tratamento da doen\u00e7a, fornecendo atendimento, abrigo, refei\u00e7\u00f5es e cestas b\u00e1sicas.<\/p>\n<p>Entre as diversas a\u00e7\u00f5es promovidas pela associa\u00e7\u00e3o est\u00e3o a distribui\u00e7\u00e3o de cerca de 3.600 cestas b\u00e1sicas todos os meses, o acolhimento de pouco mais de 50 pessoas na sede da institui\u00e7\u00e3o, com fornecimento de tr\u00eas refei\u00e7\u00f5es di\u00e1rias e a distribui\u00e7\u00e3o de 300 copos de mingau, de segunda a quinta-feira, na Unidade de Alta Complexidade em Oncologia (Unacom), que fica no bairro Queimadinha.<\/p>\n<p>Podem ser doados itens de limpeza dom\u00e9stica, higiene pessoal e alimentos n\u00e3o perec\u00edveis. As doa\u00e7\u00f5es podem ser entregues na sede da institui\u00e7\u00e3o, localizada na Rua Tereza Cunha Santana, n\u00ba 172, no bairro S\u00e3o Jo\u00e3o. Outras informa\u00e7\u00f5es podem ser obtidas pelo telefone (75) 75 99211-1055.<\/p>\n<p><em>Siga o Acorda Cidade no<\/em><a href=\"https:\/\/news.google.com\/search?q=acorda%20cidade&amp;hl=pt-BR&amp;gl=BR&amp;ceid=BR%3Apt-419\"><strong><em>\u00a0Google Not\u00edcias<\/em><\/strong><\/a><em>\u00a0e receba os principais destaques do dia. Participe tamb\u00e9m dos nossos canais no\u00a0<\/em><a href=\"https:\/\/www.whatsapp.com\/channel\/0029Va6Rb4v3WHTNnsh8WI3N\"><strong><em>WhatsApp<\/em><\/strong><\/a><em>\u00a0e\u00a0<\/em><a href=\"https:\/\/www.youtube.com\/@acordacidadenoticias\/videos\"><strong>Youtube<\/strong><\/a><em>\u00a0e grupo de\u00a0<\/em><a href=\"https:\/\/t.me\/+sSz0khrgARA0ZmRh\"><strong><em>Telegram<\/em><\/strong><\/a><em>.<\/em><\/p>\n<\/div>\n","protected":false},"excerpt":{"rendered":"<div>\n<div>\n<figure><img decoding=\"async\" src=\"https:\/\/uploads.acordacidade.com.br\/wp-content\/uploads\/2023\/02\/15081703\/aapc_neysilva_acordacidade-4.jpeg\" alt=\"AAPC de Feira de Santana\"><figcaption>Foto: Ney Silva\/Acorda Cidade<\/figcaption><\/figure>\n<\/div>\n<p>A institui\u00e7\u00e3o desenvolve um trabalho volunt\u00e1rio com pessoas em tratamento da doen\u00e7a, fornecendo atendimento, abrigo, refei\u00e7\u00f5es e cestas b\u00e1sicas.<\/p><\/div>\n","protected":false},"author":1,"featured_media":87599,"comment_status":"closed","ping_status":"closed","sticky":false,"template":"","format":"gallery","meta":{"footnotes":""},"categories":[8,9,6,57,56,10],"tags":[],"class_list":["post-87598","post","type-post","status-publish","format-gallery","has-post-thumbnail","hentry","category-bahia","category-brasil","category-feira-de-santana","category-mundo","category-policia","category-politica","post_format-post-format-gallery"],"featured_image_urls":{"full":["https:\/\/noticiasbahia360.com.br\/wp-content\/uploads\/2025\/05\/aapc_neysilva_acordacidade-4.jpeg",640,480,false],"thumbnail":["https:\/\/noticiasbahia360.com.br\/wp-content\/uploads\/2025\/05\/aapc_neysilva_acordacidade-4-150x150.jpeg",150,150,true],"medium":["https:\/\/noticiasbahia360.com.br\/wp-content\/uploads\/2025\/05\/aapc_neysilva_acordacidade-4-300x225.jpeg",300,225,true],"medium_large":["https:\/\/noticiasbahia360.com.br\/wp-content\/uploads\/2025\/05\/aapc_neysilva_acordacidade-4.jpeg",640,480,false],"large":["https:\/\/noticiasbahia360.com.br\/wp-content\/uploads\/2025\/05\/aapc_neysilva_acordacidade-4.jpeg",640,480,false],"1536x1536":["https:\/\/noticiasbahia360.com.br\/wp-content\/uploads\/2025\/05\/aapc_neysilva_acordacidade-4.jpeg",640,480,false],"2048x2048":["https:\/\/noticiasbahia360.com.br\/wp-content\/uploads\/2025\/05\/aapc_neysilva_acordacidade-4.jpeg",640,480,false],"chromenews-featured":["https:\/\/noticiasbahia360.com.br\/wp-content\/uploads\/2025\/05\/aapc_neysilva_acordacidade-4.jpeg",640,480,false],"chromenews-large":["https:\/\/noticiasbahia360.com.br\/wp-content\/uploads\/2025\/05\/aapc_neysilva_acordacidade-4.jpeg",640,480,false],"chromenews-medium":["https:\/\/noticiasbahia360.com.br\/wp-content\/uploads\/2025\/05\/aapc_neysilva_acordacidade-4-590x410.jpeg",590,410,true]},"author_info":{"display_name":"noticiasbahia360.com.br","author_link":"https:\/\/noticiasbahia360.com.br\/?author=1"},"category_info":"<a href=\"https:\/\/noticiasbahia360.com.br\/?cat=8\" rel=\"category\">Bahia<\/a> <a href=\"https:\/\/noticiasbahia360.com.br\/?cat=9\" rel=\"category\">Brasil<\/a> <a href=\"https:\/\/noticiasbahia360.com.br\/?cat=6\" rel=\"category\">Feira de Santana<\/a> <a href=\"https:\/\/noticiasbahia360.com.br\/?cat=57\" rel=\"category\">Mundo<\/a> <a href=\"https:\/\/noticiasbahia360.com.br\/?cat=56\" rel=\"category\">Pol\u00edcia<\/a> <a href=\"https:\/\/noticiasbahia360.com.br\/?cat=10\" rel=\"category\">Pol\u00edtica<\/a>","tag_info":"Pol\u00edtica","comment_count":"0","_links":{"self":[{"href":"https:\/\/noticiasbahia360.com.br\/index.php?rest_route=\/wp\/v2\/posts\/87598","targetHints":{"allow":["GET"]}}],"collection":[{"href":"https:\/\/noticiasbahia360.com.br\/index.php?rest_route=\/wp\/v2\/posts"}],"about":[{"href":"https:\/\/noticiasbahia360.com.br\/index.php?rest_route=\/wp\/v2\/types\/post"}],"author":[{"embeddable":true,"href":"https:\/\/noticiasbahia360.com.br\/index.php?rest_route=\/wp\/v2\/users\/1"}],"replies":[{"embeddable":true,"href":"https:\/\/noticiasbahia360.com.br\/index.php?rest_route=%2Fwp%2Fv2%2Fcomments&post=87598"}],"version-history":[{"count":0,"href":"https:\/\/noticiasbahia360.com.br\/index.php?rest_route=\/wp\/v2\/posts\/87598\/revisions"}],"wp:featuredmedia":[{"embeddable":true,"href":"https:\/\/noticiasbahia360.com.br\/index.php?rest_route=\/wp\/v2\/media\/87599"}],"wp:attachment":[{"href":"https:\/\/noticiasbahia360.com.br\/index.php?rest_route=%2Fwp%2Fv2%2Fmedia&parent=87598"}],"wp:term":[{"taxonomy":"category","embeddable":true,"href":"https:\/\/noticiasbahia360.com.br\/index.php?rest_route=%2Fwp%2Fv2%2Fcategories&post=87598"},{"taxonomy":"post_tag","embeddable":true,"href":"https:\/\/noticiasbahia360.com.br\/index.php?rest_route=%2Fwp%2Fv2%2Ftags&post=87598"}],"curies":[{"name":"wp","href":"https:\/\/api.w.org\/{rel}","templated":true}]}}