{"id":87600,"date":"2025-05-26T16:00:33","date_gmt":"2025-05-26T19:00:33","guid":{"rendered":"https:\/\/noticiasbahia360.com.br\/?p=87600"},"modified":"2025-05-26T16:00:33","modified_gmt":"2025-05-26T19:00:33","slug":"sem-neymar-ancelotti-divulga-seus-primeiros-23-convocados-da-selecao-brasileira-veja-lista","status":"publish","type":"post","link":"https:\/\/noticiasbahia360.com.br\/?p=87600","title":{"rendered":"Sem Neymar, Ancelotti divulga seus primeiros 23 convocados da Sele\u00e7\u00e3o Brasileira; veja lista"},"content":{"rendered":"<div>\n<div>\n<figure><img decoding=\"async\" src=\"http:\/\/noticiasbahia360.com.br\/wp-content\/uploads\/2025\/05\/carlos-Ancelotti-treinador-da-selecao-brasileira-foto-reproducao-cbf.png\" alt=\"Carlos Ancelloti\"><figcaption>Foto: Reprodu\u00e7\u00e3o \/ Canal  da CBF no Youtube<\/figcaption><\/figure>\n<\/div>\n<p>O t\u00e9cnico Carlo Ancelotti divulgou, na tarde desta segunda-feira (26), \u00e0s 15h, a sua primeira lista de convocados para servirem a Sele\u00e7\u00e3o Brasileira de Futebol\u00a0nas disputas dos pr\u00f3ximos jogos das Eliminat\u00f3rias da Copa do Mundo de 2026. Entre os 23 convocados, surgiram surpresas como Estev\u00e3o e a n\u00e3o convoca\u00e7\u00e3o de Neymar. A cerim\u00f4nia de convoca\u00e7\u00e3o ocorreu no Hotel Grand Hyatt, na Barra da Tijuca, no Rio de Janeiro, local onde o treinador est\u00e1 hospedado.\u00a0<\/p>\n<p>Durante a apresenta\u00e7\u00e3o oficial do italiano como novo treinador da equipe, afirmou que \u00e9 uma grande honra comandar a Sele\u00e7\u00e3o.\u00a0 Al\u00e9m disso, convocou os torcedores do Brasil a acompanharem o comando junto com o t\u00e9cnico.<\/p>\n<p>\u201cPrimeiras impress\u00f5es s\u00e3o muito bonitas. \u00c9 uma honra, um grande orgulho comandar a sele\u00e7\u00e3o, que \u00e9 a melhor do mundo. Eu tenho um grande trabalho para fazer com que Brasil volte a ser campe\u00e3o, vamos juntos. Precisamos de todos voc\u00eas. Eu fui recebido aqui com muito carinho. \u00c9 a minha primeira vez, e estou muito contente. Eu estou muito animado e acho que vamos fazer um trabalho. Agrade\u00e7o \u00e0 CBF por me trazer aqui e ao Real Madrid por me dar essa oportunidade. O desafio \u00e9 muito grande. Eu sempre digo que tenho uma conex\u00e3o com este especial. O recebimento \u00e9 muito especial. Eu vou tentar realizar um trabalho com o n\u00edvel m\u00e1ximo.\u201d, completou.\u00a0<\/p>\n<p>Quarto colocado na tabela das Eliminat\u00f3rias com 21\u00a0pontos em 14 duelos disputados, o Brasil vai enfrentar o Equador, no dia cinco de junho, \u00e0s 20h (de Bras\u00edlia), no Est\u00e1dio Monumental Isidro Romero Carbo, no Equador, pela 15\u00aa rodada. J\u00e1 no dia 10, ter\u00e1 confronto contra o Paraguai, \u00e0s 21h45 (de Bras\u00edlia), na Neoqu\u00edmica Arena, em Sao Paulo, pela 16\u00aa rodada.<\/p>\n<div class=\"wp-block-group\">\n<div class=\"wp-block-group__inner-container is-layout-constrained wp-block-group-is-layout-constrained\">\n<p><strong>GOLEIROS<\/strong><\/p>\n<ul class=\"wp-block-list\">\n<li><strong>Alisson\u00a0<\/strong><\/li>\n<li><strong>Bento<\/strong><\/li>\n<li><strong>Hugo Souza<\/strong><\/li>\n<\/ul>\n<p><strong>DEFENSORES<\/strong><\/p>\n<div class=\"wp-block-group\">\n<div class=\"wp-block-group__inner-container is-layout-constrained wp-block-group-is-layout-constrained\">\n<ul class=\"wp-block-list\">\n<li><strong>Alex Sandro<\/strong><\/li>\n<li><strong>Alexsandro<\/strong><\/li>\n<li><strong>Lucas Beraldo<\/strong><\/li>\n<li><strong>Calos Augusto<\/strong><\/li>\n<li><strong>Danilo<\/strong><\/li>\n<li><strong>L\u00e9o Ortiz<\/strong><\/li>\n<li><strong>Marquinhos<\/strong><\/li>\n<li><strong>Vanderson<\/strong><\/li>\n<li><strong>Wesley<\/strong><\/li>\n<\/ul>\n<p><strong>MEIO-CAMPISTAS<\/strong><\/p>\n<ul class=\"wp-block-list\">\n<li><strong>Andreas Pereira<\/strong><\/li>\n<li><strong>Andrey Santos<\/strong><\/li>\n<li><strong>Bruno Guimar\u00e3es<\/strong><\/li>\n<li><strong>Casemiro<\/strong><\/li>\n<li><strong>Ederson<\/strong><\/li>\n<li><strong>Gerson<\/strong><\/li>\n<\/ul>\n<p><strong>ATACANTES<\/strong><\/p>\n<ul class=\"wp-block-list\">\n<li><strong>Antony\u00a0<\/strong><\/li>\n<li><strong>Estev\u00e3o<\/strong><\/li>\n<li><strong>Gabriel Martinelli<\/strong><\/li>\n<li><strong>Matheus Cunha<\/strong><\/li>\n<li><strong>Raphinha<\/strong><\/li>\n<li><strong>Richarlison<\/strong><\/li>\n<li><strong>Vini Jr.<\/strong><\/li>\n<\/ul>\n<\/div>\n<\/div>\n<\/div>\n<\/div>\n<p><em>Fonte: <a href=\"https:\/\/www.bahianoticias.com.br\/esportes\/noticia\/74256-sem-neymar-ancelotti-divulga-seus-primeiros-23-convocados-da-selecao-brasileira-veja-lista?googlenews=false&amp;utm_source=whatsapp&amp;utm_medium=tarde\">Bahia Not\u00edcias<\/a>, parceiro do Acorda Cidade <\/em><\/p>\n<p><em>Siga o Acorda Cidade no<\/em><a href=\"https:\/\/news.google.com\/search?q=acorda%20cidade&amp;hl=pt-BR&amp;gl=BR&amp;ceid=BR%3Apt-419\"><strong><em>\u00a0Google Not\u00edcias<\/em><\/strong><\/a><em>\u00a0e receba os principais destaques do dia. Participe tamb\u00e9m dos nossos canais no\u00a0<\/em><a href=\"https:\/\/www.whatsapp.com\/channel\/0029Va6Rb4v3WHTNnsh8WI3N\"><strong><em>WhatsApp<\/em><\/strong><\/a><em>\u00a0e\u00a0<\/em><a href=\"https:\/\/www.youtube.com\/@acordacidadenoticias\/videos\"><strong>YouTube<\/strong><\/a><em>\u00a0e do grupo no\u00a0<\/em><a href=\"https:\/\/t.me\/+sSz0khrgARA0ZmRh\"><strong><em>Telegram<\/em><\/strong><\/a><\/p>\n<\/div>\n","protected":false},"excerpt":{"rendered":"<div>\n<div>\n<figure><img decoding=\"async\" src=\"https:\/\/uploads.acordacidade.com.br\/2025\/05\/carlos-Ancelotti-treinador-da-selecao-brasileira-foto-reproducao-cbf.png\" alt=\"Carlos Ancelloti\"><figcaption>Foto: Reprodu\u00e7\u00e3o \/ Canal  da CBF no Youtube<\/figcaption><\/figure>\n<\/div>\n<p>Durante a apresenta\u00e7\u00e3o oficial do italiano como novo treinador da equipe, afirmou que \u00e9 uma grande honra comandar a Sele\u00e7\u00e3o.<\/p><\/div>\n","protected":false},"author":1,"featured_media":87601,"comment_status":"closed","ping_status":"closed","sticky":false,"template":"","format":"gallery","meta":{"footnotes":""},"categories":[8,9,6,57,56,10],"tags":[],"class_list":["post-87600","post","type-post","status-publish","format-gallery","has-post-thumbnail","hentry","category-bahia","category-brasil","category-feira-de-santana","category-mundo","category-policia","category-politica","post_format-post-format-gallery"],"featured_image_urls":{"full":["https:\/\/noticiasbahia360.com.br\/wp-content\/uploads\/2025\/05\/carlos-Ancelotti-treinador-da-selecao-brasileira-foto-reproducao-cbf.png",1200,675,false],"thumbnail":["https:\/\/noticiasbahia360.com.br\/wp-content\/uploads\/2025\/05\/carlos-Ancelotti-treinador-da-selecao-brasileira-foto-reproducao-cbf-150x150.png",150,150,true],"medium":["https:\/\/noticiasbahia360.com.br\/wp-content\/uploads\/2025\/05\/carlos-Ancelotti-treinador-da-selecao-brasileira-foto-reproducao-cbf-300x169.png",300,169,true],"medium_large":["https:\/\/noticiasbahia360.com.br\/wp-content\/uploads\/2025\/05\/carlos-Ancelotti-treinador-da-selecao-brasileira-foto-reproducao-cbf-768x432.png",640,360,true],"large":["https:\/\/noticiasbahia360.com.br\/wp-content\/uploads\/2025\/05\/carlos-Ancelotti-treinador-da-selecao-brasileira-foto-reproducao-cbf-1024x576.png",640,360,true],"1536x1536":["https:\/\/noticiasbahia360.com.br\/wp-content\/uploads\/2025\/05\/carlos-Ancelotti-treinador-da-selecao-brasileira-foto-reproducao-cbf.png",1200,675,false],"2048x2048":["https:\/\/noticiasbahia360.com.br\/wp-content\/uploads\/2025\/05\/carlos-Ancelotti-treinador-da-selecao-brasileira-foto-reproducao-cbf.png",1200,675,false],"chromenews-featured":["https:\/\/noticiasbahia360.com.br\/wp-content\/uploads\/2025\/05\/carlos-Ancelotti-treinador-da-selecao-brasileira-foto-reproducao-cbf-1024x576.png",1024,576,true],"chromenews-large":["https:\/\/noticiasbahia360.com.br\/wp-content\/uploads\/2025\/05\/carlos-Ancelotti-treinador-da-selecao-brasileira-foto-reproducao-cbf-825x575.png",825,575,true],"chromenews-medium":["https:\/\/noticiasbahia360.com.br\/wp-content\/uploads\/2025\/05\/carlos-Ancelotti-treinador-da-selecao-brasileira-foto-reproducao-cbf-590x410.png",590,410,true]},"author_info":{"display_name":"noticiasbahia360.com.br","author_link":"https:\/\/noticiasbahia360.com.br\/?author=1"},"category_info":"<a href=\"https:\/\/noticiasbahia360.com.br\/?cat=8\" rel=\"category\">Bahia<\/a> <a href=\"https:\/\/noticiasbahia360.com.br\/?cat=9\" rel=\"category\">Brasil<\/a> <a href=\"https:\/\/noticiasbahia360.com.br\/?cat=6\" rel=\"category\">Feira de Santana<\/a> <a href=\"https:\/\/noticiasbahia360.com.br\/?cat=57\" rel=\"category\">Mundo<\/a> <a href=\"https:\/\/noticiasbahia360.com.br\/?cat=56\" rel=\"category\">Pol\u00edcia<\/a> <a href=\"https:\/\/noticiasbahia360.com.br\/?cat=10\" rel=\"category\">Pol\u00edtica<\/a>","tag_info":"Pol\u00edtica","comment_count":"0","_links":{"self":[{"href":"https:\/\/noticiasbahia360.com.br\/index.php?rest_route=\/wp\/v2\/posts\/87600","targetHints":{"allow":["GET"]}}],"collection":[{"href":"https:\/\/noticiasbahia360.com.br\/index.php?rest_route=\/wp\/v2\/posts"}],"about":[{"href":"https:\/\/noticiasbahia360.com.br\/index.php?rest_route=\/wp\/v2\/types\/post"}],"author":[{"embeddable":true,"href":"https:\/\/noticiasbahia360.com.br\/index.php?rest_route=\/wp\/v2\/users\/1"}],"replies":[{"embeddable":true,"href":"https:\/\/noticiasbahia360.com.br\/index.php?rest_route=%2Fwp%2Fv2%2Fcomments&post=87600"}],"version-history":[{"count":0,"href":"https:\/\/noticiasbahia360.com.br\/index.php?rest_route=\/wp\/v2\/posts\/87600\/revisions"}],"wp:featuredmedia":[{"embeddable":true,"href":"https:\/\/noticiasbahia360.com.br\/index.php?rest_route=\/wp\/v2\/media\/87601"}],"wp:attachment":[{"href":"https:\/\/noticiasbahia360.com.br\/index.php?rest_route=%2Fwp%2Fv2%2Fmedia&parent=87600"}],"wp:term":[{"taxonomy":"category","embeddable":true,"href":"https:\/\/noticiasbahia360.com.br\/index.php?rest_route=%2Fwp%2Fv2%2Fcategories&post=87600"},{"taxonomy":"post_tag","embeddable":true,"href":"https:\/\/noticiasbahia360.com.br\/index.php?rest_route=%2Fwp%2Fv2%2Ftags&post=87600"}],"curies":[{"name":"wp","href":"https:\/\/api.w.org\/{rel}","templated":true}]}} 