{"id":87602,"date":"2025-05-26T16:31:11","date_gmt":"2025-05-26T19:31:11","guid":{"rendered":"https:\/\/noticiasbahia360.com.br\/?p=87602"},"modified":"2025-05-26T16:31:11","modified_gmt":"2025-05-26T19:31:11","slug":"unifan-realiza-evento-sobre-inovacao-e-tecnologia","status":"publish","type":"post","link":"https:\/\/noticiasbahia360.com.br\/?p=87602","title":{"rendered":"UNIFAN realiza evento sobre inova\u00e7\u00e3o e tecnologia"},"content":{"rendered":"<div>\n<div>\n<figure><img decoding=\"async\" src=\"http:\/\/noticiasbahia360.com.br\/wp-content\/uploads\/2025\/05\/dRrdvm9W-Unifan-centro-universitario-nobre-em-Feira-de-Santana-foto-divulgacao.jpg\" alt=\"Unifan centro universit\u00e1rio nobre em Feira de Santana foto divulga\u00e7\u00e3o\"><figcaption>Foto: Divulga\u00e7\u00e3o<\/figcaption><\/figure>\n<\/div>\n<p>O Centro Universit\u00e1rio Nobre (UNIFAN) realizar\u00e1 nesta semana o evento CyberFan 2025, uma oportunidade que visa discuss\u00f5es sobre inova\u00e7\u00e3o e compartilhamento de conhecimento na \u00e1rea de tecnologia.\u00a0<\/p>\n<p>A proposta principal \u00e9 reunir profissionais, estudantes e entusiastas para debater tend\u00eancias, desafios e oportunidades no setor, com uma programa\u00e7\u00e3o din\u00e2mica, pr\u00e1tica e interativa.<\/p>\n<p>No evento ser\u00e3o abordadas tem\u00e1ticas como Intelig\u00eancia Artificial, Aprendizado de M\u00e1quina, IoT, al\u00e9m de pain\u00e9is e atividades que ir\u00e3o gerar oportunidade de conex\u00e3o para networking e startups.\u00a0<\/p>\n<p>O evento de tecnologia acontecer\u00e1 nos dias 27 e 28 de maio das 19h \u00e0s 22h, na quadra de esportes da UNIFAN que fica localizada na Av. Maria Quit\u00e9ria, n\u00ba 2116, Centro de <a href=\"https:\/\/www.acordacidade.com.br\/tag\/feira-de-santana\/\">Feira de Santana<\/a>.<\/p>\n<p>Os ingressos custam a partir de R$20,00 e poder\u00e3o ser adquiridos at\u00e9 as 19h desta segunda-feira (26). As palestras e minicursos ter\u00e3o 10h de carga hor\u00e1ria.<\/p>\n<p><a href=\"https:\/\/www.sympla.com.br\/evento\/cyberfan\/2929776\">Clique aqui<\/a> para realizar a inscri\u00e7\u00e3o.<\/p>\n<figure class=\"wp-block-image size-large\"><img fetchpriority=\"high\" data-dominant-color=\"362251\" data-has-transparency=\"false\" style=\"--dominant-color: #362251;\" fetchpriority=\"high\" decoding=\"async\" width=\"1024\" height=\"625\" sizes=\"(max-width: 1024px) 100vw, 1024px\" src=\"http:\/\/noticiasbahia360.com.br\/wp-content\/uploads\/2025\/05\/qS5DXviz-cyberfan_eventounifan_fotodivulgacao-1024x625-1.webp\" alt=\"Card evento CyberFan da UNIFAN\" class=\"wp-image-558325 not-transparent\" srcset=\"https:\/\/uploads.acordacidade.com.br\/2025\/05\/qS5DXviz-cyberfan_eventounifan_fotodivulgacao-300x183.webp 300w, http:\/\/noticiasbahia360.com.br\/wp-content\/uploads\/2025\/05\/qS5DXviz-cyberfan_eventounifan_fotodivulgacao-1024x625-1.webp 1024w, https:\/\/uploads.acordacidade.com.br\/2025\/05\/qS5DXviz-cyberfan_eventounifan_fotodivulgacao-768x469.webp 768w, https:\/\/uploads.acordacidade.com.br\/2025\/05\/qS5DXviz-cyberfan_eventounifan_fotodivulgacao-150x92.webp 150w, https:\/\/uploads.acordacidade.com.br\/2025\/05\/qS5DXviz-cyberfan_eventounifan_fotodivulgacao.webp 1200w\"><figcaption class=\"wp-element-caption\">Divulga\u00e7\u00e3o<\/figcaption><\/figure>\n<p><em>Siga o Acorda Cidade no<\/em><a href=\"https:\/\/news.google.com\/search?q=acorda%20cidade&amp;hl=pt-BR&amp;gl=BR&amp;ceid=BR%3Apt-419\"><strong><em> Google Not\u00edcias<\/em><\/strong><\/a><em> e receba os principais destaques do dia. Participe tamb\u00e9m dos nossos canais no <\/em><a href=\"https:\/\/whatsapp.com\/channel\/0029Va6Rb4v3WHTNnsh8WI3N\"><strong><em>WhatsApp<\/em><\/strong><\/a><em> e <\/em><a href=\"https:\/\/www.youtube.com\/@acordacidadenoticias\/videos\"><strong>Youtube<\/strong><\/a><em> e grupo de <\/em><a href=\"https:\/\/t.me\/+sSz0khrgARA0ZmRh\"><strong><em>Telegram<\/em><\/strong><\/a><em>.<\/em><\/p>\n<\/div>\n","protected":false},"excerpt":{"rendered":"<div>\n<div>\n<figure><img decoding=\"async\" src=\"https:\/\/uploads.acordacidade.com.br\/2024\/11\/dRrdvm9W-Unifan-centro-universitario-nobre-em-Feira-de-Santana-foto-divulgacao.jpg\" alt=\"Unifan centro universit\u00e1rio nobre em Feira de Santana foto divulga\u00e7\u00e3o\"><figcaption>Foto: Divulga\u00e7\u00e3o<\/figcaption><\/figure>\n<\/div>\n<p>Inscri\u00e7\u00f5es v\u00e3o at\u00e9 \u00e0s 19h de hoje (26) com ingressos a partir de R$20,00<\/p><\/div>\n","protected":false},"author":1,"featured_media":87603,"comment_status":"closed","ping_status":"closed","sticky":false,"template":"","format":"gallery","meta":{"footnotes":""},"categories":[8,9,6,57,56,10],"tags":[],"class_list":["post-87602","post","type-post","status-publish","format-gallery","has-post-thumbnail","hentry","category-bahia","category-brasil","category-feira-de-santana","category-mundo","category-policia","category-politica","post_format-post-format-gallery"],"featured_image_urls":{"full":["https:\/\/noticiasbahia360.com.br\/wp-content\/uploads\/2025\/05\/dRrdvm9W-Unifan-centro-universitario-nobre-em-Feira-de-Santana-foto-divulgacao.jpg",800,560,false],"thumbnail":["https:\/\/noticiasbahia360.com.br\/wp-content\/uploads\/2025\/05\/dRrdvm9W-Unifan-centro-universitario-nobre-em-Feira-de-Santana-foto-divulgacao-150x150.jpg",150,150,true],"medium":["https:\/\/noticiasbahia360.com.br\/wp-content\/uploads\/2025\/05\/dRrdvm9W-Unifan-centro-universitario-nobre-em-Feira-de-Santana-foto-divulgacao-300x210.jpg",300,210,true],"medium_large":["https:\/\/noticiasbahia360.com.br\/wp-content\/uploads\/2025\/05\/dRrdvm9W-Unifan-centro-universitario-nobre-em-Feira-de-Santana-foto-divulgacao-768x538.jpg",640,448,true],"large":["https:\/\/noticiasbahia360.com.br\/wp-content\/uploads\/2025\/05\/dRrdvm9W-Unifan-centro-universitario-nobre-em-Feira-de-Santana-foto-divulgacao.jpg",640,448,false],"1536x1536":["https:\/\/noticiasbahia360.com.br\/wp-content\/uploads\/2025\/05\/dRrdvm9W-Unifan-centro-universitario-nobre-em-Feira-de-Santana-foto-divulgacao.jpg",800,560,false],"2048x2048":["https:\/\/noticiasbahia360.com.br\/wp-content\/uploads\/2025\/05\/dRrdvm9W-Unifan-centro-universitario-nobre-em-Feira-de-Santana-foto-divulgacao.jpg",800,560,false],"chromenews-featured":["https:\/\/noticiasbahia360.com.br\/wp-content\/uploads\/2025\/05\/dRrdvm9W-Unifan-centro-universitario-nobre-em-Feira-de-Santana-foto-divulgacao.jpg",800,560,false],"chromenews-large":["https:\/\/noticiasbahia360.com.br\/wp-content\/uploads\/2025\/05\/dRrdvm9W-Unifan-centro-universitario-nobre-em-Feira-de-Santana-foto-divulgacao.jpg",800,560,false],"chromenews-medium":["https:\/\/noticiasbahia360.com.br\/wp-content\/uploads\/2025\/05\/dRrdvm9W-Unifan-centro-universitario-nobre-em-Feira-de-Santana-foto-divulgacao-590x410.jpg",590,410,true]},"author_info":{"display_name":"noticiasbahia360.com.br","author_link":"https:\/\/noticiasbahia360.com.br\/?author=1"},"category_info":"<a href=\"https:\/\/noticiasbahia360.com.br\/?cat=8\" rel=\"category\">Bahia<\/a> <a href=\"https:\/\/noticiasbahia360.com.br\/?cat=9\" rel=\"category\">Brasil<\/a> <a href=\"https:\/\/noticiasbahia360.com.br\/?cat=6\" rel=\"category\">Feira de Santana<\/a> <a href=\"https:\/\/noticiasbahia360.com.br\/?cat=57\" rel=\"category\">Mundo<\/a> <a href=\"https:\/\/noticiasbahia360.com.br\/?cat=56\" rel=\"category\">Pol\u00edcia<\/a> <a href=\"https:\/\/noticiasbahia360.com.br\/?cat=10\" rel=\"category\">Pol\u00edtica<\/a>","tag_info":"Pol\u00edtica","comment_count":"0","_links":{"self":[{"href":"https:\/\/noticiasbahia360.com.br\/index.php?rest_route=\/wp\/v2\/posts\/87602","targetHints":{"allow":["GET"]}}],"collection":[{"href":"https:\/\/noticiasbahia360.com.br\/index.php?rest_route=\/wp\/v2\/posts"}],"about":[{"href":"https:\/\/noticiasbahia360.com.br\/index.php?rest_route=\/wp\/v2\/types\/post"}],"author":[{"embeddable":true,"href":"https:\/\/noticiasbahia360.com.br\/index.php?rest_route=\/wp\/v2\/users\/1"}],"replies":[{"embeddable":true,"href":"https:\/\/noticiasbahia360.com.br\/index.php?rest_route=%2Fwp%2Fv2%2Fcomments&post=87602"}],"version-history":[{"count":0,"href":"https:\/\/noticiasbahia360.com.br\/index.php?rest_route=\/wp\/v2\/posts\/87602\/revisions"}],"wp:featuredmedia":[{"embeddable":true,"href":"https:\/\/noticiasbahia360.com.br\/index.php?rest_route=\/wp\/v2\/media\/87603"}],"wp:attachment":[{"href":"https:\/\/noticiasbahia360.com.br\/index.php?rest_route=%2Fwp%2Fv2%2Fmedia&parent=87602"}],"wp:term":[{"taxonomy":"category","embeddable":true,"href":"https:\/\/noticiasbahia360.com.br\/index.php?rest_route=%2Fwp%2Fv2%2Fcategories&post=87602"},{"taxonomy":"post_tag","embeddable":true,"href":"https:\/\/noticiasbahia360.com.br\/index.php?rest_route=%2Fwp%2Fv2%2Ftags&post=87602"}],"curies":[{"name":"wp","href":"https:\/\/api.w.org\/{rel}","templated":true}]}}