{"id":87605,"date":"2025-05-26T16:50:14","date_gmt":"2025-05-26T19:50:14","guid":{"rendered":"https:\/\/noticiasbahia360.com.br\/?p=87605"},"modified":"2025-05-26T16:50:14","modified_gmt":"2025-05-26T19:50:14","slug":"comunicar-a-verdade","status":"publish","type":"post","link":"https:\/\/noticiasbahia360.com.br\/?p=87605","title":{"rendered":"Comunicar a verdade"},"content":{"rendered":"<div>\n<div>\n<figure><img decoding=\"async\" src=\"http:\/\/noticiasbahia360.com.br\/wp-content\/uploads\/2025\/05\/comunicacao-.jpg\" alt=\"Comunicar a verdade\"><figcaption>Foto: Freepik<\/figcaption><\/figure>\n<\/div>\n<p><strong>No pr\u00f3ximo domingo, primeiro de junho, vamos celebrar o Dia Mundial das Comunica\u00e7\u00f5es Sociais. Comunicar-se, n\u00e3o \u00e9 somente expressar por palavras, aquilo que queremos que os outros ou\u00e7am. \u00c9 fazer com que os outros compreendam claramente o que lhes estamos comunicando. Mais ainda, que os destinat\u00e1rios da mensagem reajam, de alguma maneira, ao que lhes comunicamos.<\/strong><\/p>\n<p><strong>NO QUE <\/strong>se refere \u00e0 Comunica\u00e7\u00e3o Social, algumas m\u00eddias, hoje, infelizmente, n\u00e3o parecem condizer com a sua verdadeira finalidade. Com frequ\u00eancia, gera medo, preconceitos, rancores, fanatismo e \u00f3dio. Usa-se a palavra como arma para enviar mensagens destinadas a exaltar \u00e2nimos, provocar e ofender. Constatamos, tamb\u00e9m, o risco da manipula\u00e7\u00e3o da opini\u00e3o p\u00fablica por parte da \u201cgrande m\u00eddia\u201d. Como \u201cdesarmar\u201d a comunica\u00e7\u00e3o e evitar toda a forma de agressividade?<\/p>\n<p><strong>OUTRO FATO<\/strong> relevante, que \u00e9 um fen\u00f4meno antigo, mas com roupagem nova e, com diversas fontes e objetivos, chama a aten\u00e7\u00e3o de todos, s\u00e3o as informa\u00e7\u00f5es falsas ou distorcidas, mundialmente chamadas de <a href=\"https:\/\/www.acordacidade.com.br\/tag\/fake-news\/\">Fake News<\/a>. S\u00e3o produzidas e postas em circula\u00e7\u00e3o para fins pol\u00edticos, publicit\u00e1rios ou medi\u00e1ticos. O objetivo de difundir tais not\u00edcias \u00e9 obter o m\u00e1ximo de \u201ccurtidas\u201d, cliques, visualiza\u00e7\u00f5es e compartilhamentos. Em tudo isso est\u00e1 em cheque a verdade.<\/p>\n<p><strong>NO ENTANTO<\/strong>, as redes sociais tem um aspecto muito positivo. Pela sua facilidade de uso, seu alcance e abrang\u00eancia possibilitam que todos \u201cusem da palavra\u201d. As pessoas passam a n\u00e3o querer apenas \u201couvir, ler e ver\u201d o mundo, a partir do ponto de vista da \u201cgrande m\u00eddia\u201d, mas tamb\u00e9m diz\u00ea-lo, mostr\u00e1-lo, produzi-lo e constru\u00ed-lo por conta pr\u00f3pria. Por isso, a informa\u00e7\u00e3o, hoje, n\u00e3o \u00e9 mais privil\u00e9gio de alguns porque cada pessoa pode ter acesso a qualquer not\u00edcia, em um clicar de bot\u00f5es.<\/p>\n<p><strong>COMO<\/strong> encontrar a verdade no meio do \u201ccaos medi\u00e1tico\u201d em que vivemos? Como agir, preventivamente, para n\u00e3o disseminar Fake News? A resposta foi dada pelo Papa Francisco: \u201cAs redes sociais devem ser um caminho para construir a unidade, transmitir a verdade e incentivar a uni\u00e3o entre pessoas, comunidades e lugares. N\u00e3o podem ser espa\u00e7os de mentiras, divis\u00f5es e \u00f3dio. A comunica\u00e7\u00e3o que favorece a comunh\u00e3o est\u00e1 a servi\u00e7o da verdade\u201d.<\/p>\n<p><strong>PARA N\u00d3S<\/strong> crist\u00e3os, a verdade tem nome e rosto, \u00e9 Jesus Cristo. \u00c9 na unidade e comunica\u00e7\u00e3o com ele que encontramos a verdade. Ou melhor, somos encontrados pela verdade. A Palavra de Deus denuncia a gravidade das not\u00edcias falsas: \u201cV\u00f3s sois do diabo, nele n\u00e3o h\u00e1 verdade, quando ele mente, fala do que lhe \u00e9 pr\u00f3prio, porque \u00e9 mentiroso e pai da mentira. A verdade vos tornar\u00e1 livres\u201d (Jo 8,32). E, o Livro dos Prov\u00e9rbios, afirma: \u201cO Senhor detesta quem profere mentiras e semeia a disc\u00f3rdia entre irm\u00e3os\u201d (Prov. 6,16).<\/p>\n<p><strong>Dom Itamar Vian<br \/>Arcebispo Em\u00e9rito<br \/>di.vianfs@ig.com.br<\/strong><\/p>\n<p><em>Siga o Acorda Cidade no<\/em><a href=\"https:\/\/news.google.com\/search?q=acorda%20cidade&amp;hl=pt-BR&amp;gl=BR&amp;ceid=BR%3Apt-419\"><strong><em>\u00a0Google Not\u00edcias<\/em><\/strong><\/a><em>\u00a0e receba os principais destaques do dia. Participe tamb\u00e9m dos nossos canais no\u00a0<\/em><a href=\"https:\/\/www.whatsapp.com\/channel\/0029Va6Rb4v3WHTNnsh8WI3N\"><strong><em>WhatsApp<\/em><\/strong><\/a><em>\u00a0e\u00a0<\/em><a href=\"https:\/\/www.youtube.com\/@acordacidadenoticias\/videos\"><strong>YouTube<\/strong><\/a><em>\u00a0e grupo de\u00a0<\/em><a href=\"https:\/\/t.me\/+sSz0khrgARA0ZmRh\"><strong><em>Telegram<\/em><\/strong><\/a><em>.<\/em><\/p>\n<\/div>\n","protected":false},"excerpt":{"rendered":"<div>\n<div>\n<figure><img decoding=\"async\" src=\"https:\/\/uploads.acordacidade.com.br\/2025\/05\/comunicacao-.jpg\" alt=\"Comunicar a verdade\"><figcaption>Foto: Freepik<\/figcaption><\/figure>\n<\/div>\n<p>Como agir, preventivamente, para n\u00e3o disseminar Fake News?<\/p><\/div>\n","protected":false},"author":1,"featured_media":87606,"comment_status":"closed","ping_status":"closed","sticky":false,"template":"","format":"gallery","meta":{"footnotes":""},"categories":[8,9,6,57,56,10],"tags":[],"class_list":["post-87605","post","type-post","status-publish","format-gallery","has-post-thumbnail","hentry","category-bahia","category-brasil","category-feira-de-santana","category-mundo","category-policia","category-politica","post_format-post-format-gallery"],"featured_image_urls":{"full":["https:\/\/noticiasbahia360.com.br\/wp-content\/uploads\/2025\/05\/comunicacao-.jpg",1200,800,false],"thumbnail":["https:\/\/noticiasbahia360.com.br\/wp-content\/uploads\/2025\/05\/comunicacao--150x150.jpg",150,150,true],"medium":["https:\/\/noticiasbahia360.com.br\/wp-content\/uploads\/2025\/05\/comunicacao--300x200.jpg",300,200,true],"medium_large":["https:\/\/noticiasbahia360.com.br\/wp-content\/uploads\/2025\/05\/comunicacao--768x512.jpg",640,427,true],"large":["https:\/\/noticiasbahia360.com.br\/wp-content\/uploads\/2025\/05\/comunicacao--1024x683.jpg",640,427,true],"1536x1536":["https:\/\/noticiasbahia360.com.br\/wp-content\/uploads\/2025\/05\/comunicacao-.jpg",1200,800,false],"2048x2048":["https:\/\/noticiasbahia360.com.br\/wp-content\/uploads\/2025\/05\/comunicacao-.jpg",1200,800,false],"chromenews-featured":["https:\/\/noticiasbahia360.com.br\/wp-content\/uploads\/2025\/05\/comunicacao--1024x683.jpg",1024,683,true],"chromenews-large":["https:\/\/noticiasbahia360.com.br\/wp-content\/uploads\/2025\/05\/comunicacao--825x575.jpg",825,575,true],"chromenews-medium":["https:\/\/noticiasbahia360.com.br\/wp-content\/uploads\/2025\/05\/comunicacao--590x410.jpg",590,410,true]},"author_info":{"display_name":"noticiasbahia360.com.br","author_link":"https:\/\/noticiasbahia360.com.br\/?author=1"},"category_info":"<a href=\"https:\/\/noticiasbahia360.com.br\/?cat=8\" rel=\"category\">Bahia<\/a> <a href=\"https:\/\/noticiasbahia360.com.br\/?cat=9\" rel=\"category\">Brasil<\/a> <a href=\"https:\/\/noticiasbahia360.com.br\/?cat=6\" rel=\"category\">Feira de Santana<\/a> <a href=\"https:\/\/noticiasbahia360.com.br\/?cat=57\" rel=\"category\">Mundo<\/a> <a href=\"https:\/\/noticiasbahia360.com.br\/?cat=56\" rel=\"category\">Pol\u00edcia<\/a> <a href=\"https:\/\/noticiasbahia360.com.br\/?cat=10\" rel=\"category\">Pol\u00edtica<\/a>","tag_info":"Pol\u00edtica","comment_count":"0","_links":{"self":[{"href":"https:\/\/noticiasbahia360.com.br\/index.php?rest_route=\/wp\/v2\/posts\/87605","targetHints":{"allow":["GET"]}}],"collection":[{"href":"https:\/\/noticiasbahia360.com.br\/index.php?rest_route=\/wp\/v2\/posts"}],"about":[{"href":"https:\/\/noticiasbahia360.com.br\/index.php?rest_route=\/wp\/v2\/types\/post"}],"author":[{"embeddable":true,"href":"https:\/\/noticiasbahia360.com.br\/index.php?rest_route=\/wp\/v2\/users\/1"}],"replies":[{"embeddable":true,"href":"https:\/\/noticiasbahia360.com.br\/index.php?rest_route=%2Fwp%2Fv2%2Fcomments&post=87605"}],"version-history":[{"count":0,"href":"https:\/\/noticiasbahia360.com.br\/index.php?rest_route=\/wp\/v2\/posts\/87605\/revisions"}],"wp:featuredmedia":[{"embeddable":true,"href":"https:\/\/noticiasbahia360.com.br\/index.php?rest_route=\/wp\/v2\/media\/87606"}],"wp:attachment":[{"href":"https:\/\/noticiasbahia360.com.br\/index.php?rest_route=%2Fwp%2Fv2%2Fmedia&parent=87605"}],"wp:term":[{"taxonomy":"category","embeddable":true,"href":"https:\/\/noticiasbahia360.com.br\/index.php?rest_route=%2Fwp%2Fv2%2Fcategories&post=87605"},{"taxonomy":"post_tag","embeddable":true,"href":"https:\/\/noticiasbahia360.com.br\/index.php?rest_route=%2Fwp%2Fv2%2Ftags&post=87605"}],"curies":[{"name":"wp","href":"https:\/\/api.w.org\/{rel}","templated":true}]}}