{"id":87607,"date":"2025-05-26T17:07:10","date_gmt":"2025-05-26T20:07:10","guid":{"rendered":"https:\/\/noticiasbahia360.com.br\/?p=87607"},"modified":"2025-05-26T17:07:10","modified_gmt":"2025-05-26T20:07:10","slug":"morre-motociclista-que-derrapou-em-oleo-apos-carreta-tombar-na-entrada-de-feira-de-santana","status":"publish","type":"post","link":"https:\/\/noticiasbahia360.com.br\/?p=87607","title":{"rendered":"Morre motociclista que derrapou em \u00f3leo ap\u00f3s carreta tombar na entrada de Feira de Santana"},"content":{"rendered":"<div>\n<div>\n<figure><img decoding=\"async\" src=\"http:\/\/noticiasbahia360.com.br\/wp-content\/uploads\/2025\/05\/Angelo-Eduardo-Ramos-Mascarenhas-foto-reproducao-.jpg\" alt=\"motociclista\"><figcaption>\u00c2ngelo Eduardo Ramos Mascarenhas | Foto: Reprodu\u00e7\u00e3o <\/figcaption><\/figure>\n<\/div>\n<p>O motociclista que colidiu com uma carreta ap\u00f3s derrapar em um trecho com \u00f3leo automotivo na BR-324 morreu no Hospital Geral Cl\u00e9riston Andrade (HGCA), em Feira de Santana. <strong>\u00c2ngelo Eduardo Ramos Mascarenhas<\/strong>, que completou 47 anos no \u00faltimo dia cinco, <strong>se envolveu no acidente na manh\u00e3 desta segunda-feira (26)<\/strong>.<\/p>\n<div class=\"wp-block-group\">\n<div class=\"wp-block-group__inner-container is-layout-constrained wp-block-group-is-layout-constrained\">\n<div class=\"wp-block-group\">\n<div class=\"wp-block-group__inner-container is-layout-constrained wp-block-group-is-layout-constrained\">\n<h2 class=\"wp-block-heading\" id=\"h-entenda-o-que-aconteceu\">Entenda o que aconteceu<\/h2>\n<p>Na manh\u00e3 desta segunda (26), <a href=\"https:\/\/www.acordacidade.com.br\/feira-de-santana\/carreta-vira-na-br-324-em-feira-de-santana-e-oleo-derramado-provoca-outros-acidentes\/\">uma carreta tombou<\/a> em um trecho da BR-324, pr\u00f3ximo ao viaduto Portal do Sert\u00e3o, em Feira de Santana. <strong>O fato foi suficiente para gerar uma s\u00e9rie de outros acidentes, pois com o tombamento, o ve\u00edculo derramou \u00f3leo na rodovia.<\/strong> A carreta virou na faixa sentido Salvador. O motorista foi socorrido ao HGCA.<\/p>\n<figure class=\"wp-block-image size-large\"><img fetchpriority=\"high\" data-dominant-color=\"6d7275\" data-has-transparency=\"false\" style=\"--dominant-color: #6d7275;\" fetchpriority=\"high\" decoding=\"async\" width=\"1024\" height=\"768\" sizes=\"(max-width: 1024px) 100vw, 1024px\" src=\"http:\/\/noticiasbahia360.com.br\/wp-content\/uploads\/2025\/05\/ZEY7Z9hA-Carreta-vira-e-oleo-derramado-provoca-outros-acidentes-1024x768-2.webp\" alt=\"Carreta vira na BR-324 em Feira de Santana e \u00f3leo derramado provoca outros acidentes\" class=\"wp-image-558070 not-transparent\" srcset=\"https:\/\/uploads.acordacidade.com.br\/2025\/05\/ZEY7Z9hA-Carreta-vira-e-oleo-derramado-provoca-outros-acidentes-300x225.webp 300w, http:\/\/noticiasbahia360.com.br\/wp-content\/uploads\/2025\/05\/ZEY7Z9hA-Carreta-vira-e-oleo-derramado-provoca-outros-acidentes-1024x768-2.webp 1024w, https:\/\/uploads.acordacidade.com.br\/2025\/05\/ZEY7Z9hA-Carreta-vira-e-oleo-derramado-provoca-outros-acidentes-768x576.webp 768w, https:\/\/uploads.acordacidade.com.br\/2025\/05\/ZEY7Z9hA-Carreta-vira-e-oleo-derramado-provoca-outros-acidentes-150x113.webp 150w, https:\/\/uploads.acordacidade.com.br\/2025\/05\/ZEY7Z9hA-Carreta-vira-e-oleo-derramado-provoca-outros-acidentes.webp 1200w\"><figcaption class=\"wp-element-caption\">Foto: Ed Santos\/Acorda Cidade<\/figcaption><\/figure>\n<p>\u00c2ngelo Eduardo estava pilotando uma motocicleta quando, ao tentar passar pelo trecho com \u00f3leo, perdeu o controle do ve\u00edculo, deslizando sobre a estrada de maneira desgovernada, e acabou colidindo contra <strong>outra carreta<\/strong>. O motociclista teve fratura exposta, tamb\u00e9m chegou a ser socorrido ao HGCA, mas n\u00e3o resistiu aos ferimentos.<\/p>\n<\/div>\n<\/div>\n<\/div>\n<\/div>\n<div class=\"wp-block-group\">\n<div class=\"wp-block-group__inner-container is-layout-constrained wp-block-group-is-layout-constrained\">\n<h2 class=\"wp-block-heading\" id=\"h-efeito-domino\">Efeito domin\u00f3<\/h2>\n<p>Uma <strong>terceira carreta<\/strong> tamb\u00e9m se envolveu no acidente. O ve\u00edculo tentou passar pelo mesmo trecho, derrapou por conta do ac\u00famulo de \u00f3leo na estrada e acabou batendo na prote\u00e7\u00e3o met\u00e1lica, popularmente chamada de guard rail, \u00e0s margens da rodovia. <strong>O acidente provocou um grande engarrafamento.<\/strong><\/p>\n<figure class=\"wp-block-image size-large\"><img data-dominant-color=\"5f665d\" data-has-transparency=\"false\" style=\"--dominant-color: #5f665d;\" decoding=\"async\" width=\"1024\" height=\"576\" sizes=\"(max-width: 1024px) 100vw, 1024px\" src=\"http:\/\/noticiasbahia360.com.br\/wp-content\/uploads\/2025\/05\/kk5wmS4G-anel-de-contorno-portal-do-sertao-br-324-feira-de-santana-engarrafado-engarrafamento-congestionamento-foto-carlos-silva-acorda-cidade-02-1024x576-1.webp\" alt=\"Viaduto Portal do Sert\u00e3o (BR-324), em Feira de Santana\" class=\"wp-image-558123 not-transparent\" srcset=\"https:\/\/uploads.acordacidade.com.br\/2025\/05\/kk5wmS4G-anel-de-contorno-portal-do-sertao-br-324-feira-de-santana-engarrafado-engarrafamento-congestionamento-foto-carlos-silva-acorda-cidade-02-300x169.webp 300w, http:\/\/noticiasbahia360.com.br\/wp-content\/uploads\/2025\/05\/kk5wmS4G-anel-de-contorno-portal-do-sertao-br-324-feira-de-santana-engarrafado-engarrafamento-congestionamento-foto-carlos-silva-acorda-cidade-02-1024x576-1.webp 1024w, https:\/\/uploads.acordacidade.com.br\/2025\/05\/kk5wmS4G-anel-de-contorno-portal-do-sertao-br-324-feira-de-santana-engarrafado-engarrafamento-congestionamento-foto-carlos-silva-acorda-cidade-02-768x432.webp 768w, https:\/\/uploads.acordacidade.com.br\/2025\/05\/kk5wmS4G-anel-de-contorno-portal-do-sertao-br-324-feira-de-santana-engarrafado-engarrafamento-congestionamento-foto-carlos-silva-acorda-cidade-02-150x84.webp 150w, https:\/\/uploads.acordacidade.com.br\/2025\/05\/kk5wmS4G-anel-de-contorno-portal-do-sertao-br-324-feira-de-santana-engarrafado-engarrafamento-congestionamento-foto-carlos-silva-acorda-cidade-02.webp 1200w\"><figcaption class=\"wp-element-caption\">Viaduto Portal do Sert\u00e3o (BR-324), em Feira de Santana | Foto: Carlos Silva \/ Acorda Cidade <\/figcaption><\/figure>\n<\/div>\n<\/div>\n<div class=\"wp-block-group\">\n<div class=\"wp-block-group__inner-container is-layout-constrained wp-block-group-is-layout-constrained\">\n<p><strong>Leia tamb\u00e9m:<\/strong><\/p>\n<p><a href=\"https:\/\/www.acordacidade.com.br\/feira-de-santana\/carreta-vira-na-br-324-em-feira-de-santana-e-oleo-derramado-provoca-outros-acidentes\/\">Carreta vira na BR-324 em Feira de Santana e \u00f3leo derramado provoca outros acidentes<\/a><\/p>\n<\/div>\n<\/div>\n<div class=\"wp-block-group\">\n<div class=\"wp-block-group__inner-container is-layout-constrained wp-block-group-is-layout-constrained\">\n<p><em>Com informa\u00e7\u00f5es do rep\u00f3rter Ed Santos do Acorda Cidade<\/em><\/p>\n<p><em>Reportagem escrita pelo estagi\u00e1rio de jornalismo Jefferson Ara\u00fajo sob supervis\u00e3o<\/em><\/p>\n<p><em>Siga o Acorda Cidade no<\/em><a href=\"https:\/\/news.google.com\/search?q=acorda%20cidade&amp;hl=pt-BR&amp;gl=BR&amp;ceid=BR%3Apt-419\"><strong><em>\u00a0Google Not\u00edcias<\/em><\/strong><\/a><em>\u00a0e receba os principais destaques do dia. Participe tamb\u00e9m dos nossos canais no\u00a0<\/em><a href=\"https:\/\/www.whatsapp.com\/channel\/0029Va6Rb4v3WHTNnsh8WI3N\"><strong><em>WhatsApp<\/em><\/strong><\/a><em>\u00a0e\u00a0<\/em><a href=\"https:\/\/www.youtube.com\/@acordacidadenoticias\/videos\"><strong>YouTube<\/strong><\/a><em>\u00a0e do grupo no\u00a0<\/em><a href=\"https:\/\/t.me\/+sSz0khrgARA0ZmRh\"><strong><em>Telegram<\/em><\/strong><\/a><\/p>\n<\/div>\n<\/div>\n<\/div>\n","protected":false},"excerpt":{"rendered":"<div>\n<div>\n<figure><img decoding=\"async\" src=\"https:\/\/uploads.acordacidade.com.br\/2025\/05\/Angelo-Eduardo-Ramos-Mascarenhas-foto-reproducao-.jpg\" alt=\"motociclista\"><figcaption>\u00c2ngelo Eduardo Ramos Mascarenhas | Foto: Reprodu\u00e7\u00e3o <\/figcaption><\/figure>\n<\/div>\n<p>O fato foi suficiente para gerar uma s\u00e9rie de outros acidentes, pois com o tombamento, o ve\u00edculo derramou \u00f3leo.<\/p><\/div>\n","protected":false},"author":1,"featured_media":87608,"comment_status":"closed","ping_status":"closed","sticky":false,"template":"","format":"gallery","meta":{"footnotes":""},"categories":[8,9,6,57,56,10],"tags":[],"class_list":["post-87607","post","type-post","status-publish","format-gallery","has-post-thumbnail","hentry","category-bahia","category-brasil","category-feira-de-santana","category-mundo","category-policia","category-politica","post_format-post-format-gallery"],"featured_image_urls":{"full":["https:\/\/noticiasbahia360.com.br\/wp-content\/uploads\/2025\/05\/Angelo-Eduardo-Ramos-Mascarenhas-foto-reproducao-.jpg",1200,675,false],"thumbnail":["https:\/\/noticiasbahia360.com.br\/wp-content\/uploads\/2025\/05\/Angelo-Eduardo-Ramos-Mascarenhas-foto-reproducao--150x150.jpg",150,150,true],"medium":["https:\/\/noticiasbahia360.com.br\/wp-content\/uploads\/2025\/05\/Angelo-Eduardo-Ramos-Mascarenhas-foto-reproducao--300x169.jpg",300,169,true],"medium_large":["https:\/\/noticiasbahia360.com.br\/wp-content\/uploads\/2025\/05\/Angelo-Eduardo-Ramos-Mascarenhas-foto-reproducao--768x432.jpg",640,360,true],"large":["https:\/\/noticiasbahia360.com.br\/wp-content\/uploads\/2025\/05\/Angelo-Eduardo-Ramos-Mascarenhas-foto-reproducao--1024x576.jpg",640,360,true],"1536x1536":["https:\/\/noticiasbahia360.com.br\/wp-content\/uploads\/2025\/05\/Angelo-Eduardo-Ramos-Mascarenhas-foto-reproducao-.jpg",1200,675,false],"2048x2048":["https:\/\/noticiasbahia360.com.br\/wp-content\/uploads\/2025\/05\/Angelo-Eduardo-Ramos-Mascarenhas-foto-reproducao-.jpg",1200,675,false],"chromenews-featured":["https:\/\/noticiasbahia360.com.br\/wp-content\/uploads\/2025\/05\/Angelo-Eduardo-Ramos-Mascarenhas-foto-reproducao--1024x576.jpg",1024,576,true],"chromenews-large":["https:\/\/noticiasbahia360.com.br\/wp-content\/uploads\/2025\/05\/Angelo-Eduardo-Ramos-Mascarenhas-foto-reproducao--825x575.jpg",825,575,true],"chromenews-medium":["https:\/\/noticiasbahia360.com.br\/wp-content\/uploads\/2025\/05\/Angelo-Eduardo-Ramos-Mascarenhas-foto-reproducao--590x410.jpg",590,410,true]},"author_info":{"display_name":"noticiasbahia360.com.br","author_link":"https:\/\/noticiasbahia360.com.br\/?author=1"},"category_info":"<a href=\"https:\/\/noticiasbahia360.com.br\/?cat=8\" rel=\"category\">Bahia<\/a> <a href=\"https:\/\/noticiasbahia360.com.br\/?cat=9\" rel=\"category\">Brasil<\/a> <a href=\"https:\/\/noticiasbahia360.com.br\/?cat=6\" rel=\"category\">Feira de Santana<\/a> <a href=\"https:\/\/noticiasbahia360.com.br\/?cat=57\" rel=\"category\">Mundo<\/a> <a href=\"https:\/\/noticiasbahia360.com.br\/?cat=56\" rel=\"category\">Pol\u00edcia<\/a> <a href=\"https:\/\/noticiasbahia360.com.br\/?cat=10\" rel=\"category\">Pol\u00edtica<\/a>","tag_info":"Pol\u00edtica","comment_count":"0","_links":{"self":[{"href":"https:\/\/noticiasbahia360.com.br\/index.php?rest_route=\/wp\/v2\/posts\/87607","targetHints":{"allow":["GET"]}}],"collection":[{"href":"https:\/\/noticiasbahia360.com.br\/index.php?rest_route=\/wp\/v2\/posts"}],"about":[{"href":"https:\/\/noticiasbahia360.com.br\/index.php?rest_route=\/wp\/v2\/types\/post"}],"author":[{"embeddable":true,"href":"https:\/\/noticiasbahia360.com.br\/index.php?rest_route=\/wp\/v2\/users\/1"}],"replies":[{"embeddable":true,"href":"https:\/\/noticiasbahia360.com.br\/index.php?rest_route=%2Fwp%2Fv2%2Fcomments&post=87607"}],"version-history":[{"count":0,"href":"https:\/\/noticiasbahia360.com.br\/index.php?rest_route=\/wp\/v2\/posts\/87607\/revisions"}],"wp:featuredmedia":[{"embeddable":true,"href":"https:\/\/noticiasbahia360.com.br\/index.php?rest_route=\/wp\/v2\/media\/87608"}],"wp:attachment":[{"href":"https:\/\/noticiasbahia360.com.br\/index.php?rest_route=%2Fwp%2Fv2%2Fmedia&parent=87607"}],"wp:term":[{"taxonomy":"category","embeddable":true,"href":"https:\/\/noticiasbahia360.com.br\/index.php?rest_route=%2Fwp%2Fv2%2Fcategories&post=87607"},{"taxonomy":"post_tag","embeddable":true,"href":"https:\/\/noticiasbahia360.com.br\/index.php?rest_route=%2Fwp%2Fv2%2Ftags&post=87607"}],"curies":[{"name":"wp","href":"https:\/\/api.w.org\/{rel}","templated":true}]}}