{"id":87613,"date":"2025-05-26T17:31:15","date_gmt":"2025-05-26T20:31:15","guid":{"rendered":"https:\/\/noticiasbahia360.com.br\/?p=87613"},"modified":"2025-05-26T17:31:15","modified_gmt":"2025-05-26T20:31:15","slug":"professores-rejeitam-reajuste-da-prefeitura-e-fazem-mobilizacao-na-camara-municipal-nesta-terca-27","status":"publish","type":"post","link":"https:\/\/noticiasbahia360.com.br\/?p=87613","title":{"rendered":"Professores rejeitam reajuste da prefeitura e fazem mobiliza\u00e7\u00e3o na C\u00e2mara Municipal nesta ter\u00e7a (27)"},"content":{"rendered":"<div>\n<div>\n<figure><img decoding=\"async\" src=\"http:\/\/noticiasbahia360.com.br\/wp-content\/uploads\/2025\/05\/ZFdlwpaD-professores-da-rede-municipal-ft-paulo-jose-acorda-cidade.webp\" alt=\"professores da rede municipal\"><figcaption>Foto: Paulo Jos\u00e9\/Acorda Cidade<\/figcaption><\/figure>\n<\/div>\n<p>Os professores da rede municipal de Feira de Santana voltaram a se mobilizar. Em assembleia realizada nesta segunda-feira (26), a categoria rejeitou a proposta de reajuste salarial encaminhada pela gest\u00e3o municipal e decidiu intensificar as mobiliza\u00e7\u00f5es. <strong>O pr\u00f3ximo ato est\u00e1 marcado. Os trabalhadores estar\u00e3o na C\u00e2mara Municipal para acompanhar de perto a tramita\u00e7\u00e3o do projeto nesta ter\u00e7a-feira (27).<\/strong><\/p>\n<p>A principal queixa dos educadores \u00e9 o percentual proposto pelo governo de 5,53%. O valor, segundo a categoria, est\u00e1 abaixo do piso nacional do magist\u00e9rio, fixado em 6,27%, conforme estabelece a Lei Federal 11.738. <strong><a href=\"https:\/\/www.acordacidade.com.br\/educacao\/professores-da-rede-municipal-aprovam-indicativo-de-greve-a-partir-do-dia-20-caso-governo-nao-responda-reivindicacoes\/\" target=\"_blank\" rel=\"noreferrer noopener\">Desde a \u00faltima ter\u00e7a, dia 20 de maio, a categoria est\u00e1 em estado de indicativo de greve. <\/a><\/strong><\/p>\n<p>\u201cEle mandou esse reajuste para o servidor p\u00fablico igualando todo mundo. N\u00e3o aceitamos. J\u00e1 t\u00ednhamos dito na audi\u00eancia com o secret\u00e1rio\u201d, afirmou a presidente da APLB, professora Marlede Oliveira, em entrevista ao Acorda Cidade.<\/p>\n<p>Al\u00e9m do reajuste, a categoria tamb\u00e9m cobra que o munic\u00edpio regularize a <strong>carga hor\u00e1ria dos professores contratados via Reda (Regime Especial de Direito Administrativo)<\/strong>. <a href=\"https:\/\/www.acordacidade.com.br\/educacao\/rede-municipal-justica-suspende-portaria-da-prefeitura-de-feira-de-santana-que-aumentava-carga-horaria-de-professores\/\" target=\"_blank\" rel=\"noreferrer noopener\">A justi\u00e7a j\u00e1 suspendeu a portaria do governo municipal.<\/a><\/p>\n<p>\u201cGanhamos um aliminar derrubando a portaria e o governo retrocedeu. S\u00f3 garantiu, manter do in\u00edcio, a reserva da carga hor\u00e1ria para os professores efetivos, quem tem 20h, 13h em sala de aula e 40h, 26h. E o Reda ele colocou com a carga hor\u00e1ria que vinha do in\u00edcio do ano, que \u00e9 sem reserva de carga hor\u00e1ria. N\u00f3s n\u00e3o aceitamos, ent\u00e3o por isso a luta continua mobilizada\u201d, refor\u00e7ou Marlede.<\/p>\n<figure class=\"wp-block-image size-large\"><img fetchpriority=\"high\" data-dominant-color=\"8f8072\" data-has-transparency=\"false\" style=\"--dominant-color: #8f8072;\" fetchpriority=\"high\" decoding=\"async\" width=\"1024\" height=\"521\" sizes=\"(max-width: 1024px) 100vw, 1024px\" src=\"http:\/\/noticiasbahia360.com.br\/wp-content\/uploads\/2025\/05\/0gQQaM6O-professores-da-rede-municipal-ft-paulo-jose-acorda-cidade1-1024x521-1.webp\" alt=\"professores da rede municipal\" class=\"wp-image-558361 not-transparent\" srcset=\"https:\/\/uploads.acordacidade.com.br\/2025\/05\/0gQQaM6O-professores-da-rede-municipal-ft-paulo-jose-acorda-cidade1-300x153.webp 300w, http:\/\/noticiasbahia360.com.br\/wp-content\/uploads\/2025\/05\/0gQQaM6O-professores-da-rede-municipal-ft-paulo-jose-acorda-cidade1-1024x521-1.webp 1024w, https:\/\/uploads.acordacidade.com.br\/2025\/05\/0gQQaM6O-professores-da-rede-municipal-ft-paulo-jose-acorda-cidade1-768x390.webp 768w, https:\/\/uploads.acordacidade.com.br\/2025\/05\/0gQQaM6O-professores-da-rede-municipal-ft-paulo-jose-acorda-cidade1-150x76.webp 150w, https:\/\/uploads.acordacidade.com.br\/2025\/05\/0gQQaM6O-professores-da-rede-municipal-ft-paulo-jose-acorda-cidade1.webp 1200w\"><figcaption class=\"wp-element-caption\">Foto: Paulo Jos\u00e9\/Acorda Cidade<\/figcaption><\/figure>\n<p>O impasse tamb\u00e9m envolve o compromisso da gest\u00e3o em apresentar uma solu\u00e7\u00e3o. Segundo a presidente da APLB, o secret\u00e1rio de Educa\u00e7\u00e3o, Pablo Roberto, pediu prazo at\u00e9 quarta-feira (28) para avaliar o impacto da adequa\u00e7\u00e3o da carga hor\u00e1ria dos profissionais do Reda. Uma nova rodada de negocia\u00e7\u00f5es est\u00e1 prevista para quinta-feira (29).<\/p>\n<p><strong>Na vis\u00e3o da categoria, a proposta de reajuste \u00e9 inaceit\u00e1vel. Marlede destacou que outros munic\u00edpios da regi\u00e3o est\u00e3o adotando percentuais bem acima do piso nacional.<\/strong><\/p>\n<p>\u201cTodos os munic\u00edpios deram o piso nacional aos professores de 6,27%, porque \u00e9 a lei nacional. Todo ano o MEC divulga o valor. O Estado mesmo agora est\u00e1 pagando 6,27% retroativo a janeiro aos professores. No entanto, t\u00eam munic\u00edpio como Cora\u00e7\u00e3o de Maria n\u00e3o deu 6,27, deu 10%. Tem munic\u00edpio que deu 12%, mas Feira de Santana deu menos ainda\u201d, afirmou.<\/p>\n<figure class=\"wp-block-image size-large\"><img data-dominant-color=\"7a6d6b\" data-has-transparency=\"false\" style=\"--dominant-color: #7a6d6b;\" decoding=\"async\" width=\"1024\" height=\"583\" sizes=\"(max-width: 1024px) 100vw, 1024px\" src=\"http:\/\/noticiasbahia360.com.br\/wp-content\/uploads\/2025\/05\/FZftXlzH-professores-da-rede-municipal-ft-paulo-jose-acorda-cidade2-1024x583-1.webp\" alt=\"professores da rede municipal\" class=\"wp-image-558360 not-transparent\" srcset=\"https:\/\/uploads.acordacidade.com.br\/2025\/05\/FZftXlzH-professores-da-rede-municipal-ft-paulo-jose-acorda-cidade2-300x171.webp 300w, http:\/\/noticiasbahia360.com.br\/wp-content\/uploads\/2025\/05\/FZftXlzH-professores-da-rede-municipal-ft-paulo-jose-acorda-cidade2-1024x583-1.webp 1024w, https:\/\/uploads.acordacidade.com.br\/2025\/05\/FZftXlzH-professores-da-rede-municipal-ft-paulo-jose-acorda-cidade2-768x437.webp 768w, https:\/\/uploads.acordacidade.com.br\/2025\/05\/FZftXlzH-professores-da-rede-municipal-ft-paulo-jose-acorda-cidade2-150x85.webp 150w, https:\/\/uploads.acordacidade.com.br\/2025\/05\/FZftXlzH-professores-da-rede-municipal-ft-paulo-jose-acorda-cidade2.webp 1200w\"><figcaption class=\"wp-element-caption\">Foto: Paulo Jos\u00e9\/Acorda Cidade<\/figcaption><\/figure>\n<p>A expectativa dos educadores \u00e9 de que a presen\u00e7a na C\u00e2mara Municipal nesta ter\u00e7a-feira pressione os vereadores a reavaliar o projeto enviado pela prefeitura. A pr\u00f3pria categoria j\u00e1 sinaliza que h\u00e1 emendas sendo constru\u00eddas para tentar corrigir o valor enviado no texto.<\/p>\n<p>\u201cEstamos sabendo que j\u00e1 tem emenda l\u00e1 contra essa proposta do governo, que colocou errado o valor do piso dos professores\u201d, concluiu Marlede.<\/p>\n<p><em>Com informa\u00e7\u00f5es do rep\u00f3rter Paulo Jos\u00e9 do Acorda Cidade<\/em><\/p>\n<h2 class=\"wp-block-heading\" id=\"h-leia-tambem\"><strong>Leia tamb\u00e9m:<\/strong><\/h2>\n<p><a href=\"https:\/\/www.acordacidade.com.br\/educacao\/professores-da-rede-municipal-aprovam-estado-de-greve-contra-portaria-que-aumenta-carga-horaria\/\">Professores da rede municipal aprovam estado de greve contra portaria que aumenta carga hor\u00e1ria<\/a><\/p>\n<p><a href=\"https:\/\/www.acordacidade.com.br\/educacao\/professores-se-reunem-no-predio-da-secretaria-de-educacao-para-cobrar-revogacao-de-portaria-que-aumenta-a-carga-horaria\/\">Professores se re\u00fanem no pr\u00e9dio da secretaria de Educa\u00e7\u00e3o para cobrar revoga\u00e7\u00e3o de portaria que aumenta a carga hor\u00e1ria<\/a><\/p>\n<p><a href=\"https:\/\/www.acordacidade.com.br\/educacao\/paralisacao-na-rede-municipal-justica-manda-aplb-manter-70-dos-professores-em-atividade-em-feira-de-santana\/\">Paralisa\u00e7\u00e3o na rede municipal: Justi\u00e7a manda APLB manter 70% dos professores em atividade em Feira de Santana<\/a><\/p>\n<p><a href=\"https:\/\/www.acordacidade.com.br\/educacao\/em-assembleia-professores-decidem-manter-paralisacao-na-rede-municipal\/\">Em assembleia, professores decidem manter paralisa\u00e7\u00e3o na rede municipal<\/a><\/p>\n<p><a href=\"https:\/\/www.acordacidade.com.br\/educacao\/apos-mudanca-na-carga-horaria-dos-professores-aplb-aprova-paralisacao-de-tres-dias-na-rede-municipal-de-ensino\/\" target=\"_blank\" rel=\"noreferrer noopener\">Ap\u00f3s mudan\u00e7a na carga hor\u00e1ria dos professores, APLB aprova paralisa\u00e7\u00e3o de tr\u00eas dias na rede municipal de ensino<\/a><\/p>\n<p><a href=\"https:\/\/www.acordacidade.com.br\/feira-de-santana\/prefeitura-nomeia-44-novos-professores-e-define-jornada-de-trabalho-da-rede-municipal\/\" target=\"_blank\" rel=\"noreferrer noopener\">Prefeitura nomeia 44 novos professores e define jornada de trabalho da rede municipal<\/a><\/p>\n<p><a href=\"https:\/\/www.acordacidade.com.br\/educacao\/em-assembleia-presidente-da-aplb-diz-que-nao-vai-aceitar-alteracoes-na-carga-horaria-dos-professores\/\" target=\"_blank\" rel=\"noreferrer noopener\">Em assembleia, presidente da APLB diz que n\u00e3o vai aceitar altera\u00e7\u00f5es na carga hor\u00e1ria dos professores<\/a><\/p>\n<p><em>Siga o Acorda Cidade no<\/em><a href=\"https:\/\/news.google.com\/search?q=acorda%20cidade&amp;hl=pt-BR&amp;gl=BR&amp;ceid=BR%3Apt-419\"><strong><em>\u00a0Google Not\u00edcias<\/em><\/strong><\/a><em>\u00a0e receba os principais destaques do dia. Participe tamb\u00e9m dos nossos canais no\u00a0<\/em><a href=\"https:\/\/www.whatsapp.com\/channel\/0029Va6Rb4v3WHTNnsh8WI3N\"><strong><em>WhatsApp<\/em><\/strong><\/a><em>\u00a0e\u00a0<\/em><a href=\"https:\/\/www.youtube.com\/@acordacidadenoticias\/videos\"><strong>YouTube<\/strong><\/a><em>\u00a0e do grupo no\u00a0<\/em><a href=\"https:\/\/t.me\/+sSz0khrgARA0ZmRh\"><strong><em>Telegram<\/em><\/strong><\/a><\/p>\n<\/div>\n","protected":false},"excerpt":{"rendered":"<div>\n<div>\n<figure><img decoding=\"async\" src=\"https:\/\/uploads.acordacidade.com.br\/2025\/05\/ZFdlwpaD-professores-da-rede-municipal-ft-paulo-jose-acorda-cidade.webp\" alt=\"professores da rede municipal\"><figcaption>Foto: Paulo Jos\u00e9\/Acorda Cidade<\/figcaption><\/figure>\n<\/div>\n<p>A expectativa dos educadores \u00e9 de que a presen\u00e7a na C\u00e2mara Municipal nesta ter\u00e7a-feira pressione os vereadores a reavaliar o projeto.<\/p><\/div>\n","protected":false},"author":1,"featured_media":87614,"comment_status":"closed","ping_status":"closed","sticky":false,"template":"","format":"gallery","meta":{"footnotes":""},"categories":[8,9,6,57,56,10],"tags":[],"class_list":["post-87613","post","type-post","status-publish","format-gallery","has-post-thumbnail","hentry","category-bahia","category-brasil","category-feira-de-santana","category-mundo","category-policia","category-politica","post_format-post-format-gallery"],"featured_image_urls":{"full":["https:\/\/noticiasbahia360.com.br\/wp-content\/uploads\/2025\/05\/ZFdlwpaD-professores-da-rede-municipal-ft-paulo-jose-acorda-cidade.webp",1200,598,false],"thumbnail":["https:\/\/noticiasbahia360.com.br\/wp-content\/uploads\/2025\/05\/ZFdlwpaD-professores-da-rede-municipal-ft-paulo-jose-acorda-cidade-150x150.webp",150,150,true],"medium":["https:\/\/noticiasbahia360.com.br\/wp-content\/uploads\/2025\/05\/ZFdlwpaD-professores-da-rede-municipal-ft-paulo-jose-acorda-cidade-300x150.webp",300,150,true],"medium_large":["https:\/\/noticiasbahia360.com.br\/wp-content\/uploads\/2025\/05\/ZFdlwpaD-professores-da-rede-municipal-ft-paulo-jose-acorda-cidade-768x383.webp",640,319,true],"large":["https:\/\/noticiasbahia360.com.br\/wp-content\/uploads\/2025\/05\/ZFdlwpaD-professores-da-rede-municipal-ft-paulo-jose-acorda-cidade-1024x510.webp",640,319,true],"1536x1536":["https:\/\/noticiasbahia360.com.br\/wp-content\/uploads\/2025\/05\/ZFdlwpaD-professores-da-rede-municipal-ft-paulo-jose-acorda-cidade.webp",1200,598,false],"2048x2048":["https:\/\/noticiasbahia360.com.br\/wp-content\/uploads\/2025\/05\/ZFdlwpaD-professores-da-rede-municipal-ft-paulo-jose-acorda-cidade.webp",1200,598,false],"chromenews-featured":["https:\/\/noticiasbahia360.com.br\/wp-content\/uploads\/2025\/05\/ZFdlwpaD-professores-da-rede-municipal-ft-paulo-jose-acorda-cidade-1024x510.webp",1024,510,true],"chromenews-large":["https:\/\/noticiasbahia360.com.br\/wp-content\/uploads\/2025\/05\/ZFdlwpaD-professores-da-rede-municipal-ft-paulo-jose-acorda-cidade-825x575.webp",825,575,true],"chromenews-medium":["https:\/\/noticiasbahia360.com.br\/wp-content\/uploads\/2025\/05\/ZFdlwpaD-professores-da-rede-municipal-ft-paulo-jose-acorda-cidade-590x410.webp",590,410,true]},"author_info":{"display_name":"noticiasbahia360.com.br","author_link":"https:\/\/noticiasbahia360.com.br\/?author=1"},"category_info":"<a href=\"https:\/\/noticiasbahia360.com.br\/?cat=8\" rel=\"category\">Bahia<\/a> <a href=\"https:\/\/noticiasbahia360.com.br\/?cat=9\" rel=\"category\">Brasil<\/a> <a href=\"https:\/\/noticiasbahia360.com.br\/?cat=6\" rel=\"category\">Feira de Santana<\/a> <a href=\"https:\/\/noticiasbahia360.com.br\/?cat=57\" rel=\"category\">Mundo<\/a> <a href=\"https:\/\/noticiasbahia360.com.br\/?cat=56\" rel=\"category\">Pol\u00edcia<\/a> <a href=\"https:\/\/noticiasbahia360.com.br\/?cat=10\" rel=\"category\">Pol\u00edtica<\/a>","tag_info":"Pol\u00edtica","comment_count":"0","_links":{"self":[{"href":"https:\/\/noticiasbahia360.com.br\/index.php?rest_route=\/wp\/v2\/posts\/87613","targetHints":{"allow":["GET"]}}],"collection":[{"href":"https:\/\/noticiasbahia360.com.br\/index.php?rest_route=\/wp\/v2\/posts"}],"about":[{"href":"https:\/\/noticiasbahia360.com.br\/index.php?rest_route=\/wp\/v2\/types\/post"}],"author":[{"embeddable":true,"href":"https:\/\/noticiasbahia360.com.br\/index.php?rest_route=\/wp\/v2\/users\/1"}],"replies":[{"embeddable":true,"href":"https:\/\/noticiasbahia360.com.br\/index.php?rest_route=%2Fwp%2Fv2%2Fcomments&post=87613"}],"version-history":[{"count":0,"href":"https:\/\/noticiasbahia360.com.br\/index.php?rest_route=\/wp\/v2\/posts\/87613\/revisions"}],"wp:featuredmedia":[{"embeddable":true,"href":"https:\/\/noticiasbahia360.com.br\/index.php?rest_route=\/wp\/v2\/media\/87614"}],"wp:attachment":[{"href":"https:\/\/noticiasbahia360.com.br\/index.php?rest_route=%2Fwp%2Fv2%2Fmedia&parent=87613"}],"wp:term":[{"taxonomy":"category","embeddable":true,"href":"https:\/\/noticiasbahia360.com.br\/index.php?rest_route=%2Fwp%2Fv2%2Fcategories&post=87613"},{"taxonomy":"post_tag","embeddable":true,"href":"https:\/\/noticiasbahia360.com.br\/index.php?rest_route=%2Fwp%2Fv2%2Ftags&post=87613"}],"curies":[{"name":"wp","href":"https:\/\/api.w.org\/{rel}","templated":true}]}} 