{"id":87617,"date":"2025-05-26T19:44:52","date_gmt":"2025-05-26T22:44:52","guid":{"rendered":"https:\/\/noticiasbahia360.com.br\/?p=87617"},"modified":"2025-05-26T19:44:52","modified_gmt":"2025-05-26T22:44:52","slug":"lula-tem-crise-de-labirintite-e-atendido-em-hospital-e-ja-esta-em-casa","status":"publish","type":"post","link":"https:\/\/noticiasbahia360.com.br\/?p=87617","title":{"rendered":"Lula tem crise de labirintite, \u00e9 atendido em hospital e j\u00e1 est\u00e1 em casa"},"content":{"rendered":"<div>\n<div>\n<figure><img decoding=\"async\" src=\"http:\/\/noticiasbahia360.com.br\/wp-content\/uploads\/2025\/05\/presidente-Lula.jpg\" alt=\"presidente Lula\"><figcaption>Foto: Ricardo Stuckert \/ PR<\/figcaption><\/figure>\n<\/div>\n<p>O presidente Luiz In\u00e1cio Lula da Silva apresentou, nesta segunda-feira (26), um quadro de vertigem e foi diagnosticado com labirintite. Segundo boletim m\u00e9dico do Hospital S\u00edrio-Liban\u00eas, unidade Bras\u00edlia, Lula passou por exames de imagem e de sangue, todos dentro da normalidade.<\/p>\n<p>Ele j\u00e1 retornou ao Pal\u00e1cio da Alvorada, onde permanecer\u00e1 em repouso ao longo do dia.<\/p>\n<p>O atendimento foi conduzido por equipe m\u00e9dica coordenada pelo professor Roberto Kalil Filho e pela m\u00e9dica Ana Helena Germoglio.<\/p>\n<p>\u201cRealizou exames de imagem e de sangue [\u2026] todos dentro da normalidade. J\u00e1 se encontra no Pal\u00e1cio da Alvorada, onde deve permanecer em repouso ao longo do dia\u201d, informa o documento.<\/p>\n<h2 class=\"wp-block-heading\" id=\"h-historico-medico\">Hist\u00f3rico m\u00e9dico<\/h2>\n<p>Lula sofreu queda no banheiro do Pal\u00e1cio do Alvorada, em Bras\u00edlia, em 19 de outubro do ano passado.<\/p>\n<p>Em 9 de dezembro, Lula foi transferido para S\u00e3o Paulo e internado \u00e0s pressas para uma cirurgia, ap\u00f3s sofrer dores de cabe\u00e7a motivadas por um novo sangramento interno na cabe\u00e7a.<\/p>\n<p>Tr\u00eas dias depois, em 12 de dezembro, Lula passou por um segundo procedimento, em car\u00e1ter preventivo, para evitar novos sangramentos. No dia seguinte, deixou a UTI e postou em rede social v\u00eddeos caminhando pelo hospital.<\/p>\n<p>Em 19 de dezembro, Lula retornou a Bras\u00edlia \u2013 mas ainda sob restri\u00e7\u00f5es e impedido, por exemplo, de fazer viagens a trabalho.<\/p>\n<p>Em 27 de janeiro, Lula passou por uma nova tomografia no hospital S\u00edrio-Liban\u00eas, em Bras\u00edlia. Foi \u201cliberado plenamente para exercer sua rotina habitual de vida, como viagens e atividade f\u00edsica\u201d. Os m\u00e9dicos tamb\u00e9m disseram que o presidente \u201csegue sob acompanhamento\u201d.<\/p>\n<p>Em 20 de fevereiro, passou por exames de rotina no Hospital S\u00edrio Liban\u00eas, em S\u00e3o Paulo. O check-up anual estava programado para dezembro do ano passado, mas precisou ser adiado por conta da cirurgia realizada \u00e0s pressas para a drenagem de um co\u00e1gulo na cabe\u00e7a. Os resultados dos exames estavam dentro da normalidade, inclusive a tomografia do cr\u00e2nio para controle p\u00f3s-operat\u00f3rio.<\/p>\n<p><em>Siga o Acorda Cidade no<\/em><a href=\"https:\/\/news.google.com\/search?q=acorda%20cidade&amp;hl=pt-BR&amp;gl=BR&amp;ceid=BR%3Apt-419\"><strong><em> Google Not\u00edcias<\/em><\/strong><\/a><em> e receba os principais destaques do dia. Participe tamb\u00e9m dos nossos canais no <\/em><a href=\"https:\/\/whatsapp.com\/channel\/0029Va6Rb4v3WHTNnsh8WI3N\"><strong><em>WhatsApp<\/em><\/strong><\/a><em> e <\/em><a href=\"https:\/\/www.youtube.com\/@acordacidadenoticias\/videos\"><strong>YouTube<\/strong><\/a><em> e do grupo no <\/em><a href=\"https:\/\/t.me\/+sSz0khrgARA0ZmRh\"><strong><em>Telegram<\/em><\/strong><\/a><em>.<\/em><\/p>\n<\/div>\n","protected":false},"excerpt":{"rendered":"<div>\n<div>\n<figure><img decoding=\"async\" src=\"https:\/\/uploads.acordacidade.com.br\/2025\/02\/presidente-Lula.jpg\" alt=\"presidente Lula\"><figcaption>Foto: Ricardo Stuckert \/ PR<\/figcaption><\/figure>\n<\/div>\n<p>O presidente Luiz In\u00e1cio Lula da Silva apresentou, nesta segunda-feira (26), um quadro de vertigem e foi diagnosticado com labirintite. Segundo boletim m\u00e9dico do Hospital S\u00edrio-Liban\u00eas, unidade Bras\u00edlia, Lula passou por exames de imagem e de sangue, todos dentro da normalidade. Ele j\u00e1 retornou ao Pal\u00e1cio da Alvorada, onde permanecer\u00e1 em repouso ao longo do [\u2026]<\/p><\/div>\n","protected":false},"author":1,"featured_media":87618,"comment_status":"closed","ping_status":"closed","sticky":false,"template":"","format":"gallery","meta":{"footnotes":""},"categories":[8,9,6,57,56,10],"tags":[],"class_list":["post-87617","post","type-post","status-publish","format-gallery","has-post-thumbnail","hentry","category-bahia","category-brasil","category-feira-de-santana","category-mundo","category-policia","category-politica","post_format-post-format-gallery"],"featured_image_urls":{"full":["https:\/\/noticiasbahia360.com.br\/wp-content\/uploads\/2025\/05\/presidente-Lula.jpg",1920,1149,false],"thumbnail":["https:\/\/noticiasbahia360.com.br\/wp-content\/uploads\/2025\/05\/presidente-Lula-150x150.jpg",150,150,true],"medium":["https:\/\/noticiasbahia360.com.br\/wp-content\/uploads\/2025\/05\/presidente-Lula-300x180.jpg",300,180,true],"medium_large":["https:\/\/noticiasbahia360.com.br\/wp-content\/uploads\/2025\/05\/presidente-Lula-768x460.jpg",640,383,true],"large":["https:\/\/noticiasbahia360.com.br\/wp-content\/uploads\/2025\/05\/presidente-Lula-1024x613.jpg",640,383,true],"1536x1536":["https:\/\/noticiasbahia360.com.br\/wp-content\/uploads\/2025\/05\/presidente-Lula-1536x919.jpg",1536,919,true],"2048x2048":["https:\/\/noticiasbahia360.com.br\/wp-content\/uploads\/2025\/05\/presidente-Lula.jpg",1920,1149,false],"chromenews-featured":["https:\/\/noticiasbahia360.com.br\/wp-content\/uploads\/2025\/05\/presidente-Lula-1024x613.jpg",1024,613,true],"chromenews-large":["https:\/\/noticiasbahia360.com.br\/wp-content\/uploads\/2025\/05\/presidente-Lula-825x575.jpg",825,575,true],"chromenews-medium":["https:\/\/noticiasbahia360.com.br\/wp-content\/uploads\/2025\/05\/presidente-Lula-590x410.jpg",590,410,true]},"author_info":{"display_name":"noticiasbahia360.com.br","author_link":"https:\/\/noticiasbahia360.com.br\/?author=1"},"category_info":"<a href=\"https:\/\/noticiasbahia360.com.br\/?cat=8\" rel=\"category\">Bahia<\/a> <a href=\"https:\/\/noticiasbahia360.com.br\/?cat=9\" rel=\"category\">Brasil<\/a> <a href=\"https:\/\/noticiasbahia360.com.br\/?cat=6\" rel=\"category\">Feira de Santana<\/a> <a href=\"https:\/\/noticiasbahia360.com.br\/?cat=57\" rel=\"category\">Mundo<\/a> <a href=\"https:\/\/noticiasbahia360.com.br\/?cat=56\" rel=\"category\">Pol\u00edcia<\/a> <a href=\"https:\/\/noticiasbahia360.com.br\/?cat=10\" rel=\"category\">Pol\u00edtica<\/a>","tag_info":"Pol\u00edtica","comment_count":"0","_links":{"self":[{"href":"https:\/\/noticiasbahia360.com.br\/index.php?rest_route=\/wp\/v2\/posts\/87617","targetHints":{"allow":["GET"]}}],"collection":[{"href":"https:\/\/noticiasbahia360.com.br\/index.php?rest_route=\/wp\/v2\/posts"}],"about":[{"href":"https:\/\/noticiasbahia360.com.br\/index.php?rest_route=\/wp\/v2\/types\/post"}],"author":[{"embeddable":true,"href":"https:\/\/noticiasbahia360.com.br\/index.php?rest_route=\/wp\/v2\/users\/1"}],"replies":[{"embeddable":true,"href":"https:\/\/noticiasbahia360.com.br\/index.php?rest_route=%2Fwp%2Fv2%2Fcomments&post=87617"}],"version-history":[{"count":0,"href":"https:\/\/noticiasbahia360.com.br\/index.php?rest_route=\/wp\/v2\/posts\/87617\/revisions"}],"wp:featuredmedia":[{"embeddable":true,"href":"https:\/\/noticiasbahia360.com.br\/index.php?rest_route=\/wp\/v2\/media\/87618"}],"wp:attachment":[{"href":"https:\/\/noticiasbahia360.com.br\/index.php?rest_route=%2Fwp%2Fv2%2Fmedia&parent=87617"}],"wp:term":[{"taxonomy":"category","embeddable":true,"href":"https:\/\/noticiasbahia360.com.br\/index.php?rest_route=%2Fwp%2Fv2%2Fcategories&post=87617"},{"taxonomy":"post_tag","embeddable":true,"href":"https:\/\/noticiasbahia360.com.br\/index.php?rest_route=%2Fwp%2Fv2%2Ftags&post=87617"}],"curies":[{"name":"wp","href":"https:\/\/api.w.org\/{rel}","templated":true}]}}