{"id":87619,"date":"2025-05-26T20:05:30","date_gmt":"2025-05-26T23:05:30","guid":{"rendered":"https:\/\/noticiasbahia360.com.br\/?p=87619"},"modified":"2025-05-26T20:05:30","modified_gmt":"2025-05-26T23:05:30","slug":"maior-cemiterio-de-escravizados-da-america-latina-fica-no-centro-de-salvador","status":"publish","type":"post","link":"https:\/\/noticiasbahia360.com.br\/?p=87619","title":{"rendered":"Maior cemit\u00e9rio de escravizados da Am\u00e9rica Latina fica no centro de Salvador"},"content":{"rendered":"<div>\n<div>\n<figure><img decoding=\"async\" src=\"http:\/\/noticiasbahia360.com.br\/wp-content\/uploads\/2025\/05\/Ossadas-identificadas-por-arqueologos-confirmam-a-localizacao-de-cemiterio-de-escravizados-em-Salvador-4.jpg\" alt=\"Arque\u00f3loga - Ossadas identificadas por arque\u00f3logos confirmam a localiza\u00e7\u00e3o do maior cemit\u00e9rio de escravizados da Am\u00e9rica Latina\"><figcaption>Foto: Divulga\u00e7\u00e3o<\/figcaption><\/figure>\n<\/div>\n<p>Nesta segunda-feira (26), a arque\u00f3loga Jeanne Dias divulgou a identifica\u00e7\u00e3o das primeiras ossadas do Cemit\u00e9rio do Campo da P\u00f3lvora, no Centro de <a href=\"https:\/\/www.acordacidade.com.br\/tag\/salvador-3\/\">Salvador<\/a>. O an\u00fancio foi feito durante Coletiva de Imprensa, realizada na sede do Minist\u00e9rio P\u00fablico da Bahia, no bairro de Nazar\u00e9, em Salvador.  Com a descoberta, os pesquisadores conseguiram confirmar a exist\u00eancia do maior cemit\u00e9rio de escravizados da Am\u00e9rica Latina.<\/p>\n<p>O achado, no estacionamento do Complexo da Pupileira, confirma o local exato do antigo cemit\u00e9rio de escravizados, o primeiro identificado na Bahia, e pode auxiliar no aprofundamento dos estudos e reconstru\u00e7\u00e3o da hist\u00f3ria da sociedade brasileira, ao dar visibilidade ao s\u00edtio de grande valor hist\u00f3rico, arqueol\u00f3gico, cultural e espiritual, ap\u00f3s cento e oitenta anos de apagamento hist\u00f3rico.<\/p>\n<figure class=\"wp-block-image size-large\"><img fetchpriority=\"high\" data-dominant-color=\"957f66\" data-has-transparency=\"false\" style=\"--dominant-color: #957f66;\" fetchpriority=\"high\" decoding=\"async\" width=\"1024\" height=\"777\" sizes=\"(max-width: 1024px) 100vw, 1024px\" src=\"http:\/\/noticiasbahia360.com.br\/wp-content\/uploads\/2025\/05\/hwe7eST3-Ossadas-identificadas-por-arqueologos-confirmam-a-localizacao-de-cemiterio-de-escravizados-em-Salvador-3-1024x777-1.webp\" alt=\"MPBA pede prote\u00e7\u00e3o da \u00e1rea de escava\u00e7\u00f5es que pode abrigar maior cemit\u00e9rio de escravizados da Am\u00e9rica Latina\" class=\"wp-image-558389 not-transparent\" srcset=\"https:\/\/uploads.acordacidade.com.br\/2025\/05\/hwe7eST3-Ossadas-identificadas-por-arqueologos-confirmam-a-localizacao-de-cemiterio-de-escravizados-em-Salvador-3-300x228.webp 300w, http:\/\/noticiasbahia360.com.br\/wp-content\/uploads\/2025\/05\/hwe7eST3-Ossadas-identificadas-por-arqueologos-confirmam-a-localizacao-de-cemiterio-de-escravizados-em-Salvador-3-1024x777-1.webp 1024w, https:\/\/uploads.acordacidade.com.br\/2025\/05\/hwe7eST3-Ossadas-identificadas-por-arqueologos-confirmam-a-localizacao-de-cemiterio-de-escravizados-em-Salvador-3-768x583.webp 768w, https:\/\/uploads.acordacidade.com.br\/2025\/05\/hwe7eST3-Ossadas-identificadas-por-arqueologos-confirmam-a-localizacao-de-cemiterio-de-escravizados-em-Salvador-3-150x114.webp 150w, https:\/\/uploads.acordacidade.com.br\/2025\/05\/hwe7eST3-Ossadas-identificadas-por-arqueologos-confirmam-a-localizacao-de-cemiterio-de-escravizados-em-Salvador-3.webp 1200w\"><figcaption class=\"wp-element-caption\">Foto: Divulga\u00e7\u00e3o<\/figcaption><\/figure>\n<p><strong>Emocionada com a descoberta, a arque\u00f3loga Jeanne Dias, que coordenou o projeto Levantamento Arqueol\u00f3gico na \u00c1rea do Antigo Cemit\u00e9rio do Campo da P\u00f3lvora, conta que neste local foram sepultadas pessoas marginalizadas, entre eles, os m\u00e1rtires da Revolta dos Mal\u00eas. <\/strong><\/p>\n<p>Ela explica a import\u00e2ncia da pesquisa. \u201cEstamos muito felizes com a localiza\u00e7\u00e3o das ossadas dos remanescentes das comunidades negras, no antigo Cemit\u00e9rio do Campo da P\u00f3lvora. Com isso, a gente acredita que traz uma contribui\u00e7\u00e3o muito grande para a sociedade em geral, n\u00e3o s\u00f3 a baiana, mas a brasileira. Poder discutir, poder falar, poder debater um pouco sobre a trajet\u00f3ria e a vida dessas comunidades, que foram trazidas de maneira for\u00e7ada da \u00c1frica para trabalhar no Brasil, sendo escravizadas aqui, e das outras popula\u00e7\u00f5es marginalizadas\u201d, destaca.<\/p>\n<p><strong>A escava\u00e7\u00e3o, onde antes funcionou um dos principais cemit\u00e9rios p\u00fablicos de Salvador, durou dez dias. <\/strong>A primeira interven\u00e7\u00e3o no solo teve 1\u00d73 metros de di\u00e2metro e a, segunda, teve de 2\u00d71 metros. Foi nesse espa\u00e7o, a 2,5 metros de profundidade que os arque\u00f3logos localizaram os primeiros vest\u00edgios \u00f3sseos, sendo ossos largos e dentes. <\/p>\n<figure class=\"wp-block-image size-large\"><img data-dominant-color=\"796852\" data-has-transparency=\"false\" style=\"--dominant-color: #796852;\" decoding=\"async\" width=\"1024\" height=\"683\" sizes=\"(max-width: 1024px) 100vw, 1024px\" src=\"http:\/\/noticiasbahia360.com.br\/wp-content\/uploads\/2025\/05\/5BejQj8c-Ossadas-identificadas-por-arqueologos-confirmam-a-localizacao-de-cemiterio-de-escravizados-em-Salvador-2-1024x683-1.webp\" alt=\"Ossadas identificadas por arque\u00f3logos confirmam a localiza\u00e7\u00e3o do maior cemit\u00e9rio de escravizados da Am\u00e9rica Latina\" class=\"wp-image-558388 not-transparent\" srcset=\"https:\/\/uploads.acordacidade.com.br\/2025\/05\/5BejQj8c-Ossadas-identificadas-por-arqueologos-confirmam-a-localizacao-de-cemiterio-de-escravizados-em-Salvador-2-300x200.webp 300w, http:\/\/noticiasbahia360.com.br\/wp-content\/uploads\/2025\/05\/5BejQj8c-Ossadas-identificadas-por-arqueologos-confirmam-a-localizacao-de-cemiterio-de-escravizados-em-Salvador-2-1024x683-1.webp 1024w, https:\/\/uploads.acordacidade.com.br\/2025\/05\/5BejQj8c-Ossadas-identificadas-por-arqueologos-confirmam-a-localizacao-de-cemiterio-de-escravizados-em-Salvador-2-768x512.webp 768w, https:\/\/uploads.acordacidade.com.br\/2025\/05\/5BejQj8c-Ossadas-identificadas-por-arqueologos-confirmam-a-localizacao-de-cemiterio-de-escravizados-em-Salvador-2-150x100.webp 150w, https:\/\/uploads.acordacidade.com.br\/2025\/05\/5BejQj8c-Ossadas-identificadas-por-arqueologos-confirmam-a-localizacao-de-cemiterio-de-escravizados-em-Salvador-2.webp 1200w\"><figcaption class=\"wp-element-caption\">Foto: Divulga\u00e7\u00e3o<\/figcaption><\/figure>\n<p>O terreno \u00e1cido e bastante \u00famido deixou o material extremamente fr\u00e1gil e, por se tratar de um patrim\u00f4nio sens\u00edvel \u00e0 sociedade, a equipe optou por n\u00e3o divulgar imagens das ossadas e realizou um tratamento para a conserva\u00e7\u00e3o, devido ao curto prazo dado aos arque\u00f3logos para execu\u00e7\u00e3o da pesquisa.<\/p>\n<p>O projeto Levantamento Arqueol\u00f3gico na \u00c1rea do Antigo Cemit\u00e9rio do Campo da P\u00f3lvora foi financiado pela empresa Arque\u00f3logos (Cotias e Dias LTDA) e teve como refer\u00eancia a pesquisa documental realizada pela arquiteta urbanista e doutoranda em Urbanismo pela UFBA, Silvana Olivieri. <\/p>\n<p>O espa\u00e7o, que esteve em atividade at\u00e9 1844, era administrado pela Santa Casa de Miseric\u00f3rdia e utilizado para sepultamento ou \u201cdescarte\u201d de pessoas que viviam \u00e0 margem da sociedade, como pobres, indigentes, n\u00e3o-batizados, excomungados, suicidas, prostitutas, criminosos, insurgentes e escravizados. <\/p>\n<p>Com apoio do\u00a0advogado\u00a0e professor de Direito da Universidade Federal da Bahia (Ufba), Samuel Vida, foi elaborado o Dossi\u00ea Cemit\u00e9rio do Campo da P\u00f3lvora e encaminhado para os \u00f3rg\u00e3os de prote\u00e7\u00e3o do Patrim\u00f4nio para a obten\u00e7\u00e3o de autoriza\u00e7\u00e3o para execu\u00e7\u00e3o da pesquisa arqueol\u00f3gica.<\/p>\n<figure class=\"wp-block-image size-large\"><img data-dominant-color=\"aa9989\" data-has-transparency=\"false\" style=\"--dominant-color: #aa9989;\" decoding=\"async\" width=\"1024\" height=\"683\" sizes=\"(max-width: 1024px) 100vw, 1024px\" src=\"http:\/\/noticiasbahia360.com.br\/wp-content\/uploads\/2025\/05\/r1rGV2L1-Ossadas-identificadas-por-arqueologos-confirmam-a-localizacao-de-cemiterio-de-escravizados-em-Salvador-1-1024x683-1.webp\" alt=\"Arque\u00f3logo - Ossadas identificadas por arque\u00f3logos confirmam a localiza\u00e7\u00e3o do maior cemit\u00e9rio de escravizados da Am\u00e9rica Latina\" class=\"wp-image-558391 not-transparent\" srcset=\"https:\/\/uploads.acordacidade.com.br\/2025\/05\/r1rGV2L1-Ossadas-identificadas-por-arqueologos-confirmam-a-localizacao-de-cemiterio-de-escravizados-em-Salvador-1-300x200.webp 300w, http:\/\/noticiasbahia360.com.br\/wp-content\/uploads\/2025\/05\/r1rGV2L1-Ossadas-identificadas-por-arqueologos-confirmam-a-localizacao-de-cemiterio-de-escravizados-em-Salvador-1-1024x683-1.webp 1024w, https:\/\/uploads.acordacidade.com.br\/2025\/05\/r1rGV2L1-Ossadas-identificadas-por-arqueologos-confirmam-a-localizacao-de-cemiterio-de-escravizados-em-Salvador-1-768x512.webp 768w, https:\/\/uploads.acordacidade.com.br\/2025\/05\/r1rGV2L1-Ossadas-identificadas-por-arqueologos-confirmam-a-localizacao-de-cemiterio-de-escravizados-em-Salvador-1-150x100.webp 150w, https:\/\/uploads.acordacidade.com.br\/2025\/05\/r1rGV2L1-Ossadas-identificadas-por-arqueologos-confirmam-a-localizacao-de-cemiterio-de-escravizados-em-Salvador-1.webp 1200w\"><figcaption class=\"wp-element-caption\">Foto: Divulga\u00e7\u00e3o<\/figcaption><\/figure>\n<p>O tamb\u00e9m arque\u00f3logo, Railson Cotias, explica a complexidade e import\u00e2ncia da execu\u00e7\u00e3o do projeto. \u201cEsse trabalho simboliza o respeito \u00e0 mem\u00f3ria dos indiv\u00edduos aqui enterrados e que tiveram suas verdadeiras hist\u00f3rias invisibilizadas por s\u00e9culos. Por isso, a execu\u00e7\u00e3o do projeto envolveu cinco arque\u00f3logos com ampla experi\u00eancia em arqueologia hist\u00f3rica e em metodologias espec\u00edficas para contextos funer\u00e1rios, que se revezaram entre os trabalhos de pesquisa, montagem da estrutura, escava\u00e7\u00e3o e an\u00e1lise dos materiais coletados\u00a0 com o cuidado t\u00e9cnico necess\u00e1rio e rever\u00eancia \u00e0 mem\u00f3ria dessas pessoas\u201d.<\/p>\n<p>Tamb\u00e9m estiveram presentes na Coletiva de Imprensa, a arquiteta e urbanista Silvana Olivieri; o jurista Samuel Vida; as promotoras de Justi\u00e7a L\u00edvia Vaz e Cristina Seixas; e o representante do Instituto do Patrim\u00f4nio Hist\u00f3rico e Art\u00edstico Nacional (Iphan). Com a conclus\u00e3o desta etapa, os arque\u00f3logos iniciam a an\u00e1lise das informa\u00e7\u00f5es colhidas no campo com outras informa\u00e7\u00f5es coletadas em outras camadas para compreender o processo de deposi\u00e7\u00e3o e, posteriormente, devolver para a sociedade debater o destino do s\u00edtio arqueol\u00f3gico.<\/p>\n<p><em>Siga o Acorda Cidade no<\/em><a href=\"https:\/\/news.google.com\/search?q=acorda%20cidade&amp;hl=pt-BR&amp;gl=BR&amp;ceid=BR%3Apt-419\"><strong><em> Google Not\u00edcias<\/em><\/strong><\/a><em> e receba os principais destaques do dia. Participe tamb\u00e9m dos nossos canais no <\/em><a href=\"https:\/\/whatsapp.com\/channel\/0029Va6Rb4v3WHTNnsh8WI3N\"><strong><em>WhatsApp<\/em><\/strong><\/a><em> e <\/em><a href=\"https:\/\/www.youtube.com\/@acordacidadenoticias\/videos\"><strong>YouTube<\/strong><\/a><em> e do grupo no <\/em><a href=\"https:\/\/t.me\/+sSz0khrgARA0ZmRh\"><strong><em>Telegram<\/em><\/strong><\/a><em>.<\/em><\/p>\n<\/div>\n","protected":false},"excerpt":{"rendered":"<div>\n<div>\n<figure><img decoding=\"async\" src=\"https:\/\/uploads.acordacidade.com.br\/2025\/05\/Ossadas-identificadas-por-arqueologos-confirmam-a-localizacao-de-cemiterio-de-escravizados-em-Salvador-4.jpg\" alt=\"Arque\u00f3loga - Ossadas identificadas por arque\u00f3logos confirmam a localiza\u00e7\u00e3o do maior cemit\u00e9rio de escravizados da Am\u00e9rica Latina\"><figcaption>Foto: Divulga\u00e7\u00e3o<\/figcaption><\/figure>\n<\/div>\n<p>O achado, no estacionamento do Complexo da Pupileira, confirma o local exato do antigo cemit\u00e9rio de escravizados, o primeiro identificado na Bahia.<\/p><\/div>\n","protected":false},"author":1,"featured_media":87620,"comment_status":"closed","ping_status":"closed","sticky":false,"template":"","format":"gallery","meta":{"footnotes":""},"categories":[8,9,6,57,56,10],"tags":[],"class_list":["post-87619","post","type-post","status-publish","format-gallery","has-post-thumbnail","hentry","category-bahia","category-brasil","category-feira-de-santana","category-mundo","category-policia","category-politica","post_format-post-format-gallery"],"featured_image_urls":{"full":["https:\/\/noticiasbahia360.com.br\/wp-content\/uploads\/2025\/05\/Ossadas-identificadas-por-arqueologos-confirmam-a-localizacao-de-cemiterio-de-escravizados-em-Salvador-4.jpg",1200,800,false],"thumbnail":["https:\/\/noticiasbahia360.com.br\/wp-content\/uploads\/2025\/05\/Ossadas-identificadas-por-arqueologos-confirmam-a-localizacao-de-cemiterio-de-escravizados-em-Salvador-4-150x150.jpg",150,150,true],"medium":["https:\/\/noticiasbahia360.com.br\/wp-content\/uploads\/2025\/05\/Ossadas-identificadas-por-arqueologos-confirmam-a-localizacao-de-cemiterio-de-escravizados-em-Salvador-4-300x200.jpg",300,200,true],"medium_large":["https:\/\/noticiasbahia360.com.br\/wp-content\/uploads\/2025\/05\/Ossadas-identificadas-por-arqueologos-confirmam-a-localizacao-de-cemiterio-de-escravizados-em-Salvador-4-768x512.jpg",640,427,true],"large":["https:\/\/noticiasbahia360.com.br\/wp-content\/uploads\/2025\/05\/Ossadas-identificadas-por-arqueologos-confirmam-a-localizacao-de-cemiterio-de-escravizados-em-Salvador-4-1024x683.jpg",640,427,true],"1536x1536":["https:\/\/noticiasbahia360.com.br\/wp-content\/uploads\/2025\/05\/Ossadas-identificadas-por-arqueologos-confirmam-a-localizacao-de-cemiterio-de-escravizados-em-Salvador-4.jpg",1200,800,false],"2048x2048":["https:\/\/noticiasbahia360.com.br\/wp-content\/uploads\/2025\/05\/Ossadas-identificadas-por-arqueologos-confirmam-a-localizacao-de-cemiterio-de-escravizados-em-Salvador-4.jpg",1200,800,false],"chromenews-featured":["https:\/\/noticiasbahia360.com.br\/wp-content\/uploads\/2025\/05\/Ossadas-identificadas-por-arqueologos-confirmam-a-localizacao-de-cemiterio-de-escravizados-em-Salvador-4-1024x683.jpg",1024,683,true],"chromenews-large":["https:\/\/noticiasbahia360.com.br\/wp-content\/uploads\/2025\/05\/Ossadas-identificadas-por-arqueologos-confirmam-a-localizacao-de-cemiterio-de-escravizados-em-Salvador-4-825x575.jpg",825,575,true],"chromenews-medium":["https:\/\/noticiasbahia360.com.br\/wp-content\/uploads\/2025\/05\/Ossadas-identificadas-por-arqueologos-confirmam-a-localizacao-de-cemiterio-de-escravizados-em-Salvador-4-590x410.jpg",590,410,true]},"author_info":{"display_name":"noticiasbahia360.com.br","author_link":"https:\/\/noticiasbahia360.com.br\/?author=1"},"category_info":"<a href=\"https:\/\/noticiasbahia360.com.br\/?cat=8\" rel=\"category\">Bahia<\/a> <a href=\"https:\/\/noticiasbahia360.com.br\/?cat=9\" rel=\"category\">Brasil<\/a> <a href=\"https:\/\/noticiasbahia360.com.br\/?cat=6\" rel=\"category\">Feira de Santana<\/a> <a href=\"https:\/\/noticiasbahia360.com.br\/?cat=57\" rel=\"category\">Mundo<\/a> <a href=\"https:\/\/noticiasbahia360.com.br\/?cat=56\" rel=\"category\">Pol\u00edcia<\/a> <a href=\"https:\/\/noticiasbahia360.com.br\/?cat=10\" rel=\"category\">Pol\u00edtica<\/a>","tag_info":"Pol\u00edtica","comment_count":"0","_links":{"self":[{"href":"https:\/\/noticiasbahia360.com.br\/index.php?rest_route=\/wp\/v2\/posts\/87619","targetHints":{"allow":["GET"]}}],"collection":[{"href":"https:\/\/noticiasbahia360.com.br\/index.php?rest_route=\/wp\/v2\/posts"}],"about":[{"href":"https:\/\/noticiasbahia360.com.br\/index.php?rest_route=\/wp\/v2\/types\/post"}],"author":[{"embeddable":true,"href":"https:\/\/noticiasbahia360.com.br\/index.php?rest_route=\/wp\/v2\/users\/1"}],"replies":[{"embeddable":true,"href":"https:\/\/noticiasbahia360.com.br\/index.php?rest_route=%2Fwp%2Fv2%2Fcomments&post=87619"}],"version-history":[{"count":0,"href":"https:\/\/noticiasbahia360.com.br\/index.php?rest_route=\/wp\/v2\/posts\/87619\/revisions"}],"wp:featuredmedia":[{"embeddable":true,"href":"https:\/\/noticiasbahia360.com.br\/index.php?rest_route=\/wp\/v2\/media\/87620"}],"wp:attachment":[{"href":"https:\/\/noticiasbahia360.com.br\/index.php?rest_route=%2Fwp%2Fv2%2Fmedia&parent=87619"}],"wp:term":[{"taxonomy":"category","embeddable":true,"href":"https:\/\/noticiasbahia360.com.br\/index.php?rest_route=%2Fwp%2Fv2%2Fcategories&post=87619"},{"taxonomy":"post_tag","embeddable":true,"href":"https:\/\/noticiasbahia360.com.br\/index.php?rest_route=%2Fwp%2Fv2%2Ftags&post=87619"}],"curies":[{"name":"wp","href":"https:\/\/api.w.org\/{rel}","templated":true}]}}