{"id":87624,"date":"2025-05-26T20:11:32","date_gmt":"2025-05-26T23:11:32","guid":{"rendered":"https:\/\/noticiasbahia360.com.br\/?p=87624"},"modified":"2025-05-26T20:11:32","modified_gmt":"2025-05-26T23:11:32","slug":"mudancas-na-civil-delegado-explica-motivo-das-trocas-e-por-que-a-dh-nao-teve-alteracao","status":"publish","type":"post","link":"https:\/\/noticiasbahia360.com.br\/?p=87624","title":{"rendered":"Mudan\u00e7as na Civil: delegado explica motivo das trocas e por que a DH n\u00e3o teve altera\u00e7\u00e3o"},"content":{"rendered":"<div>\n<div>\n<figure><img decoding=\"async\" src=\"http:\/\/noticiasbahia360.com.br\/wp-content\/uploads\/2025\/05\/complexo-de-delegacias-de-Feira-de-Santana-no-Sobradinho-Foto-Ed-Santos-Acorda-Cidade-10.jpg\" alt=\"complexo de delegacias Sobradinho\"><figcaption>Foto: Ed Santos\/Acorda Cidade<\/figcaption><\/figure>\n<\/div>\n<p>\u201cNingu\u00e9m pode se eternizar no cargo. A verdade \u00e9 essa.\u201d Foi assim que o delegado de <a href=\"https:\/\/www.acordacidade.com.br\/tag\/policia-civil\/\">Pol\u00edcia Civil<\/a>, Yves Correia Correia, explicou o motivo das recentes mudan\u00e7as nas delegacias de Feira de Santana. Segundo ele, a rotatividade nas chefias \u00e9 um movimento natural e necess\u00e1rio para \u201coxigenar\u201d as unidades e fortalecer o trabalho da pol\u00edcia judici\u00e1ria.<\/p>\n<p><a href=\"https:\/\/www.acordacidade.com.br\/policia\/delegados-sao-exonerados-de-cargos-em-feira-de-santana-para-assumir-novas-funcoes-confira\/\" target=\"_blank\" rel=\"noreferrer noopener\">As altera\u00e7\u00f5es foram oficializadas no \u00faltimo s\u00e1bado (24), por meio de publica\u00e7\u00e3o no Di\u00e1rio Oficial do Estado da Bahia.<\/a> V\u00e1rios delegados foram exonerados e outros nomeados para diferentes unidades da Pol\u00edcia Civil na cidade. As mudan\u00e7as fazem parte de uma reestrutura\u00e7\u00e3o promovida pela Secretaria de Seguran\u00e7a P\u00fablica da Bahia (SSP-BA), que busca fortalecer os resultados e melhorar a atua\u00e7\u00e3o das delegacias do estado.<\/p>\n<p>\u201cA gest\u00e3o da Pol\u00edcia Civil, a todo momento, precisa realizar altera\u00e7\u00f5es nas unidades para oxigenar. Isso \u00e9 natural. Tivemos delegados aqui em Feira com mais de oito, at\u00e9 14 anos, na mesma unidade. Isso n\u00e3o \u00e9 salutar para nenhuma administra\u00e7\u00e3o. \u00c9 importante essa renova\u00e7\u00e3o, at\u00e9 para que cada colega tamb\u00e9m consiga dar um outro g\u00e1s, renovar o oxig\u00eanio em outras unidades policiais. \u00c9 importante para termos uma atividade policial mais forte. Ningu\u00e9m pode se eternizar no cargo\u201d, disse Yves.<\/p>\n<p>Apesar das mudan\u00e7as em v\u00e1rias delegacias, uma permaneceu exatamente como est\u00e1: a <strong>Delegacia de Homic\u00eddios<\/strong> (DH). E n\u00e3o foi por acaso. De acordo com o delegado, a decis\u00e3o foi tomada com base nos resultados expressivos da unidade, que vem se destacando na redu\u00e7\u00e3o dos \u00edndices de viol\u00eancia e no alto \u00edndice de elucida\u00e7\u00e3o de crimes.<\/p>\n<figure class=\"wp-block-image size-large\"><img fetchpriority=\"high\" data-dominant-color=\"757062\" data-has-transparency=\"false\" style=\"--dominant-color: #757062;\" fetchpriority=\"high\" decoding=\"async\" width=\"1024\" height=\"768\" sizes=\"(max-width: 1024px) 100vw, 1024px\" src=\"http:\/\/noticiasbahia360.com.br\/wp-content\/uploads\/2025\/05\/VzVWN0qX-yvescorreia_edsantos_acordacidade-1024x768-1.webp\" alt=\"Delegado Yves Correia\" class=\"wp-image-547479 not-transparent\" srcset=\"https:\/\/uploads.acordacidade.com.br\/2025\/04\/VzVWN0qX-yvescorreia_edsantos_acordacidade-300x225.webp 300w, http:\/\/noticiasbahia360.com.br\/wp-content\/uploads\/2025\/05\/VzVWN0qX-yvescorreia_edsantos_acordacidade-1024x768-1.webp 1024w, https:\/\/uploads.acordacidade.com.br\/2025\/04\/VzVWN0qX-yvescorreia_edsantos_acordacidade-768x576.webp 768w, https:\/\/uploads.acordacidade.com.br\/2025\/04\/VzVWN0qX-yvescorreia_edsantos_acordacidade-150x113.webp 150w, https:\/\/uploads.acordacidade.com.br\/2025\/04\/VzVWN0qX-yvescorreia_edsantos_acordacidade.webp 1200w\"><figcaption class=\"wp-element-caption\">Yves Correia | Foto: Ed Santos\/Acorda Cidade<\/figcaption><\/figure>\n<p>\u201cA DH tem sido um sucesso. \u00c9 um trabalho muito s\u00e9rio, que tem dado uma resposta muito forte em Feira. A gente tem \u00edndices importantes em redu\u00e7\u00e3o, batendo recorde a cada m\u00eas. \u00c9 quem de fato d\u00e1 a resposta. A equipe da DH est\u00e1 muito comprometida, com o Dr. Gustavo \u00e0 frente, sempre atuando junto com outras unidades\u201d, destacou em entrevista ao Acorda Cidade.<\/p>\n<p>Yves tamb\u00e9m destacou que a DH est\u00e1 recebendo refor\u00e7os, justamente para ampliar ainda mais a capacidade operacional. Segundo ele, o trabalho em conjunto com a Coordena\u00e7\u00e3o de Apoio T\u00e9cnico \u00e0 Investiga\u00e7\u00e3o),tem sido fundamental no cumprimento de mandados, pris\u00f5es e avan\u00e7o das investiga\u00e7\u00f5es.<\/p>\n<p>Outra quest\u00e3o que gerou questionamento foi o fato de algumas nomea\u00e7\u00f5es ainda n\u00e3o terem sido publicadas no Di\u00e1rio Oficial. O delegado explicou que se trata de um tr\u00e2mite burocr\u00e1tico, que n\u00e3o depende da gest\u00e3o local. \u201cOs atos acontecem de forma administrativa e, provavelmente, essa semana j\u00e1 devem estar saindo\u201d, pontuou.<\/p>\n<p>Yves ainda garantiu que o perfil dos novos delegados \u00e9 t\u00e9cnico e alinhado aos objetivos da Pol\u00edcia Civil: efici\u00eancia, integra\u00e7\u00e3o com outras unidades e respostas r\u00e1pidas \u00e0 sociedade.<\/p>\n<p>\u201cTudo o que a gente quer \u00e9 uma Pol\u00edcia Civil cada vez mais forte, trabalhando de forma integrada e irmanada com a Pol\u00edcia Militar, para dar a resposta que Feira de Santana e regi\u00e3o. Ent\u00e3o a ideia \u00e9 sempre progredir, regredir jamais\u201d, finalizou.<\/p>\n<h2 class=\"wp-block-heading\" id=\"h-mudancas-tambem-nos-enderecos\">Mudan\u00e7as tamb\u00e9m nos endere\u00e7os<\/h2>\n<p>Ap\u00f3s as mudan\u00e7as no comando, os endere\u00e7os de algumas unidades tamb\u00e9m v\u00e3o mudar. A Delegacia de Homic\u00eddios passa a funcionar no Conjunto Jomafa, no Complexo Policial Investigador Bandeira, onde tamb\u00e9m j\u00e1 opera a Delegacia de T\u00f3xicos e Entorpecentes (DTE). J\u00e1 a Delegacia de Repress\u00e3o a Furtos e Roubos (DRFR) ser\u00e1 transferida para o Complexo de Delegacias, no bairro Sobradinho.<\/p>\n<p><em>Com informa\u00e7\u00f5es do rep\u00f3rter Ed Santos do Acorda Cidade<\/em><\/p>\n<p><strong>Leia tamb\u00e9m: <\/strong><\/p>\n<p><a href=\"https:\/\/www.acordacidade.com.br\/policia\/delegados-sao-exonerados-de-cargos-em-feira-de-santana-para-assumir-novas-funcoes-confira\/\" target=\"_blank\" rel=\"noreferrer noopener\">Delegados s\u00e3o exonerados de cargos em Feira de Santana para assumir novas fun\u00e7\u00f5es; confira<\/a><\/p>\n<p><a href=\"https:\/\/www.acordacidade.com.br\/policia\/policia-militar-tem-troca-de-comandos-em-feira-de-santana-veja-as-mudancas\/\" target=\"_blank\" rel=\"noreferrer noopener\">Pol\u00edcia Militar tem troca de comandos em Feira de Santana; veja as mudan\u00e7as<\/a><\/p>\n<p>\u00a0<a href=\"https:\/\/www.acordacidade.com.br\/policia\/exonerada-da-deam-clecia-vasconcelos-vai-assumir-dai-em-feira-de-santana-decisao-gera-revolta\/\" target=\"_blank\" rel=\"noreferrer noopener\">Exonerada da Deam, Cl\u00e9cia Vasconcelos vai assumir DAI em Feira de Santana<\/a><\/p>\n<p><em>Siga o Acorda Cidade no<\/em><a href=\"https:\/\/news.google.com\/search?q=acorda%20cidade&amp;hl=pt-BR&amp;gl=BR&amp;ceid=BR%3Apt-419\"><strong><em>\u00a0Google Not\u00edcias<\/em><\/strong><\/a><em>\u00a0e receba os principais destaques do dia. Participe tamb\u00e9m dos nossos canais no\u00a0<\/em><a href=\"https:\/\/www.whatsapp.com\/channel\/0029Va6Rb4v3WHTNnsh8WI3N\"><strong><em>WhatsApp<\/em><\/strong><\/a><em>\u00a0e\u00a0<\/em><a href=\"https:\/\/www.youtube.com\/@acordacidadenoticias\/videos\"><strong>YouTube<\/strong><\/a><em>\u00a0e do grupo no\u00a0<\/em><a href=\"https:\/\/t.me\/+sSz0khrgARA0ZmRh\"><strong><em>Telegram<\/em><\/strong><\/a><\/p>\n<\/div>\n","protected":false},"excerpt":{"rendered":"<div>\n<div>\n<figure><img decoding=\"async\" src=\"https:\/\/uploads.acordacidade.com.br\/2024\/12\/complexo-de-delegacias-de-Feira-de-Santana-no-Sobradinho-Foto-Ed-Santos-Acorda-Cidade-10.jpg\" alt=\"complexo de delegacias Sobradinho\"><figcaption>Foto: Ed Santos\/Acorda Cidade<\/figcaption><\/figure>\n<\/div>\n<p>Ap\u00f3s as mudan\u00e7as no comando, os endere\u00e7os de duas unidades tamb\u00e9m v\u00e3o mudar.<\/p><\/div>\n","protected":false},"author":1,"featured_media":87625,"comment_status":"closed","ping_status":"closed","sticky":false,"template":"","format":"gallery","meta":{"footnotes":""},"categories":[8,9,6,57,56,10],"tags":[],"class_list":["post-87624","post","type-post","status-publish","format-gallery","has-post-thumbnail","hentry","category-bahia","category-brasil","category-feira-de-santana","category-mundo","category-policia","category-politica","post_format-post-format-gallery"],"featured_image_urls":{"full":["https:\/\/noticiasbahia360.com.br\/wp-content\/uploads\/2025\/05\/complexo-de-delegacias-de-Feira-de-Santana-no-Sobradinho-Foto-Ed-Santos-Acorda-Cidade-10.jpg",640,360,false],"thumbnail":["https:\/\/noticiasbahia360.com.br\/wp-content\/uploads\/2025\/05\/complexo-de-delegacias-de-Feira-de-Santana-no-Sobradinho-Foto-Ed-Santos-Acorda-Cidade-10-150x150.jpg",150,150,true],"medium":["https:\/\/noticiasbahia360.com.br\/wp-content\/uploads\/2025\/05\/complexo-de-delegacias-de-Feira-de-Santana-no-Sobradinho-Foto-Ed-Santos-Acorda-Cidade-10-300x169.jpg",300,169,true],"medium_large":["https:\/\/noticiasbahia360.com.br\/wp-content\/uploads\/2025\/05\/complexo-de-delegacias-de-Feira-de-Santana-no-Sobradinho-Foto-Ed-Santos-Acorda-Cidade-10.jpg",640,360,false],"large":["https:\/\/noticiasbahia360.com.br\/wp-content\/uploads\/2025\/05\/complexo-de-delegacias-de-Feira-de-Santana-no-Sobradinho-Foto-Ed-Santos-Acorda-Cidade-10.jpg",640,360,false],"1536x1536":["https:\/\/noticiasbahia360.com.br\/wp-content\/uploads\/2025\/05\/complexo-de-delegacias-de-Feira-de-Santana-no-Sobradinho-Foto-Ed-Santos-Acorda-Cidade-10.jpg",640,360,false],"2048x2048":["https:\/\/noticiasbahia360.com.br\/wp-content\/uploads\/2025\/05\/complexo-de-delegacias-de-Feira-de-Santana-no-Sobradinho-Foto-Ed-Santos-Acorda-Cidade-10.jpg",640,360,false],"chromenews-featured":["https:\/\/noticiasbahia360.com.br\/wp-content\/uploads\/2025\/05\/complexo-de-delegacias-de-Feira-de-Santana-no-Sobradinho-Foto-Ed-Santos-Acorda-Cidade-10.jpg",640,360,false],"chromenews-large":["https:\/\/noticiasbahia360.com.br\/wp-content\/uploads\/2025\/05\/complexo-de-delegacias-de-Feira-de-Santana-no-Sobradinho-Foto-Ed-Santos-Acorda-Cidade-10.jpg",640,360,false],"chromenews-medium":["https:\/\/noticiasbahia360.com.br\/wp-content\/uploads\/2025\/05\/complexo-de-delegacias-de-Feira-de-Santana-no-Sobradinho-Foto-Ed-Santos-Acorda-Cidade-10-590x360.jpg",590,360,true]},"author_info":{"display_name":"noticiasbahia360.com.br","author_link":"https:\/\/noticiasbahia360.com.br\/?author=1"},"category_info":"<a href=\"https:\/\/noticiasbahia360.com.br\/?cat=8\" rel=\"category\">Bahia<\/a> <a href=\"https:\/\/noticiasbahia360.com.br\/?cat=9\" rel=\"category\">Brasil<\/a> <a href=\"https:\/\/noticiasbahia360.com.br\/?cat=6\" rel=\"category\">Feira de Santana<\/a> <a href=\"https:\/\/noticiasbahia360.com.br\/?cat=57\" rel=\"category\">Mundo<\/a> <a href=\"https:\/\/noticiasbahia360.com.br\/?cat=56\" rel=\"category\">Pol\u00edcia<\/a> <a href=\"https:\/\/noticiasbahia360.com.br\/?cat=10\" rel=\"category\">Pol\u00edtica<\/a>","tag_info":"Pol\u00edtica","comment_count":"0","_links":{"self":[{"href":"https:\/\/noticiasbahia360.com.br\/index.php?rest_route=\/wp\/v2\/posts\/87624","targetHints":{"allow":["GET"]}}],"collection":[{"href":"https:\/\/noticiasbahia360.com.br\/index.php?rest_route=\/wp\/v2\/posts"}],"about":[{"href":"https:\/\/noticiasbahia360.com.br\/index.php?rest_route=\/wp\/v2\/types\/post"}],"author":[{"embeddable":true,"href":"https:\/\/noticiasbahia360.com.br\/index.php?rest_route=\/wp\/v2\/users\/1"}],"replies":[{"embeddable":true,"href":"https:\/\/noticiasbahia360.com.br\/index.php?rest_route=%2Fwp%2Fv2%2Fcomments&post=87624"}],"version-history":[{"count":0,"href":"https:\/\/noticiasbahia360.com.br\/index.php?rest_route=\/wp\/v2\/posts\/87624\/revisions"}],"wp:featuredmedia":[{"embeddable":true,"href":"https:\/\/noticiasbahia360.com.br\/index.php?rest_route=\/wp\/v2\/media\/87625"}],"wp:attachment":[{"href":"https:\/\/noticiasbahia360.com.br\/index.php?rest_route=%2Fwp%2Fv2%2Fmedia&parent=87624"}],"wp:term":[{"taxonomy":"category","embeddable":true,"href":"https:\/\/noticiasbahia360.com.br\/index.php?rest_route=%2Fwp%2Fv2%2Fcategories&post=87624"},{"taxonomy":"post_tag","embeddable":true,"href":"https:\/\/noticiasbahia360.com.br\/index.php?rest_route=%2Fwp%2Fv2%2Ftags&post=87624"}],"curies":[{"name":"wp","href":"https:\/\/api.w.org\/{rel}","templated":true}]}}