{"id":87631,"date":"2025-05-26T21:32:24","date_gmt":"2025-05-27T00:32:24","guid":{"rendered":"https:\/\/noticiasbahia360.com.br\/?p=87631"},"modified":"2025-05-26T21:32:24","modified_gmt":"2025-05-27T00:32:24","slug":"a-zamioculca-parece-uma-planta-artificial-mas-vive-bem-com-1-rega-por-mes","status":"publish","type":"post","link":"https:\/\/noticiasbahia360.com.br\/?p=87631","title":{"rendered":"A zamioculca parece uma planta artificial, mas vive bem com 1 rega por m\u00eas"},"content":{"rendered":"<div>\n<div>\n<figure><img decoding=\"async\" src=\"http:\/\/noticiasbahia360.com.br\/wp-content\/uploads\/2025\/05\/bS4dA9Se-Zamioculca-parece-artificial-mas-vive-com-1-rega-por-mes.webp\" alt=\"Zamioculca parece artificial, mas vive com 1 rega por m\u00eas\"><figcaption>Zamioculca parece artificial, mas vive com 1 rega por m\u00eas<\/figcaption><\/figure>\n<\/div>\n<p>Voc\u00ea j\u00e1 parou para observar uma <a href=\"https:\/\/www.acordacidade.com.br\/tag\/plantas\/\">planta <\/a>t\u00e3o perfeita que quase parece de pl\u00e1stico? Folhas sim\u00e9tricas, brilho intenso, nenhuma marca de ressecamento ou dano \u2014 uma apar\u00eancia t\u00e3o imaculada que engana qualquer um. Agora imagine que essa planta n\u00e3o s\u00f3 \u00e9 real, como tamb\u00e9m sobrevive tranquilamente com uma \u00fanica rega por m\u00eas. Estamos falando da resistente zamioculca, uma das esp\u00e9cies mais amadas por quem quer verde dentro de casa, mas n\u00e3o tem tempo (ou mem\u00f3ria) para cuidar.<\/p>\n<h2 class=\"wp-block-heading\" id=\"h-zamioculca-resistencia-e-beleza-em-uma-so-planta\">Zamioculca: resist\u00eancia e beleza em uma s\u00f3 planta<\/h2>\n<p>A zamioculca (Zamioculcas zamiifolia) vem da \u00c1frica Oriental e ganhou o mundo com um apelo quase irrecus\u00e1vel: ela \u00e9 linda e quase indestrut\u00edvel. Seu visual impec\u00e1vel chama aten\u00e7\u00e3o em qualquer ambiente, mas o que realmente encanta \u00e9 sua capacidade de sobreviver a condi\u00e7\u00f5es adversas \u2014 desde baixa luminosidade at\u00e9 longos per\u00edodos sem \u00e1gua.<\/p>\n<p>Quem j\u00e1 se frustrou tentando cuidar de plantas mais exigentes, como samambaias ou violetas, costuma se surpreender com a zamioculca. Ela se mant\u00e9m verde e vi\u00e7osa mesmo esquecida em um canto sombrio da sala. Para muitas pessoas, essa planta representa uma segunda chance na jardinagem.<\/p>\n<h3 class=\"wp-block-heading\" id=\"h-um-sistema-de-sobrevivencia-proprio\">Um sistema de sobreviv\u00eancia pr\u00f3prio<\/h3>\n<p>O segredo da zamioculca est\u00e1 em sua estrutura. Suas folhas grossas armazenam \u00e1gua, como acontece com cactos e outras suculentas. Mas o diferencial s\u00e3o seus rizomas \u2014 estruturas subterr\u00e2neas parecidas com batatas \u2014 que acumulam grande quantidade de umidade, funcionando como tanques de reserva.<\/p>\n<p>Gra\u00e7as a esse mecanismo, a planta pode ser regada apenas uma vez a cada 30 dias, sem preju\u00edzo \u00e0 sua sa\u00fade. Em ambientes \u00famidos, pode at\u00e9 passar ainda mais tempo sem \u00e1gua. O que mata a zamioculca, na verdade, \u00e9 o excesso de zelo: regas frequentes demais causam apodrecimento das ra\u00edzes e colapso da planta.<\/p>\n<h3 class=\"wp-block-heading\" id=\"h-a-zamioculca-e-ideal-para-ambientes-internos\">A zamioculca \u00e9 ideal para ambientes internos<\/h3>\n<p>A zamioculca \u00e9 uma planta que se adapta como poucas a espa\u00e7os internos. Escrit\u00f3rios, banheiros sem janela, corredores escuros, salas com ar-condicionado: ela tolera tudo isso sem reclamar. Embora se desenvolva melhor com luz difusa, ela sobrevive com ilumina\u00e7\u00e3o artificial sem perder o brilho.<\/p>\n<p>O crescimento \u00e9 lento, o que significa que ela n\u00e3o precisa de podas frequentes, nem trocas constantes de vaso. Em outras palavras, ela \u00e9 uma planta que pede pouco e entrega muito \u2014 exatamente o oposto das esp\u00e9cies mais exigentes que desistem da gente ao menor sinal de distra\u00e7\u00e3o.<\/p>\n<h3 class=\"wp-block-heading\" id=\"h-cuidados-essenciais-e-muito-simples\">Cuidados essenciais (e muito simples)<\/h3>\n<p>Mesmo sendo extremamente resistente, a zamioculca precisa de alguns cuidados b\u00e1sicos. E o principal deles \u00e9 a escolha do vaso. Use um recipiente com furos de drenagem e evite deixar o prato acumulando \u00e1gua. Um solo bem aerado e rico em mat\u00e9ria org\u00e2nica \u00e9 ideal \u2014 se poss\u00edvel, adicione perlita ou areia para ajudar na drenagem.<\/p>\n<p>Na hora de regar, nada de exageros: coloque \u00e1gua apenas quando o solo estiver completamente seco. Um bom teste \u00e9 enfiar o dedo na terra at\u00e9 a segunda falange; se estiver \u00famido, n\u00e3o regue. E lembre-se: em ambientes mais escuros, o intervalo entre as regas deve ser ainda maior.<\/p>\n<h3 class=\"wp-block-heading\" id=\"h-zamioculca-tem-flor\">Zamioculca tem flor?<\/h3>\n<p>Sim, mas \u00e9 raro. Em ambientes naturais ou com muita luz, a zamioculca pode produzir flores discretas, em forma de espata, parecidas com as do ant\u00fario. No entanto, a beleza principal continua sendo sua folhagem. \u00c9 ela que rouba a cena com aquele verde escuro brilhante que quase ningu\u00e9m acredita ser real.<\/p>\n<p>\u00c9 comum que a planta permane\u00e7a anos sem florescer, principalmente se cultivada em interiores. Mas isso n\u00e3o \u00e9 sinal de problema \u2014 apenas uma caracter\u00edstica do seu ciclo e da prioridade que a planta d\u00e1 \u00e0 sobreviv\u00eancia e n\u00e3o \u00e0 reprodu\u00e7\u00e3o.<\/p>\n<h3 class=\"wp-block-heading\" id=\"h-atencao-com-pets-e-criancas\">Aten\u00e7\u00e3o com pets e crian\u00e7as<\/h3>\n<p>Apesar de parecer inofensiva, a zamioculca \u00e9 t\u00f3xica. Todas as partes da planta cont\u00eam oxalato de c\u00e1lcio, uma subst\u00e2ncia que pode causar irrita\u00e7\u00f5es em contato com a mucosa ou, em casos de ingest\u00e3o, rea\u00e7\u00f5es mais graves como n\u00e1useas e v\u00f4mitos.<\/p>\n<p>Por isso, se voc\u00ea tem animais curiosos ou crian\u00e7as pequenas em casa, posicione a planta fora do alcance deles. Cuidando bem da localiza\u00e7\u00e3o, ela n\u00e3o apresenta riscos.<\/p>\n<h3 class=\"wp-block-heading\" id=\"h-por-que-tanta-gente-confunde-a-zamioculca-com-planta-artificial\">Por que tanta gente confunde a zamioculca com planta artificial?<\/h3>\n<p>A combina\u00e7\u00e3o entre folhas firmes, brilho natural, formato sim\u00e9trico e baixa taxa de crescimento d\u00e1 \u00e0 zamioculca um ar artificial. Ela \u00e9 o tipo de planta que parece ter sa\u00eddo de uma vitrine de loja de decora\u00e7\u00e3o. Justamente por isso, muitos decoradores e arquitetos a utilizam como pe\u00e7a de destaque em projetos de interiores.<\/p>\n<p>A durabilidade e o aspecto sempre \u201climpo\u201d da planta favorecem essa confus\u00e3o. Quem v\u00ea, jura que \u00e9 pl\u00e1stico. Quem cuida, sabe que \u00e9 pura resist\u00eancia natural.<\/p>\n<p>Se voc\u00ea procura uma planta que se encaixe na sua rotina, n\u00e3o d\u00ea trabalho, suporte sombra e ainda traga um toque de sofistica\u00e7\u00e3o para os ambientes, a resposta \u00e9 sim. A zamioculca n\u00e3o exige muito, mas entrega presen\u00e7a, beleza e praticidade como poucas.<\/p>\n<p>\u00c9 ideal para quem est\u00e1 come\u00e7ando a montar um cantinho verde e tamb\u00e9m para quem j\u00e1 tem experi\u00eancia, mas quer algo mais autossuficiente. Afinal, o verde que sobrevive sem drama \u00e9 o verde que fica.<\/p>\n<\/div>\n","protected":false},"excerpt":{"rendered":"<div>\n<div>\n<figure><img decoding=\"async\" src=\"https:\/\/uploads.acordacidade.com.br\/2025\/05\/bS4dA9Se-Zamioculca-parece-artificial-mas-vive-com-1-rega-por-mes.webp\" alt=\"Zamioculca parece artificial, mas vive com 1 rega por m\u00eas\"><figcaption>Zamioculca parece artificial, mas vive com 1 rega por m\u00eas<\/figcaption><\/figure>\n<\/div>\n<p>A zamioculca parece de pl\u00e1stico, mas \u00e9 real: exige s\u00f3 1 rega mensal. Veja por que ela \u00e9 perfeita para interiores.<\/p><\/div>\n","protected":false},"author":1,"featured_media":87632,"comment_status":"closed","ping_status":"closed","sticky":false,"template":"","format":"gallery","meta":{"footnotes":""},"categories":[8,9,6,57,56,10],"tags":[],"class_list":["post-87631","post","type-post","status-publish","format-gallery","has-post-thumbnail","hentry","category-bahia","category-brasil","category-feira-de-santana","category-mundo","category-policia","category-politica","post_format-post-format-gallery"],"featured_image_urls":{"full":["https:\/\/noticiasbahia360.com.br\/wp-content\/uploads\/2025\/05\/bS4dA9Se-Zamioculca-parece-artificial-mas-vive-com-1-rega-por-mes.webp",1536,1024,false],"thumbnail":["https:\/\/noticiasbahia360.com.br\/wp-content\/uploads\/2025\/05\/bS4dA9Se-Zamioculca-parece-artificial-mas-vive-com-1-rega-por-mes-150x150.webp",150,150,true],"medium":["https:\/\/noticiasbahia360.com.br\/wp-content\/uploads\/2025\/05\/bS4dA9Se-Zamioculca-parece-artificial-mas-vive-com-1-rega-por-mes-300x200.webp",300,200,true],"medium_large":["https:\/\/noticiasbahia360.com.br\/wp-content\/uploads\/2025\/05\/bS4dA9Se-Zamioculca-parece-artificial-mas-vive-com-1-rega-por-mes-768x512.webp",640,427,true],"large":["https:\/\/noticiasbahia360.com.br\/wp-content\/uploads\/2025\/05\/bS4dA9Se-Zamioculca-parece-artificial-mas-vive-com-1-rega-por-mes-1024x683.webp",640,427,true],"1536x1536":["https:\/\/noticiasbahia360.com.br\/wp-content\/uploads\/2025\/05\/bS4dA9Se-Zamioculca-parece-artificial-mas-vive-com-1-rega-por-mes.webp",1536,1024,false],"2048x2048":["https:\/\/noticiasbahia360.com.br\/wp-content\/uploads\/2025\/05\/bS4dA9Se-Zamioculca-parece-artificial-mas-vive-com-1-rega-por-mes.webp",1536,1024,false],"chromenews-featured":["https:\/\/noticiasbahia360.com.br\/wp-content\/uploads\/2025\/05\/bS4dA9Se-Zamioculca-parece-artificial-mas-vive-com-1-rega-por-mes-1024x683.webp",1024,683,true],"chromenews-large":["https:\/\/noticiasbahia360.com.br\/wp-content\/uploads\/2025\/05\/bS4dA9Se-Zamioculca-parece-artificial-mas-vive-com-1-rega-por-mes-825x575.webp",825,575,true],"chromenews-medium":["https:\/\/noticiasbahia360.com.br\/wp-content\/uploads\/2025\/05\/bS4dA9Se-Zamioculca-parece-artificial-mas-vive-com-1-rega-por-mes-590x410.webp",590,410,true]},"author_info":{"display_name":"noticiasbahia360.com.br","author_link":"https:\/\/noticiasbahia360.com.br\/?author=1"},"category_info":"<a href=\"https:\/\/noticiasbahia360.com.br\/?cat=8\" rel=\"category\">Bahia<\/a> <a href=\"https:\/\/noticiasbahia360.com.br\/?cat=9\" rel=\"category\">Brasil<\/a> <a href=\"https:\/\/noticiasbahia360.com.br\/?cat=6\" rel=\"category\">Feira de Santana<\/a> <a href=\"https:\/\/noticiasbahia360.com.br\/?cat=57\" rel=\"category\">Mundo<\/a> <a href=\"https:\/\/noticiasbahia360.com.br\/?cat=56\" rel=\"category\">Pol\u00edcia<\/a> <a href=\"https:\/\/noticiasbahia360.com.br\/?cat=10\" rel=\"category\">Pol\u00edtica<\/a>","tag_info":"Pol\u00edtica","comment_count":"0","_links":{"self":[{"href":"https:\/\/noticiasbahia360.com.br\/index.php?rest_route=\/wp\/v2\/posts\/87631","targetHints":{"allow":["GET"]}}],"collection":[{"href":"https:\/\/noticiasbahia360.com.br\/index.php?rest_route=\/wp\/v2\/posts"}],"about":[{"href":"https:\/\/noticiasbahia360.com.br\/index.php?rest_route=\/wp\/v2\/types\/post"}],"author":[{"embeddable":true,"href":"https:\/\/noticiasbahia360.com.br\/index.php?rest_route=\/wp\/v2\/users\/1"}],"replies":[{"embeddable":true,"href":"https:\/\/noticiasbahia360.com.br\/index.php?rest_route=%2Fwp%2Fv2%2Fcomments&post=87631"}],"version-history":[{"count":0,"href":"https:\/\/noticiasbahia360.com.br\/index.php?rest_route=\/wp\/v2\/posts\/87631\/revisions"}],"wp:featuredmedia":[{"embeddable":true,"href":"https:\/\/noticiasbahia360.com.br\/index.php?rest_route=\/wp\/v2\/media\/87632"}],"wp:attachment":[{"href":"https:\/\/noticiasbahia360.com.br\/index.php?rest_route=%2Fwp%2Fv2%2Fmedia&parent=87631"}],"wp:term":[{"taxonomy":"category","embeddable":true,"href":"https:\/\/noticiasbahia360.com.br\/index.php?rest_route=%2Fwp%2Fv2%2Fcategories&post=87631"},{"taxonomy":"post_tag","embeddable":true,"href":"https:\/\/noticiasbahia360.com.br\/index.php?rest_route=%2Fwp%2Fv2%2Ftags&post=87631"}],"curies":[{"name":"wp","href":"https:\/\/api.w.org\/{rel}","templated":true}]}}